{"id":63164,"date":"2019-02-22T16:55:41","date_gmt":"2019-02-22T22:55:41","guid":{"rendered":"https:\/\/www.uv.mx\/prensa\/?p=63164"},"modified":"2019-02-26T11:23:06","modified_gmt":"2019-02-26T17:23:06","slug":"uv-sede-de-curso-para-entrenadores-olimpicos-de-matematicas","status":"publish","type":"post","link":"https:\/\/www.uv.mx\/prensa\/general\/uv-sede-de-curso-para-entrenadores-olimpicos-de-matematicas\/","title":{"rendered":"UV, sede de curso para entrenadores ol\u00edmpicos de Matem\u00e1ticas"},"content":{"rendered":"<ul>\n<li data-leveltext=\"\uf0b7\" data-font=\"Symbol\" data-listid=\"3\" data-aria-posinset=\"1\" data-aria-level=\"1\"><i>Del 21 al 23 de febrero participan 70 profesores de nivel secundaria y bachillerato<\/i><span data-ccp-props=\"{&quot;134233279&quot;:true,&quot;201341983&quot;:0,&quot;335559739&quot;:160,&quot;335559740&quot;:240}\">\u00a0<\/span><\/li>\n<li data-leveltext=\"\uf0b7\" data-font=\"Symbol\" data-listid=\"3\" data-aria-posinset=\"2\" data-aria-level=\"1\"><i>La tem\u00e1tica del curso aba<\/i><i>rca \u00e1<\/i><i>lgebra y <\/i><i>t<\/i><i>eor\u00eda de <\/i><i>n<\/i><i>\u00fameros<\/i><span data-ccp-props=\"{&quot;134233279&quot;:true,&quot;201341983&quot;:0,&quot;335559739&quot;:160,&quot;335559740&quot;:240}\">\u00a0<\/span><\/li>\n<li data-leveltext=\"\uf0b7\" data-font=\"Symbol\" data-listid=\"3\" data-aria-posinset=\"3\" data-aria-level=\"1\"><i>El prop\u00f3sito es difundir el estudio de las matem\u00e1ticas e<\/i><i>n todas las regiones del <\/i><i>e<\/i><i>stado<\/i><span data-ccp-props=\"{&quot;134233279&quot;:true,&quot;201341983&quot;:0,&quot;335559739&quot;:160,&quot;335559740&quot;:240}\">\u00a0<\/span><\/li>\n<\/ul>\n<p>&nbsp;<\/p>\n<div id=\"attachment_63096\" style=\"width: 732px\" class=\"wp-caption aligncenter\"><a href=\"https:\/\/www.uv.mx\/prensa\/files\/2019\/02\/210219-CURSO-MATEMaTICAS-1.jpg\"><img loading=\"lazy\" decoding=\"async\" aria-describedby=\"caption-attachment-63096\" class=\"size-full wp-image-63096\" src=\"https:\/\/www.uv.mx\/prensa\/files\/2019\/02\/210219-CURSO-MATEMaTICAS-1.jpg\" alt=\"\" width=\"722\" height=\"482\" srcset=\"https:\/\/www.uv.mx\/prensa\/files\/2019\/02\/210219-CURSO-MATEMaTICAS-1.jpg 722w, https:\/\/www.uv.mx\/prensa\/files\/2019\/02\/210219-CURSO-MATEMaTICAS-1-300x200.jpg 300w\" sizes=\"auto, (max-width: 722px) 100vw, 722px\" \/><\/a><p id=\"caption-attachment-63096\" class=\"wp-caption-text\">Francisco Gabriel Hern\u00e1ndez y Raquiel Rufino L\u00f3pez<\/p><\/div>\n<p>&nbsp;<\/p>\n<p><b><i>Claudia Peralta V\u00e1zquez<\/i><\/b><span data-ccp-props=\"{&quot;201341983&quot;:0,&quot;335559739&quot;:160,&quot;335559740&quot;:240}\">\u00a0<\/span><\/p>\n<p><b><i>22<\/i><\/b><b><i>\/02\/<\/i><\/b><b><i>19, Xalapa, <\/i><\/b><b><i>Ver.-<\/i><\/b> La<a href=\"https:\/\/www.uv.mx\/matematicas\/\"> Facultad de Matem\u00e1ticas de la Universidad Veracruzana<\/a> (UV) es sede \u2013del 21 al 23 de febrero\u2013 del curso \u201c\u00c1lgebra y teor\u00eda de n\u00fameros para entrenadores ol\u00edmpicos\u201d, el cual es impartido a 70 profesores de nivel secundaria y bachillerato de todo el estado de Veracruz, por parte de expertos de la Facultad de Ciencias de la Universidad Nacional Aut\u00f3noma de M\u00e9xico (UNAM).\u00a0<span data-ccp-props=\"{&quot;201341983&quot;:0,&quot;335559739&quot;:160,&quot;335559740&quot;:240}\">\u00a0<\/span><\/p>\n<p>Esta preparaci\u00f3n intensiva de ocho horas diarias fue organizada por la Delegaci\u00f3n Estatal de la Olimpiada Mexicana de Matem\u00e1ticas (OMM), con el apoyo del Comit\u00e9 Organizador de este organismo a nivel nacional. La finalidad es capacitar a profesores de secundaria y bachillerato interesados en trabajar con alumnos en la fase de entrenamiento para los concursos de la OMM, en la que Veracruz ha sido reconocida.<span data-ccp-props=\"{&quot;201341983&quot;:0,&quot;335559731&quot;:708,&quot;335559739&quot;:160,&quot;335559740&quot;:240}\">\u00a0<\/span><\/p>\n<p>Este jueves 21 de febrero, Raquiel Rufino L\u00f3pez Mart\u00ednez, director de la Facultad de Matem\u00e1ticas, dio la bienvenida a los participantes, as\u00ed como a Luis Eduardo Garc\u00eda Hern\u00e1ndez y C\u00e9sar Ernesto Rodr\u00edguez Ang\u00f3n, capacitadores enviados por el Comit\u00e9 Organizador de la OMM.<span data-ccp-props=\"{&quot;201341983&quot;:0,&quot;335559731&quot;:708,&quot;335559739&quot;:160,&quot;335559740&quot;:240}\">\u00a0<\/span><\/p>\n<p>En su mensaje, destac\u00f3 que como depositarios del conocimiento matem\u00e1tico, esta entidad acad\u00e9mica mantiene la obligaci\u00f3n moral de compartirlo con profesores de dichos niveles educativos para contribuir en su formaci\u00f3n y en beneficio de los procesos de ense\u00f1anza-aprendizaje de los j\u00f3venes veracruzanos.<span data-ccp-props=\"{&quot;201341983&quot;:0,&quot;335559731&quot;:708,&quot;335559739&quot;:160,&quot;335559740&quot;:240}\">\u00a0<\/span><\/p>\n<p>\u201cQueremos fomentar el gusto por las matem\u00e1ticas entre los j\u00f3venes veracruzanos y que los profesores cada d\u00eda est\u00e9n mejor capacitados.\u201d<span data-ccp-props=\"{&quot;201341983&quot;:0,&quot;335559731&quot;:708,&quot;335559739&quot;:160,&quot;335559740&quot;:240}\">\u00a0<\/span><\/p>\n<p>Coment\u00f3 que el a\u00f1o pasado se ofrecieron alrededor de cuatro cursos similares, y en 2019, aparte de \u00e9ste se contempla impartir un diplomado disciplinar tambi\u00e9n para tutores de ambos niveles.\u00a0<span data-ccp-props=\"{&quot;201341983&quot;:0,&quot;335559731&quot;:708,&quot;335559739&quot;:160,&quot;335559740&quot;:240}\">\u00a0<\/span><\/p>\n<p>&nbsp;<\/p>\n<div id=\"attachment_63097\" style=\"width: 732px\" class=\"wp-caption aligncenter\"><a href=\"https:\/\/www.uv.mx\/prensa\/files\/2019\/02\/210219-CURSO-MATEMaTICAS-2.jpg\"><img loading=\"lazy\" decoding=\"async\" aria-describedby=\"caption-attachment-63097\" class=\"size-full wp-image-63097\" src=\"https:\/\/www.uv.mx\/prensa\/files\/2019\/02\/210219-CURSO-MATEMaTICAS-2.jpg\" alt=\"\" width=\"722\" height=\"482\" srcset=\"https:\/\/www.uv.mx\/prensa\/files\/2019\/02\/210219-CURSO-MATEMaTICAS-2.jpg 722w, https:\/\/www.uv.mx\/prensa\/files\/2019\/02\/210219-CURSO-MATEMaTICAS-2-300x200.jpg 300w\" sizes=\"auto, (max-width: 722px) 100vw, 722px\" \/><\/a><p id=\"caption-attachment-63097\" class=\"wp-caption-text\">La Facultad de Matem\u00e1ticas de la UV es sede del curso \u201c\u00c1lgebra y teor\u00eda de n\u00fameros para entrenadores ol\u00edmpicos\u201d<\/p><\/div>\n<p>&nbsp;<\/p>\n<p>Francisco Gabriel Hern\u00e1ndez Zamora, delegado estatal de la OMM, dio a conocer que ante la demanda de los docentes por contar con material y herramientas para preparar a sus estudiantes, se contact\u00f3 al Comit\u00e9 Organizador del cual recibieron apoyo.<span data-ccp-props=\"{&quot;201341983&quot;:0,&quot;335559731&quot;:708,&quot;335559739&quot;:160,&quot;335559740&quot;:240}\">\u00a0<\/span><\/p>\n<p>En esta ocasi\u00f3n participan profesores de los sistemas de telebachillerato y telesecundaria, de la Direcci\u00f3n General de Bachillerato, secundarias estatales y del Centro de Estudios Cient\u00edficos y Tecnol\u00f3gicos del Estado de Veracruz (CECYTEV).<span data-ccp-props=\"{&quot;201341983&quot;:0,&quot;335559739&quot;:160,&quot;335559740&quot;:240}\">\u00a0<\/span><\/p>\n<p>Resalt\u00f3 que el estado de Veracruz tiene una buena tradici\u00f3n en este tipo de concursos. El a\u00f1o pasado, por ejemplo, se posicion\u00f3 entre los primeros lugares a nivel nacional donde obtuvo una medalla de oro, dos de plata e igual n\u00famero de bronce.<span data-ccp-props=\"{&quot;201341983&quot;:0,&quot;335559731&quot;:708,&quot;335559739&quot;:160,&quot;335559740&quot;:240}\">\u00a0<\/span><\/p>\n<p>Cit\u00f3 el caso de Iv\u00e1n Garc\u00eda Mestiza, originario de Mart\u00ednez de la Torre, quien en 2018 obtuvo medalla de oro y fue seleccionado por el Comit\u00e9 Internacional para participar en las competencias que se desarrollar\u00e1n este a\u00f1o en Inglaterra y en otras partes del Continente Americano.<span data-ccp-props=\"{&quot;201341983&quot;:0,&quot;335559739&quot;:160,&quot;335559740&quot;:240}\">\u00a0<\/span><\/p>\n<p>Relat\u00f3 que en un principio la Escuela de Bachilleres \u201cRicardo Flores Mag\u00f3n\u201d, conocida como Oficial B, era una de las favoritas en obtener medallas a nivel estatal; sin embargo, a ra\u00edz de estos cursos que se ofertaron hace 15 a\u00f1os para los entrenadores de olimpiadas los ganadores empezaron a surgir de otras regiones como: Coatzacoalcos, Poza Rica, Mart\u00ednez de la Torre y Minatitl\u00e1n.<span data-ccp-props=\"{&quot;201341983&quot;:0,&quot;335559739&quot;:160,&quot;335559740&quot;:240}\">\u00a0<\/span><\/p>\n<p>El objetivo principal de la formaci\u00f3n para olimpiadas consiste en no impartir mucho conocimiento formal, definiciones o conceptos, dijo el acad\u00e9mico de la Facultad de Matem\u00e1ticas de la UV. \u201cCon los m\u00ednimos conocimientos y su ingenio, un ni\u00f1o de primaria debe ser capaz de resolver y atacar un problema de olimpiada\u201d.<span data-ccp-props=\"{&quot;201341983&quot;:0,&quot;335559731&quot;:708,&quot;335559739&quot;:160,&quot;335559740&quot;:240}\">\u00a0<\/span><\/p>\n<p>Sobre los temas que abarcar\u00e1 el curso, explic\u00f3 que el \u00e1lgebra trabaja con n\u00fameros representados con letras y s\u00edmbolos, mientras que la teor\u00eda de n\u00fameros es similar a la aritm\u00e9tica pero ve propiedades no tan palpables.<span data-ccp-props=\"{&quot;201341983&quot;:0,&quot;335559731&quot;:708,&quot;335559739&quot;:160,&quot;335559740&quot;:240}\">\u00a0<\/span><\/p>\n<p>Asimismo, subray\u00f3 que las ventajas para un alumno con aptitudes matem\u00e1ticas no se traducen en adquirir mayor conocimiento, sino en habilidades para desarrollar sus estudios y visualizar mejor cualquier problema emocional, econ\u00f3mico y social que se le presente.<span data-ccp-props=\"{&quot;201341983&quot;:0,&quot;335559731&quot;:708,&quot;335559739&quot;:160,&quot;335559740&quot;:240}\">\u00a0<\/span><\/p>\n<p>\u201cNos gustar\u00eda que los chicos de matem\u00e1ticas estudiaran esta licenciatura, pero la mayor\u00eda elige carreras como Ingenier\u00eda Qu\u00edmica, Mecatr\u00f3nica, de Humanidades u otras ingenier\u00edas.\u201d<span data-ccp-props=\"{&quot;201341983&quot;:0,&quot;335559739&quot;:160,&quot;335559740&quot;:240}\">\u00a0<\/span><\/p>\n<p>&nbsp;<\/p>\n<div id=\"attachment_63098\" style=\"width: 732px\" class=\"wp-caption aligncenter\"><a href=\"https:\/\/www.uv.mx\/prensa\/files\/2019\/02\/210219-CURSO-MATEMaTICAS-3.jpg\"><img loading=\"lazy\" decoding=\"async\" aria-describedby=\"caption-attachment-63098\" class=\"size-full wp-image-63098\" src=\"https:\/\/www.uv.mx\/prensa\/files\/2019\/02\/210219-CURSO-MATEMaTICAS-3.jpg\" alt=\"\" width=\"722\" height=\"482\" srcset=\"https:\/\/www.uv.mx\/prensa\/files\/2019\/02\/210219-CURSO-MATEMaTICAS-3.jpg 722w, https:\/\/www.uv.mx\/prensa\/files\/2019\/02\/210219-CURSO-MATEMaTICAS-3-300x200.jpg 300w\" sizes=\"auto, (max-width: 722px) 100vw, 722px\" \/><\/a><p id=\"caption-attachment-63098\" class=\"wp-caption-text\">Alrededor de 70 profesores de nivel secundaria y bachillerato participan en el curso de matem\u00e1ticas<\/p><\/div>\n","protected":false},"excerpt":{"rendered":"<p>Las ventajas para un alumno con aptitudes matem\u00e1ticas no se traducen en adquirir mayor conocimiento, sino en habilidades para desarrollar mejor sus estudios y visualizar problemas<\/p>\n","protected":false},"author":1508,"featured_media":63097,"comment_status":"closed","ping_status":"closed","sticky":false,"template":"","format":"standard","meta":{"footnotes":""},"categories":[1],"tags":[],"class_list":["post-63164","post","type-post","status-publish","format-standard","has-post-thumbnail","hentry","category-general"],"_links":{"self":[{"href":"https:\/\/www.uv.mx\/prensa\/wp-json\/wp\/v2\/posts\/63164","targetHints":{"allow":["GET"]}}],"collection":[{"href":"https:\/\/www.uv.mx\/prensa\/wp-json\/wp\/v2\/posts"}],"about":[{"href":"https:\/\/www.uv.mx\/prensa\/wp-json\/wp\/v2\/types\/post"}],"author":[{"embeddable":true,"href":"https:\/\/www.uv.mx\/prensa\/wp-json\/wp\/v2\/users\/1508"}],"replies":[{"embeddable":true,"href":"https:\/\/www.uv.mx\/prensa\/wp-json\/wp\/v2\/comments?post=63164"}],"version-history":[{"count":0,"href":"https:\/\/www.uv.mx\/prensa\/wp-json\/wp\/v2\/posts\/63164\/revisions"}],"wp:featuredmedia":[{"embeddable":true,"href":"https:\/\/www.uv.mx\/prensa\/wp-json\/wp\/v2\/media\/63097"}],"wp:attachment":[{"href":"https:\/\/www.uv.mx\/prensa\/wp-json\/wp\/v2\/media?parent=63164"}],"wp:term":[{"taxonomy":"category","embeddable":true,"href":"https:\/\/www.uv.mx\/prensa\/wp-json\/wp\/v2\/categories?post=63164"},{"taxonomy":"post_tag","embeddable":true,"href":"https:\/\/www.uv.mx\/prensa\/wp-json\/wp\/v2\/tags?post=63164"}],"curies":[{"name":"wp","href":"https:\/\/api.w.org\/{rel}","templated":true}]}}