{"id":62845,"date":"2019-02-18T13:13:25","date_gmt":"2019-02-18T19:13:25","guid":{"rendered":"https:\/\/www.uv.mx\/prensa\/?p=62845"},"modified":"2022-12-15T11:00:35","modified_gmt":"2022-12-15T17:00:35","slug":"halcones-uv-avanza-en-el-torneo-telmex","status":"publish","type":"post","link":"https:\/\/www.uv.mx\/prensa\/deportes\/halcones-uv-avanza-en-el-torneo-telmex\/","title":{"rendered":"<i>Halcones<\/i> UV avanzan en el Torneo <i>Telmex<\/i>"},"content":{"rendered":"<ul>\n<li><i>En la rama varonil gan\u00f3 3-2 a la UVM<\/i><i> Campus<\/i><i> G<\/i><i>uadalajara <\/i><i>Sur, y en la femenil <\/i><i>empat\u00f3 1-1<\/i><i> ante la UNAM<\/i><\/li>\n<\/ul>\n<p>&nbsp;<\/p>\n<div id=\"attachment_62846\" style=\"width: 732px\" class=\"wp-caption aligncenter\"><a href=\"https:\/\/www.uv.mx\/prensa\/files\/2019\/02\/180219-TELMEX-BUEN-TRIUNFO-100k.jpg\"><img aria-describedby=\"caption-attachment-62846\" decoding=\"async\" loading=\"lazy\" class=\"size-full wp-image-62846\" src=\"https:\/\/www.uv.mx\/prensa\/files\/2019\/02\/180219-TELMEX-BUEN-TRIUNFO-100k.jpg\" alt=\"\" width=\"722\" height=\"406\" srcset=\"https:\/\/www.uv.mx\/prensa\/files\/2019\/02\/180219-TELMEX-BUEN-TRIUNFO-100k.jpg 722w, https:\/\/www.uv.mx\/prensa\/files\/2019\/02\/180219-TELMEX-BUEN-TRIUNFO-100k-300x169.jpg 300w\" sizes=\"(max-width: 722px) 100vw, 722px\" \/><\/a><p id=\"caption-attachment-62846\" class=\"wp-caption-text\">En su pr\u00f3ximo encuentro,\u00a0<em>Halcones<\/em> visitar\u00e1 a la UNAM, el 24 de febrero<\/p><\/div>\n<p>&nbsp;<\/p>\n<p><b><i>Santiago Morales Ortiz<\/i><\/b><\/p>\n<p><b><i>18\/02\/<\/i><\/b><b><i>19, <\/i><\/b><b><i>Xalapa<\/i><\/b><b><i>, Ver.-<\/i><\/b> Los <i>Halcones<\/i> de la Universidad Veracruzana (UV) lograron buenos resultados en la jornada del fin de semana del Campeonato Universitario de Futbol <i>Telmex<\/i>, al ganar en la rama varonil y empatar en la femenil.<\/p>\n<p>En la Unidad Deportiva del Campus para la Cultura, las Artes y el Deporte, los <i>Halcones<\/i> superaron con marcador de 3-2 a la Universidad del Valle de M\u00e9xico (UVM) Campus Guadalajara Sur, dentro de la jornada n\u00famero 12 del torneo.<\/p>\n<p>Los goles de \u00d3scar Jim\u00e9nez Arrieta, Adonis Hern\u00e1ndez Santos y Mario Sant\u00e9s Landa le dieron los tres puntos a la escuadra de la UV.<\/p>\n<p>El pr\u00f3ximo juego de los <i>Halcones<\/i> ser\u00e1 de visita el 24 de febrero ante los Pumas de la Universidad Nacional Aut\u00f3noma de M\u00e9xico (UNAM).<\/p>\n<p>En la rama femenil, el equipo de <i>Halcones<\/i> UV se present\u00f3 en Ciudad Universitaria de la Ciudad de M\u00e9xico, donde empat\u00f3 a un gol ante los Pumas y perdi\u00f3 el punto extra en los tiros penales, dentro de la fecha siete del torneo.<\/p>\n<p>Para la jornada ocho, que se celebrar\u00e1 el 22 de este mes, la UV recibir\u00e1 a la Universidad An\u00e1huac M\u00e9xico Sur, a las 15:00 horas en la cancha de la Facultad de Educaci\u00f3n F\u00edsica de Boca del R\u00edo.<\/p>\n<p>De esta manera, el buen paso de los <i>Halcones<\/i> UV contin\u00faa en el mejor torneo nacional de futbol universitario, la Copa <i>Telmex<\/i>&#8211;<i>Telcel<\/i>.<\/p>\n","protected":false},"excerpt":{"rendered":"<p>En la rama varonil ganaron 3-2 a la UVM Campus Guadalajara Sur, en la femenil empataron a un gol ante la UNAM<\/p>\n","protected":false},"author":1775,"featured_media":62846,"comment_status":"closed","ping_status":"closed","sticky":false,"template":"","format":"standard","meta":[],"categories":[12],"tags":[9742,1051,3263,9743,106,4166,5151],"_links":{"self":[{"href":"https:\/\/www.uv.mx\/prensa\/wp-json\/wp\/v2\/posts\/62845"}],"collection":[{"href":"https:\/\/www.uv.mx\/prensa\/wp-json\/wp\/v2\/posts"}],"about":[{"href":"https:\/\/www.uv.mx\/prensa\/wp-json\/wp\/v2\/types\/post"}],"author":[{"embeddable":true,"href":"https:\/\/www.uv.mx\/prensa\/wp-json\/wp\/v2\/users\/1775"}],"replies":[{"embeddable":true,"href":"https:\/\/www.uv.mx\/prensa\/wp-json\/wp\/v2\/comments?post=62845"}],"version-history":[{"count":1,"href":"https:\/\/www.uv.mx\/prensa\/wp-json\/wp\/v2\/posts\/62845\/revisions"}],"predecessor-version":[{"id":125591,"href":"https:\/\/www.uv.mx\/prensa\/wp-json\/wp\/v2\/posts\/62845\/revisions\/125591"}],"wp:featuredmedia":[{"embeddable":true,"href":"https:\/\/www.uv.mx\/prensa\/wp-json\/wp\/v2\/media\/62846"}],"wp:attachment":[{"href":"https:\/\/www.uv.mx\/prensa\/wp-json\/wp\/v2\/media?parent=62845"}],"wp:term":[{"taxonomy":"category","embeddable":true,"href":"https:\/\/www.uv.mx\/prensa\/wp-json\/wp\/v2\/categories?post=62845"},{"taxonomy":"post_tag","embeddable":true,"href":"https:\/\/www.uv.mx\/prensa\/wp-json\/wp\/v2\/tags?post=62845"}],"curies":[{"name":"wp","href":"https:\/\/api.w.org\/{rel}","templated":true}]}}