{"id":62673,"date":"2019-02-14T15:37:26","date_gmt":"2019-02-14T21:37:26","guid":{"rendered":"https:\/\/www.uv.mx\/prensa\/?p=62673"},"modified":"2019-02-14T15:40:08","modified_gmt":"2019-02-14T21:40:08","slug":"la-salud-debe-ser-una-cultura-de-los-universitarios","status":"publish","type":"post","link":"https:\/\/www.uv.mx\/prensa\/banner\/la-salud-debe-ser-una-cultura-de-los-universitarios\/","title":{"rendered":"La salud debe ser una cultura de los universitarios"},"content":{"rendered":"<ul>\n<li><i>La <\/i><i>R<\/i><i>ectora<\/i><i> de la UV<\/i> <i>inaugur\u00f3<\/i><i> el Centro Centinela de la Unidad de<\/i><i> Ingenier\u00eda y Ciencias Qu\u00edmicas<\/i><\/li>\n<li><i>En este espacio se brindar\u00e1n servicios de vigilancia epidemiol\u00f3gica y atenci\u00f3n a la salud sexual y reproductiva, entre otros rubros<\/i><\/li>\n<li><i>De forma paralela se realiz\u00f3 una Feria de la Salud y se constat\u00f3 la rehabilitaci\u00f3n y funcionamiento de nuevos espacios<\/i><\/li>\n<\/ul>\n<p>&nbsp;<\/p>\n<div id=\"attachment_62675\" style=\"width: 732px\" class=\"wp-caption aligncenter\"><a href=\"https:\/\/www.uv.mx\/prensa\/files\/2019\/02\/140219-Centro-Centinela-1.jpg\"><img loading=\"lazy\" decoding=\"async\" aria-describedby=\"caption-attachment-62675\" class=\"size-full wp-image-62675\" src=\"https:\/\/www.uv.mx\/prensa\/files\/2019\/02\/140219-Centro-Centinela-1.jpg\" alt=\"\" width=\"722\" height=\"482\" srcset=\"https:\/\/www.uv.mx\/prensa\/files\/2019\/02\/140219-Centro-Centinela-1.jpg 722w, https:\/\/www.uv.mx\/prensa\/files\/2019\/02\/140219-Centro-Centinela-1-300x200.jpg 300w\" sizes=\"auto, (max-width: 722px) 100vw, 722px\" \/><\/a><p id=\"caption-attachment-62675\" class=\"wp-caption-text\">Sara Ladr\u00f3n de Guevara inaugur\u00f3 el Centro Centinela de la Unidad de Ingenier\u00eda y Ciencias Qu\u00edmicas<\/p><\/div>\n<p>&nbsp;<\/p>\n<p><b><i>Claudia Peralta V\u00e1zquez<\/i><\/b><\/p>\n<p><b><i>14\/02\/19, Xalapa, <\/i><\/b><b><i>Ver.-<\/i><\/b> La rectora Sara Ladr\u00f3n de Guevara inaugur\u00f3 un Centro Centinela en la Unidad de Ingenier\u00eda y Ciencias Qu\u00edmicas de la Universidad Veracruzana (UV), espacio en el que se brindar\u00e1n servicios de vigilancia epidemiol\u00f3gica y atenci\u00f3n a la salud sexual y reproductiva, entre otros rubros.<\/p>\n<p>\u00c9ste es el d\u00e9cimo espacio en su tipo en Xalapa y el n\u00famero 17 con el que cuenta esta casa de estudios en todas sus regiones. Al respecto, la funcionaria expres\u00f3 que la salud debe ser una cultura de los universitarios, a quienes inst\u00f3 a liderar y promover buenos estilos de vida entre los miembros de la sociedad y su familia.<\/p>\n<p>En el marco de este festejo tambi\u00e9n tuvo lugar una Feria de la Salud, adem\u00e1s se constat\u00f3 el funcionamiento de espacios mejorados en beneficio de tres mil 800 universitarios de esta unidad, entre los que destaca: una plazoleta, andadores, escalinatas, fachadas, un domo de cristal, reja perimetral, reconstrucci\u00f3n de estacionamiento para catedr\u00e1ticos, drenaje pluvial e instalaci\u00f3n de 40 luminarias en exteriores. En total, dichas obras generaron una inversi\u00f3n de seis millones 765 mil pesos.<\/p>\n<p>Sara Ladr\u00f3n de Guevara reconoci\u00f3 la suma de esfuerzos y trabajo en equipo de las direcciones de las \u00e1reas acad\u00e9micas involucradas, y de las secretar\u00edas de Desarrollo Institucional y Administraci\u00f3n y Finanzas (SAF), ya que sin su respaldo estas acciones no hubieran sido concretadas.<\/p>\n<p>Coment\u00f3 que en v\u00edsperas de la celebraci\u00f3n por el 75 aniversario de la UV, es propicio revisar metas, logros y establecer otras metas m\u00e1s lejanas que garanticen la calidad bajo la cual se rige la instituci\u00f3n.<\/p>\n<p>&nbsp;<\/p>\n<div id=\"attachment_62676\" style=\"width: 732px\" class=\"wp-caption aligncenter\"><a href=\"https:\/\/www.uv.mx\/prensa\/files\/2019\/02\/140219-Centro-Centinela-2.jpg\"><img loading=\"lazy\" decoding=\"async\" aria-describedby=\"caption-attachment-62676\" class=\"size-full wp-image-62676\" src=\"https:\/\/www.uv.mx\/prensa\/files\/2019\/02\/140219-Centro-Centinela-2.jpg\" alt=\"\" width=\"722\" height=\"482\" srcset=\"https:\/\/www.uv.mx\/prensa\/files\/2019\/02\/140219-Centro-Centinela-2.jpg 722w, https:\/\/www.uv.mx\/prensa\/files\/2019\/02\/140219-Centro-Centinela-2-300x200.jpg 300w\" sizes=\"auto, (max-width: 722px) 100vw, 722px\" \/><\/a><p id=\"caption-attachment-62676\" class=\"wp-caption-text\">La Rectora anunci\u00f3 que saldr\u00e1n las licitaciones para la construcci\u00f3n de dos edificios en la regi\u00f3n Veracruz<\/p><\/div>\n<p>&nbsp;<\/p>\n<p>Con relaci\u00f3n a la apertura del Centro Centinela que ser\u00e1 coordinado por el Centro para el Desarrollo Humano e Integral de los Universitarios (<i>Cendhiu<\/i>), dio a conocer que \u00e9ste ofrecer\u00e1 servicios de salud confidenciales y gratuitos a todos los estudiantes de la Unidad de Ingenier\u00eda y Ciencias Qu\u00edmicas, pero tambi\u00e9n a los de otras facultades situadas en la zona universitaria.<\/p>\n<p>Asimismo, se refiri\u00f3 a un logro m\u00e1s de la UV, el de presidir la Red de Universidades Saludables, y agreg\u00f3: \u201cEsto nos compromete a tener estilos de vida saludables, siempre podemos mejorar la salud y nuestra calidad de vida a trav\u00e9s de pr\u00e1cticas sanas\u201d.<\/p>\n<p>En presencia de autoridades universitarias, de estudiantes y de <i>Lis<\/i> y <i>Luzio<\/i>, mascotas de la UV, aprovech\u00f3 para comentar que en los pr\u00f3ximos d\u00edas saldr\u00e1n las licitaciones para la construcci\u00f3n de dos edificios que fueron derrumbados en la Unidad de Ingenier\u00eda de la regi\u00f3n Veracruz, ya que presentaban problemas estructurales.<\/p>\n<p>\u201cMe da mucho gusto que en el \u00c1rea Acad\u00e9mica T\u00e9cnica, como en el resto de las otras \u00e1reas, se implementen medidas con el fin de contar con una infraestructura adecuada para las funciones que llevamos a cabo en estos espacios.\u201d<\/p>\n<p>Mar\u00eda Jos\u00e9 Garc\u00eda Oramas, coordinadora del <i>Cendhiu<\/i>, destac\u00f3 que el Centro Centinela se constituye como un espacio de vigilancia epidemiol\u00f3gica, en el que los universitarios recibir\u00e1n orientaci\u00f3n sobre su salud sexual, mental y reproductiva, estilos de vida saludable, atenci\u00f3n oportuna en temas como: drogas l\u00edcitas e il\u00edcitas, m\u00e9todos anticonceptivos, uso correcto del cond\u00f3n femenino y masculino, salud mental, violencia en el noviazgo y manejo adecuado de estr\u00e9s.<\/p>\n<p>&nbsp;<\/p>\n<div id=\"attachment_62677\" style=\"width: 732px\" class=\"wp-caption aligncenter\"><a href=\"https:\/\/www.uv.mx\/prensa\/files\/2019\/02\/140219-Centro-Centinela-3.jpg\"><img loading=\"lazy\" decoding=\"async\" aria-describedby=\"caption-attachment-62677\" class=\"size-full wp-image-62677\" src=\"https:\/\/www.uv.mx\/prensa\/files\/2019\/02\/140219-Centro-Centinela-3.jpg\" alt=\"\" width=\"722\" height=\"456\" srcset=\"https:\/\/www.uv.mx\/prensa\/files\/2019\/02\/140219-Centro-Centinela-3.jpg 722w, https:\/\/www.uv.mx\/prensa\/files\/2019\/02\/140219-Centro-Centinela-3-300x189.jpg 300w\" sizes=\"auto, (max-width: 722px) 100vw, 722px\" \/><\/a><p id=\"caption-attachment-62677\" class=\"wp-caption-text\"><em><span class=\"TextRun SCXW162388374\" lang=\"ES-MX\" xml:lang=\"ES-MX\"><span class=\"NormalTextRun SCXW162388374\">Lis<\/span><\/span><\/em><span class=\"TextRun SCXW162388374\" lang=\"ES-MX\" xml:lang=\"ES-MX\"><span class=\"NormalTextRun SCXW162388374\"> y <\/span><\/span><em><span class=\"TextRun SCXW162388374\" lang=\"ES-MX\" xml:lang=\"ES-MX\"><span class=\"SpellingError SCXW162388374\">Luzio<\/span><\/span><\/em><span class=\"TextRun SCXW162388374\" lang=\"ES-MX\" xml:lang=\"ES-MX\"><span class=\"NormalTextRun SCXW162388374\">, mascotas de la UV, convivieron con universitarios durante la Feria de la Salud<\/span><\/span><span class=\"EOP SCXW162388374\">\u00a0<\/span><\/p><\/div>\n<p>&nbsp;<\/p>\n<p>Tambi\u00e9n brindar\u00e1 asesor\u00eda en temas de planificaci\u00f3n familiar, y pruebas r\u00e1pidas para la detecci\u00f3n oportuna del Virus de Inmunodeficiencia Humana (VIH), entre otros.<\/p>\n<p>Al hablar sobre la Feria de la Salud, a trav\u00e9s de la cual se ofrecieron servicios y atenci\u00f3n a la comunidad universitaria, Pedro Guti\u00e9rrez Aguilar, director general del \u00c1rea Acad\u00e9mica de Ciencias de la Salud, subray\u00f3 que esta acci\u00f3n es el resultado del trabajo y de una confluencia y di\u00e1logo entre diferentes disciplinas con un objeto particular.<\/p>\n<p>Se trata de impulsar acciones de promoci\u00f3n de la salud, estilos y pr\u00e1cticas de vida saludables, as\u00ed como la detecci\u00f3n y canalizaci\u00f3n de miembros de esta comunidad a los servicios correspondientes cuando ellos lo requieran.<\/p>\n<p>\u00c1ngel Eduardo Gasca Herrera, titular del \u00c1rea Acad\u00e9mica T\u00e9cnica, agradeci\u00f3 las gestiones de la Rectora de la UV por impulsar estos beneficios en los \u00e1mbitos de salud e infraestructura, pues la formaci\u00f3n acad\u00e9mica tambi\u00e9n debe ser complementada con el bienestar f\u00edsico y mental.<\/p>\n<p>Al t\u00e9rmino del evento, la Rectora hizo un recorrido por los <i>stands<\/i> de la Feria de la Salud, en la que participaron las facultades de Medicina, Enfermer\u00eda, Nutrici\u00f3n, Bioan\u00e1lisis y Psicolog\u00eda.<\/p>\n<p>&nbsp;<\/p>\n<div id=\"attachment_62680\" style=\"width: 732px\" class=\"wp-caption aligncenter\"><a href=\"https:\/\/www.uv.mx\/prensa\/files\/2019\/02\/140219-Centro-Centinela-4.jpg\"><img loading=\"lazy\" decoding=\"async\" aria-describedby=\"caption-attachment-62680\" class=\"size-full wp-image-62680\" src=\"https:\/\/www.uv.mx\/prensa\/files\/2019\/02\/140219-Centro-Centinela-4.jpg\" alt=\"\" width=\"722\" height=\"482\" srcset=\"https:\/\/www.uv.mx\/prensa\/files\/2019\/02\/140219-Centro-Centinela-4.jpg 722w, https:\/\/www.uv.mx\/prensa\/files\/2019\/02\/140219-Centro-Centinela-4-300x200.jpg 300w\" sizes=\"auto, (max-width: 722px) 100vw, 722px\" \/><\/a><p id=\"caption-attachment-62680\" class=\"wp-caption-text\">Sara Ladr\u00f3n de Guevara recorri\u00f3 y constat\u00f3 los servicios en materia de salud otorgados a los estudiantes<\/p><\/div>\n<p>&nbsp;<\/p>\n<p>Tambi\u00e9n la Cl\u00ednica Universitaria de Salud Reproductiva y Sexual (CUSRS), el Sistema de Atenci\u00f3n Integral a la Salud (SAISUV), la Direcci\u00f3n de Actividades Deportivas (DADUV), el Programa de Salud para Estudiantes Embarazadas (<i>Proseembuv<\/i>) y las coordinaciones de la Unidad de G\u00e9nero y para la Sustentabilidad (<i>CoSustenta<\/i>).<\/p>\n<p>Sara Ladr\u00f3n de Guevara resalt\u00f3 la atenci\u00f3n que ofrecieron estudiantes de las licenciaturas de Quiropr\u00e1ctica y Radiolog\u00eda, regi\u00f3n Veracruz, y de la Jurisdicci\u00f3n Sanitaria N\u00famero V, con sede en esta ciudad.<\/p>\n<p>En la Feria de la Salud se llevaron a cabo actividades relacionadas con estrategias de promoci\u00f3n, pruebas y t\u00e9cnicas para mejorar la postura corporal, medidas higi\u00e9nicas diet\u00e9ticas, promoci\u00f3n de estudios de rutina para las prevenci\u00f3n y detecci\u00f3n de enfermedades, atenci\u00f3n de datos de alarma de hipertensi\u00f3n arterial y diabetes mellitus, as\u00ed como la difusi\u00f3n de servicios de la CUSRS.<\/p>\n<p>Acompa\u00f1aron a la Rectora, Magdalena Hern\u00e1ndez Alarc\u00f3n, secretaria Acad\u00e9mica; Emilia Patricia Rodiles Justo, directora de Proyectos, Construcciones y Mantenimiento; Beatriz Eugenia Rodr\u00edguez Villafuerte, coordinadora de la Unidad de G\u00e9nero; Mar\u00eda del Roc\u00edo Salado P\u00e9rez, titular del SAISUV; Juan Capetillo Hern\u00e1ndez, coordinador Universitario de Atenci\u00f3n Estudiantil, y Alejandro Escobar Mesa, director de la CUSRS.<\/p>\n<p>Asimismo, los directores de las facultades de Ingenier\u00eda Mec\u00e1nica y El\u00e9ctrica, Ciencias Qu\u00edmicas y Qu\u00edmica Farmac\u00e9utica Biol\u00f3gica: Francisco Rica\u00f1o Herrera, Liliana Dom\u00ednguez Ca\u00f1edo y Eduardo Rivadeneyra Dom\u00ednguez, respectivamente.<\/p>\n<p>Tambi\u00e9n se sumaron a este festejo titulares de las facultades de Medicina, Enfermer\u00eda, Odontolog\u00eda, Psicolog\u00eda, Matem\u00e1ticas, F\u00edsica e Instrumentaci\u00f3n Electr\u00f3nica, entre otras autoridades.<\/p>\n<p>&nbsp;<\/p>\n<div id=\"attachment_62678\" style=\"width: 732px\" class=\"wp-caption aligncenter\"><a href=\"https:\/\/www.uv.mx\/prensa\/files\/2019\/02\/140219-Centro-Centinela-5.jpg\"><img loading=\"lazy\" decoding=\"async\" aria-describedby=\"caption-attachment-62678\" class=\"size-full wp-image-62678\" src=\"https:\/\/www.uv.mx\/prensa\/files\/2019\/02\/140219-Centro-Centinela-5.jpg\" alt=\"\" width=\"722\" height=\"482\" srcset=\"https:\/\/www.uv.mx\/prensa\/files\/2019\/02\/140219-Centro-Centinela-5.jpg 722w, https:\/\/www.uv.mx\/prensa\/files\/2019\/02\/140219-Centro-Centinela-5-300x200.jpg 300w\" sizes=\"auto, (max-width: 722px) 100vw, 722px\" \/><\/a><p id=\"caption-attachment-62678\" class=\"wp-caption-text\">En la Feria de la Salud participaron facultades del \u00c1rea Acad\u00e9mica de Ciencias de la Salud<\/p><\/div>\n","protected":false},"excerpt":{"rendered":"<p>La Rectora inaugur\u00f3 el Centro Centinela de la Unidad de Ingenier\u00eda y Ciencias Qu\u00edmicas, y\u00a0reconoci\u00f3 el trabajo de las \u00e1reas acad\u00e9micas T\u00e9cnica y de Ciencias de la Salud, as\u00ed como de las secretar\u00edas de Desarrollo Institucional y Administraci\u00f3n y Finanzas<\/p>\n","protected":false},"author":1508,"featured_media":62674,"comment_status":"closed","ping_status":"closed","sticky":false,"template":"","format":"standard","meta":{"footnotes":""},"categories":[61],"tags":[],"class_list":["post-62673","post","type-post","status-publish","format-standard","has-post-thumbnail","hentry","category-banner"],"_links":{"self":[{"href":"https:\/\/www.uv.mx\/prensa\/wp-json\/wp\/v2\/posts\/62673","targetHints":{"allow":["GET"]}}],"collection":[{"href":"https:\/\/www.uv.mx\/prensa\/wp-json\/wp\/v2\/posts"}],"about":[{"href":"https:\/\/www.uv.mx\/prensa\/wp-json\/wp\/v2\/types\/post"}],"author":[{"embeddable":true,"href":"https:\/\/www.uv.mx\/prensa\/wp-json\/wp\/v2\/users\/1508"}],"replies":[{"embeddable":true,"href":"https:\/\/www.uv.mx\/prensa\/wp-json\/wp\/v2\/comments?post=62673"}],"version-history":[{"count":0,"href":"https:\/\/www.uv.mx\/prensa\/wp-json\/wp\/v2\/posts\/62673\/revisions"}],"wp:featuredmedia":[{"embeddable":true,"href":"https:\/\/www.uv.mx\/prensa\/wp-json\/wp\/v2\/media\/62674"}],"wp:attachment":[{"href":"https:\/\/www.uv.mx\/prensa\/wp-json\/wp\/v2\/media?parent=62673"}],"wp:term":[{"taxonomy":"category","embeddable":true,"href":"https:\/\/www.uv.mx\/prensa\/wp-json\/wp\/v2\/categories?post=62673"},{"taxonomy":"post_tag","embeddable":true,"href":"https:\/\/www.uv.mx\/prensa\/wp-json\/wp\/v2\/tags?post=62673"}],"curies":[{"name":"wp","href":"https:\/\/api.w.org\/{rel}","templated":true}]}}