{"id":62249,"date":"2019-02-09T09:00:08","date_gmt":"2019-02-09T15:00:08","guid":{"rendered":"https:\/\/www.uv.mx\/prensa\/?p=62249"},"modified":"2019-02-07T19:02:34","modified_gmt":"2019-02-08T01:02:34","slug":"uv-invita-a-la-escuela-halcones-de-karate-do","status":"publish","type":"post","link":"https:\/\/www.uv.mx\/prensa\/deportes\/uv-invita-a-la-escuela-halcones-de-karate-do\/","title":{"rendered":"UV invita a la Escuela <em>Halcones<\/em> de Karate Do"},"content":{"rendered":"<ul>\n<li><em><span class=\"TextRun SCXW114160051\" lang=\"ES-MX\" xml:lang=\"ES-MX\"><span class=\"NormalTextRun SCXW114160051\">Est\u00e1 abierta para ni\u00f1os, j\u00f3venes y adultos, en la <\/span><\/span><span class=\"TextRun SCXW114160051\" lang=\"ES-MX\" xml:lang=\"ES-MX\"><span class=\"NormalTextRun SCXW114160051\">S<\/span><\/span><span class=\"TextRun SCXW114160051\" lang=\"ES-MX\" xml:lang=\"ES-MX\"><span class=\"NormalTextRun SCXW114160051\">ala <\/span><\/span><span class=\"TextRun SCXW114160051\" lang=\"ES-MX\" xml:lang=\"ES-MX\"><span class=\"NormalTextRun SCXW114160051\">A<\/span><\/span><span class=\"TextRun SCXW114160051\" lang=\"ES-MX\" xml:lang=\"ES-MX\"><span class=\"NormalTextRun SCXW114160051\">nexa \u201cB\u201d al <\/span><\/span><span class=\"TextRun SCXW114160051\" lang=\"ES-MX\" xml:lang=\"ES-MX\"><span class=\"NormalTextRun SCXW114160051\">G<\/span><\/span><span class=\"TextRun SCXW114160051\" lang=\"ES-MX\" xml:lang=\"ES-MX\"><span class=\"NormalTextRun SCXW114160051\">imnasio <\/span><\/span><span class=\"TextRun SCXW114160051\" lang=\"ES-MX\" xml:lang=\"ES-MX\"><span class=\"NormalTextRun SCXW114160051\">Universitario <\/span><\/span><span class=\"TextRun SCXW114160051\" lang=\"ES-MX\" xml:lang=\"ES-MX\"><span class=\"NormalTextRun SCXW114160051\">\u201cMiguel <\/span><\/span><span class=\"TextRun SCXW114160051\" lang=\"ES-MX\" xml:lang=\"ES-MX\"><span class=\"NormalTextRun SCXW114160051\">\u00c1ngel <\/span><\/span><span class=\"TextRun SCXW114160051\" lang=\"ES-MX\" xml:lang=\"ES-MX\"><span class=\"NormalTextRun SCXW114160051\">R\u00edos\u201d<\/span><\/span><\/em><\/li>\n<\/ul>\n<p>&nbsp;<\/p>\n<div id=\"attachment_62173\" style=\"width: 732px\" class=\"wp-caption aligncenter\"><a href=\"https:\/\/www.uv.mx\/prensa\/files\/2019\/02\/060219-KARATE-DO-INSTRUCTOR.jpg\"><img loading=\"lazy\" decoding=\"async\" aria-describedby=\"caption-attachment-62173\" class=\"wp-image-62173 size-full\" src=\"https:\/\/www.uv.mx\/prensa\/files\/2019\/02\/060219-KARATE-DO-INSTRUCTOR.jpg\" alt=\"\" width=\"722\" height=\"481\" srcset=\"https:\/\/www.uv.mx\/prensa\/files\/2019\/02\/060219-KARATE-DO-INSTRUCTOR.jpg 722w, https:\/\/www.uv.mx\/prensa\/files\/2019\/02\/060219-KARATE-DO-INSTRUCTOR-300x200.jpg 300w\" sizes=\"auto, (max-width: 722px) 100vw, 722px\" \/><\/a><p id=\"caption-attachment-62173\" class=\"wp-caption-text\">Fernando Mart\u00ednez Okamura, instructor<\/p><\/div>\n<p>&nbsp;<\/p>\n<p><b><i>Santiago Morales Ortiz<\/i><\/b><\/p>\n<p><b><i>09\/02\/<\/i><\/b><b><i>19, <\/i><\/b><b><i>Xalapa<\/i><\/b><b><i>, Ver.-<\/i><\/b> La Escuela de Karate Do de <i>Halcones<\/i> de la Universidad Veracruzana (UV) invita a ni\u00f1os, j\u00f3venes y adultos a sus clases que se llevan a cabo de lunes a viernes en la Sala Anexa \u201cB\u201d al Gimnasio Universitario \u201cMiguel \u00c1ngel R\u00edos\u201d, inform\u00f3 el instructor Fernando Mart\u00ednez Okamura.<\/p>\n<p>La invitaci\u00f3n es para la comunidad universitaria y p\u00fablico en general, con el objetivo de difundir la disciplina entre los trabajadores de la UV y sus hijos, la sociedad xalape\u00f1a y la regi\u00f3n.<\/p>\n<p>El instructor destac\u00f3 que con el apoyo de la Direcci\u00f3n de Actividades Deportivas (DADUV), este a\u00f1o se espera alcanzar grandes objetivos con la Escuela de <i>Halcones<\/i>, uno de ellos crear un semillero para las futuras generaciones. En el caso de los adultos, para fomentar la pr\u00e1ctica del karate do entre quienes ya tienen conocimiento y los que quieren aprender los fundamentos, t\u00e9cnicas y reglas.<\/p>\n<p>Mart\u00ednez Okamura se\u00f1al\u00f3 que las inscripciones se encuentran abiertas y se pueden efectuar en las oficinas de la DADUV, de 9:00 a 15:00 y de 17:00 a 19:00 horas.<\/p>\n<p>Detall\u00f3 que las clases son lunes, mi\u00e9rcoles y viernes de 17:00 a 18:00 horas, para ni\u00f1os de seis a 10 a\u00f1os; y de 18:00 a 19:00 para el rango de 11 a 18 a\u00f1os de edad; los adultos pueden asistir martes y jueves de 17:00 a 19:00.<\/p>\n<p>El tambi\u00e9n entrenador de la Selecci\u00f3n de <i>Halcones<\/i> UV, dijo que se trabaja con el objetivo de llegar bien preparados a la Universiada Nacional 2019, que organiza el Consejo Nacional del Deporte de la Educaci\u00f3n (<i>Condde<\/i>).<\/p>\n<p>Agreg\u00f3 que se espera competir con alrededor de 12 seleccionados en las etapas Estatal y Regional, con el fin de clasificar\u00a0 al mayor n\u00famero posible a la justa nacional.<\/p>\n","protected":false},"excerpt":{"rendered":"<p>Est\u00e1 abierta para ni\u00f1os, j\u00f3venes y adultos, en la Sala Anexa \u201cB\u201d al Gimnasio Universitario \u201cMiguel \u00c1ngel R\u00edos\u201d, inform\u00f3 el instructor Fernando Mart\u00ednez Okamura <\/p>\n","protected":false},"author":1508,"featured_media":62173,"comment_status":"closed","ping_status":"closed","sticky":false,"template":"","format":"standard","meta":{"footnotes":""},"categories":[12],"tags":[],"class_list":["post-62249","post","type-post","status-publish","format-standard","has-post-thumbnail","hentry","category-deportes"],"_links":{"self":[{"href":"https:\/\/www.uv.mx\/prensa\/wp-json\/wp\/v2\/posts\/62249","targetHints":{"allow":["GET"]}}],"collection":[{"href":"https:\/\/www.uv.mx\/prensa\/wp-json\/wp\/v2\/posts"}],"about":[{"href":"https:\/\/www.uv.mx\/prensa\/wp-json\/wp\/v2\/types\/post"}],"author":[{"embeddable":true,"href":"https:\/\/www.uv.mx\/prensa\/wp-json\/wp\/v2\/users\/1508"}],"replies":[{"embeddable":true,"href":"https:\/\/www.uv.mx\/prensa\/wp-json\/wp\/v2\/comments?post=62249"}],"version-history":[{"count":0,"href":"https:\/\/www.uv.mx\/prensa\/wp-json\/wp\/v2\/posts\/62249\/revisions"}],"wp:featuredmedia":[{"embeddable":true,"href":"https:\/\/www.uv.mx\/prensa\/wp-json\/wp\/v2\/media\/62173"}],"wp:attachment":[{"href":"https:\/\/www.uv.mx\/prensa\/wp-json\/wp\/v2\/media?parent=62249"}],"wp:term":[{"taxonomy":"category","embeddable":true,"href":"https:\/\/www.uv.mx\/prensa\/wp-json\/wp\/v2\/categories?post=62249"},{"taxonomy":"post_tag","embeddable":true,"href":"https:\/\/www.uv.mx\/prensa\/wp-json\/wp\/v2\/tags?post=62249"}],"curies":[{"name":"wp","href":"https:\/\/api.w.org\/{rel}","templated":true}]}}