{"id":62243,"date":"2019-02-09T09:00:55","date_gmt":"2019-02-09T15:00:55","guid":{"rendered":"https:\/\/www.uv.mx\/prensa\/?p=62243"},"modified":"2019-02-07T18:35:21","modified_gmt":"2019-02-08T00:35:21","slug":"ayuntamiento-institucion-que-prevalece-y-se-renueva-olivia-machuca","status":"publish","type":"post","link":"https:\/\/www.uv.mx\/prensa\/general\/ayuntamiento-institucion-que-prevalece-y-se-renueva-olivia-machuca\/","title":{"rendered":"Ayuntamiento, instituci\u00f3n que prevalece y se renueva: Olivia Machuca"},"content":{"rendered":"<ul>\n<li><i>La investigadora<\/i> <i>d<\/i><i>el\u00a0<\/i><i>CIESAS<\/i><i> Peninsular<\/i><i> analiza el cambio del sistema venal al electoral<\/i><\/li>\n<\/ul>\n<p>&nbsp;<\/p>\n<div id=\"attachment_61890\" style=\"width: 732px\" class=\"wp-caption aligncenter\"><a href=\"https:\/\/www.uv.mx\/prensa\/files\/2019\/01\/310119-Conversatorio-sobre-el-Ayuntamiento-2.jpg\"><img loading=\"lazy\" decoding=\"async\" aria-describedby=\"caption-attachment-61890\" class=\"wp-image-61890 size-full\" src=\"https:\/\/www.uv.mx\/prensa\/files\/2019\/01\/310119-Conversatorio-sobre-el-Ayuntamiento-2.jpg\" alt=\"\" width=\"722\" height=\"478\" srcset=\"https:\/\/www.uv.mx\/prensa\/files\/2019\/01\/310119-Conversatorio-sobre-el-Ayuntamiento-2.jpg 722w, https:\/\/www.uv.mx\/prensa\/files\/2019\/01\/310119-Conversatorio-sobre-el-Ayuntamiento-2-300x199.jpg 300w\" sizes=\"auto, (max-width: 722px) 100vw, 722px\" \/><\/a><p id=\"caption-attachment-61890\" class=\"wp-caption-text\">Laura Olivia Machuca Gallegos se especializa en\u00a0la historia colonial y del siglo XIX de Oaxaca y Yucat\u00e1n<\/p><\/div>\n<p>&nbsp;<\/p>\n<p><b><i>Jos\u00e9 Luis <\/i><\/b><b><i>Couttolenc<\/i><\/b><b><i> Soto<\/i><\/b><\/p>\n<p><b><i>09<\/i><\/b><b><i>\/02<\/i><\/b><b><i>\/19<\/i><\/b><b><i>, Xalapa, Ver.-<\/i><\/b> El ayuntamiento es una instituci\u00f3n s\u00f3lida que ha evolucionado y se ha fortalecido y seguramente continuar\u00e1 por otros cinco siglos m\u00e1s, afirm\u00f3 Laura Olivia Machuca Gallegos, del Centro de Investigaciones y Estudios Superiores en Antropolog\u00eda Social (CIESAS), Unidad Peninsular.<\/p>\n<p>La investigadora particip\u00f3 en el conversatorio organizado el jueves 31 de enero por el Doctorado en Historia y Estudios Regionales del Instituto de Investigaciones Hist\u00f3rico-Sociales (IIH-S) de la Universidad Veracruzana (UV).<\/p>\n<p>Especializada en historia colonial y del siglo XIX para las regiones de Oaxaca y Yucat\u00e1n, la investigadora es autora del libro <i>Poder y gesti\u00f3n en el Ayuntamiento de M\u00e9rida, <\/i><i>1785-1835<\/i>, en el que analiza la etapa de transici\u00f3n de la \u00e9poca colonial a la independiente, periodo en donde destaca el cambio del sistema venal (venta y compra de cargos p\u00fablicos) al electoral.<\/p>\n<p>Ante docentes y alumnos del posgrado, Machuca Gallegos refiri\u00f3 que la preparaci\u00f3n de su obra le llev\u00f3 alrededor de seis a\u00f1os, lapso en el que acudi\u00f3 a la Biblioteca Yucatanense en donde consult\u00f3 25 libros sobre el periodo estudiado y analiz\u00f3 las actas de cabildo existentes, en las que quedaron plasmados los acuerdos que \u00e9stos tomaron.<\/p>\n<p>Durante la investigaci\u00f3n realiz\u00f3 un seguimiento a los actores y observ\u00f3 que los miembros del ayuntamiento lograron acomodarse a los cambios pol\u00edticos y culturales que se dieron en ese periodo de grandes transformaciones.<\/p>\n<p>Del t\u00edtulo de su trabajo, indic\u00f3 que se debe a que \u201cen \u00e9l analizo el papel de los regidores como padres de la Rep\u00fablica, y porque a la gente le mov\u00eda el inter\u00e9s de llegar a un cargo p\u00fablico para sacar el mayor provecho posible, aunque no digo que eso no sea cierto, y a\u00fan lo sigue siendo, pero tambi\u00e9n quise ver el otro lado de la moneda, es decir, por el lado de la gesti\u00f3n, ya que est\u00e1n ah\u00ed que se preocupen por hacer su trabajo\u201d.<\/p>\n<p>Laura Olivia agreg\u00f3 que en la \u00e9poca colonial el ayuntamiento era el poder local m\u00e1s importante, dado que no exist\u00edan otros poderes intermedios, pero el problema principal se centr\u00f3 en el cambio del sistema venal en 1820, que pas\u00f3 al sistema electoral introduciendo nuevas figuras que empezaron a quitar poder pol\u00edtico a los integrantes de los cabildos, \u201cy ahora las tenemos como instituciones administrativas encargadas de la gesti\u00f3n de las ciudades\u201d.<\/p>\n<p>Machuca Gallegos, originaria de la Ciudad de M\u00e9xico con 15 a\u00f1os radicando en M\u00e9rida, expres\u00f3 que la gente piensa que en la \u00e9poca de transici\u00f3n (de la Colonia a la independiente) se produjeron cambios inmediatos y enormes, cuando en realidad no fue as\u00ed.<\/p>\n<p>\u201cS\u00ed hubo cambios, pero se fueron dando de manera lenta, aunque el m\u00e1s interesante fue el cambio del sistema venal, a pesar de que las personas ya no pod\u00edan comprar los cargos, por lo que buscaron mecanismos para no alejarse del poder, dejaron de ser parte del ayuntamiento y a cambio llevaron all\u00ed a sus hijos y a otros miembros de su clientela\u201d, concluy\u00f3.<\/p>\n<p>&nbsp;<\/p>\n<div id=\"attachment_61889\" style=\"width: 732px\" class=\"wp-caption aligncenter\"><a href=\"https:\/\/www.uv.mx\/prensa\/files\/2019\/01\/310119-Conversatorio-sobre-el-Ayuntamiento-1.jpg\"><img loading=\"lazy\" decoding=\"async\" aria-describedby=\"caption-attachment-61889\" class=\"size-full wp-image-61889\" src=\"https:\/\/www.uv.mx\/prensa\/files\/2019\/01\/310119-Conversatorio-sobre-el-Ayuntamiento-1.jpg\" alt=\"\" width=\"722\" height=\"478\" srcset=\"https:\/\/www.uv.mx\/prensa\/files\/2019\/01\/310119-Conversatorio-sobre-el-Ayuntamiento-1.jpg 722w, https:\/\/www.uv.mx\/prensa\/files\/2019\/01\/310119-Conversatorio-sobre-el-Ayuntamiento-1-300x199.jpg 300w\" sizes=\"auto, (max-width: 722px) 100vw, 722px\" \/><\/a><p id=\"caption-attachment-61889\" class=\"wp-caption-text\">El Doctorado en Historia y Estudios Regionales del IIH-S realiz\u00f3 conversatorio sobre el libro <em>Poder y gesti\u00f3n en el Ayuntamiento de M\u00e9rida<\/em><\/p><\/div>\n","protected":false},"excerpt":{"rendered":"<p>La investigadora del CIESAS Peninsular particip\u00f3 en conversatorio organizado por el Doctorado en Historia y Estudios Regionales de la UV<\/p>\n","protected":false},"author":1508,"featured_media":61890,"comment_status":"closed","ping_status":"closed","sticky":false,"template":"","format":"standard","meta":{"footnotes":""},"categories":[1],"tags":[],"class_list":["post-62243","post","type-post","status-publish","format-standard","has-post-thumbnail","hentry","category-general"],"_links":{"self":[{"href":"https:\/\/www.uv.mx\/prensa\/wp-json\/wp\/v2\/posts\/62243","targetHints":{"allow":["GET"]}}],"collection":[{"href":"https:\/\/www.uv.mx\/prensa\/wp-json\/wp\/v2\/posts"}],"about":[{"href":"https:\/\/www.uv.mx\/prensa\/wp-json\/wp\/v2\/types\/post"}],"author":[{"embeddable":true,"href":"https:\/\/www.uv.mx\/prensa\/wp-json\/wp\/v2\/users\/1508"}],"replies":[{"embeddable":true,"href":"https:\/\/www.uv.mx\/prensa\/wp-json\/wp\/v2\/comments?post=62243"}],"version-history":[{"count":0,"href":"https:\/\/www.uv.mx\/prensa\/wp-json\/wp\/v2\/posts\/62243\/revisions"}],"wp:featuredmedia":[{"embeddable":true,"href":"https:\/\/www.uv.mx\/prensa\/wp-json\/wp\/v2\/media\/61890"}],"wp:attachment":[{"href":"https:\/\/www.uv.mx\/prensa\/wp-json\/wp\/v2\/media?parent=62243"}],"wp:term":[{"taxonomy":"category","embeddable":true,"href":"https:\/\/www.uv.mx\/prensa\/wp-json\/wp\/v2\/categories?post=62243"},{"taxonomy":"post_tag","embeddable":true,"href":"https:\/\/www.uv.mx\/prensa\/wp-json\/wp\/v2\/tags?post=62243"}],"curies":[{"name":"wp","href":"https:\/\/api.w.org\/{rel}","templated":true}]}}