{"id":62147,"date":"2019-02-06T09:00:41","date_gmt":"2019-02-06T15:00:41","guid":{"rendered":"https:\/\/www.uv.mx\/prensa\/?p=62147"},"modified":"2019-02-06T11:54:52","modified_gmt":"2019-02-06T17:54:52","slug":"cafetales-alternativa-para-conservar-biofauna","status":"publish","type":"post","link":"https:\/\/www.uv.mx\/prensa\/general\/cafetales-alternativa-para-conservar-biofauna\/","title":{"rendered":"Cafetales, alternativa para conservar biofauna"},"content":{"rendered":"<ul>\n<li><i>Griselda Crist\u00f3bal S\u00e1nchez\u00a0realiz\u00f3 investigaci\u00f3n en<\/i> <i>torno <\/i><i>a la comunidad de aves en los agroecosistemas de la regi\u00f3n central de Veracruz<\/i><\/li>\n<\/ul>\n<p>&nbsp;<\/p>\n<div id=\"attachment_61887\" style=\"width: 732px\" class=\"wp-caption aligncenter\"><a href=\"https:\/\/www.uv.mx\/prensa\/files\/2019\/01\/300119-Defensa-tesis-1.jpg\"><img loading=\"lazy\" decoding=\"async\" aria-describedby=\"caption-attachment-61887\" class=\"size-full wp-image-61887\" src=\"https:\/\/www.uv.mx\/prensa\/files\/2019\/01\/300119-Defensa-tesis-1.jpg\" alt=\"\" width=\"722\" height=\"523\" srcset=\"https:\/\/www.uv.mx\/prensa\/files\/2019\/01\/300119-Defensa-tesis-1.jpg 722w, https:\/\/www.uv.mx\/prensa\/files\/2019\/01\/300119-Defensa-tesis-1-300x217.jpg 300w\" sizes=\"auto, (max-width: 722px) 100vw, 722px\" \/><\/a><p id=\"caption-attachment-61887\" class=\"wp-caption-text\">Griselda Crist\u00f3bal, egresada de la Maestr\u00eda en Ecolog\u00eda Tropical<\/p><\/div>\n<p>&nbsp;<\/p>\n<p><b><i>Paola Cort\u00e9s P\u00e9rez<\/i><\/b><\/p>\n<p><b><i>06\/02\/19, Xalapa, <\/i><\/b><b><i>Ver.-<\/i><\/b> Los cafetales son una alternativa para conservar parte de la biofauna, incluidas las comunidades de aves, debido a que mantienen condiciones similares a los bosques y selvas, destac\u00f3 Griselda Crist\u00f3bal S\u00e1nchez durante la defensa de su tesis de la Maestr\u00eda en Ecolog\u00eda Tropical, que imparte el <a href=\"https:\/\/www.uv.mx\/citro\/\">Centro de Investigaciones Tropicales<\/a> (<i>Citro<\/i>) de la Universidad Veracruzana (UV).<\/p>\n<p>El evento acad\u00e9mico se llev\u00f3 a cabo la tarde del lunes 28 de enero, en la sala de usos m\u00faltiples del Orquidario de esta casa de estudios.<\/p>\n<p>En su tesis \u201cEcolog\u00eda y percepci\u00f3n social de la comunidad de aves del bosque mes\u00f3filo de monta\u00f1a (BMM) en Veracruz\u201d \u2013con la que obtuvo su grado de maestr\u00eda\u2013, dirigida por Angelina Ruiz S\u00e1nchez, analiz\u00f3 las diferencias de las comunidades de aves en fragmentos de ese tipo de bosque y agroecosistemas cafetaleros.<\/p>\n<p>\u201cTambi\u00e9n la percepci\u00f3n de un grupo local especializado en aves sobre el efecto de las pr\u00e1cticas agr\u00edcolas en la fauna, como conocimiento base para generar propuestas de conservaci\u00f3n en el centro de Veracruz.\u201d<\/p>\n<p>Mencion\u00f3 que la deforestaci\u00f3n y fragmentaci\u00f3n provocada por las actividades antr\u00f3picas son los principales problemas ambientales. De acuerdo con el Instituto Nacional de Estad\u00edstica y Geograf\u00eda (<i>I<\/i><i>negi<\/i>), anualmente se pierden 500 mil hect\u00e1reas de bosques y selvas.<\/p>\n<p>Griselda Crist\u00f3bal destac\u00f3 que el BMM es uno de los ecosistemas terrestres m\u00e1s amenazados, pese a su importancia cultural y ecol\u00f3gica (por su alta diversidad de flora y fauna, as\u00ed como por los diversos servicios ecosist\u00e9micos que ofrece).<\/p>\n<p>Veracruz es uno de los estados con mayor presencia de BMM, pero tambi\u00e9n es una de las entidades con mayor p\u00e9rdida de cobertura vegetal a causa de la ganader\u00eda y la agricultura; tan s\u00f3lo en la regi\u00f3n central se ha reportado la disminuci\u00f3n del 90 por ciento del BMM a consecuencia de la ganader\u00eda y la siembra de caf\u00e9.<\/p>\n<p>En la entidad, tradicionalmente, se realizan dos tipos de producci\u00f3n de caf\u00e9: policultivo y monocultivo. El primero consiste en conservar parte de la vegetaci\u00f3n del bosque mes\u00f3filo, adem\u00e1s de introducir especies frutales; el segundo, consiste en remover toda la estructura vegetal para introducir una sola especie.<\/p>\n<p>La mayor\u00eda de los productores han optado por el policultivo, dado que mantiene una similitud a los bosques y las selvas, mantiene una alta riqueza de flora y fauna, evita la erosi\u00f3n de suelo, y mantiene una mayor o menor humedad relativa.<\/p>\n<p>Por ello, se considera que los cafetales siguen siendo una alternativa para conservar parte de la biofauna, debido a que registran el 60 por ciento de las especies.<\/p>\n<p>\u201cLo cierto es que la supervivencia y din\u00e1mica de las poblaciones forestales a largo plazo, depender\u00e1 de la calidad y similitud que tengan con los agroecosistemas.\u201d<\/p>\n<p>En un estudio sobre los agroecosistemas del caf\u00e9, realizado en fincas de agroecosistemas y fragmentos de BMM, en total se reportaron 140 especies y se comprob\u00f3 que son sensibles a la perturbaci\u00f3n.<\/p>\n<p>Griselda Crist\u00f3bal dijo que \u201clos an\u00e1lisis de diversidad son importantes, ya que se ha comprobado que las actividades humanas afectan a diferentes grupos taxon\u00f3micos, entre ellos las aves\u201d.<\/p>\n<p>&nbsp;<\/p>\n<div id=\"attachment_61885\" style=\"width: 732px\" class=\"wp-caption aligncenter\"><a href=\"https:\/\/www.uv.mx\/prensa\/files\/2019\/01\/300119-Defensa-tesis-2.jpg\"><img loading=\"lazy\" decoding=\"async\" aria-describedby=\"caption-attachment-61885\" class=\"size-full wp-image-61885\" src=\"https:\/\/www.uv.mx\/prensa\/files\/2019\/01\/300119-Defensa-tesis-2.jpg\" alt=\"\" width=\"722\" height=\"482\" srcset=\"https:\/\/www.uv.mx\/prensa\/files\/2019\/01\/300119-Defensa-tesis-2.jpg 722w, https:\/\/www.uv.mx\/prensa\/files\/2019\/01\/300119-Defensa-tesis-2-300x200.jpg 300w\" sizes=\"auto, (max-width: 722px) 100vw, 722px\" \/><\/a><p id=\"caption-attachment-61885\" class=\"wp-caption-text\">En su examen para obtener el t\u00edtulo de Maestra en Ecolog\u00eda Tropical<\/p><\/div>\n<p>&nbsp;<\/p>\n<p><b>Proyecto de investigaci\u00f3n<\/b><\/p>\n<p>Griselda realiz\u00f3 su trabajo de investigaci\u00f3n en la regi\u00f3n central de Veracruz, distribuido en siete municipios donde se localizaron cuatro tipos de vegetaci\u00f3n: bosque de monta\u00f1a, cafetal abandonado, cafetal bajo sombra y cafetal intensivo.<\/p>\n<p>Explic\u00f3 que por cada tipo de vegetaci\u00f3n se cubrieron diferentes sitios, dependiendo de la disponibilidad, acceso y permisos para hacer el muestreo, as\u00ed como las caracter\u00edsticas de la vegetaci\u00f3n. En total fueron 30 puntos de conteo donde los avistamientos tuvieron una duraci\u00f3n de cinco minutos separados de 200 metros entre s\u00ed. La identificaci\u00f3n de aves se hizo de manera visual y auditiva, con base en gu\u00edas especializadas.<\/p>\n<p>Mencion\u00f3 que en total se registraron 222 especies: 36 en el BMM, 56 en cafetal abandonado, 63 en cafetal bajo sombra y 67 en cafetal intensivo. En cuanto a la densidad, el BMM present\u00f3 una mayor cantidad de individuos, aunque registra menos diversidad de especies.<\/p>\n<p>Como parte de la investigaci\u00f3n, Griselda Crist\u00f3bal entrevist\u00f3 a integrantes de la asociaci\u00f3n civil \u201cUni\u00f3n estatal de capturadores, criadores y vendedores de aves cantoras y de ornato en Veracruz\u201d, del municipio de Coatepec.<\/p>\n<p>Empez\u00f3 su trabajo con alrededor de 300 miembros, pero por cuestiones de salud y nuevas disposiciones ambientales el n\u00famero disminuy\u00f3 considerablemente y en la actualidad s\u00f3lo 10 asisten a las asambleas.<\/p>\n<p>Algunos investigadores indican que hay entre 13 y 44 especies que son capturadas y vendidas en mercados, casas particulares, vendedores ambulantes y comercios establecidos.<\/p>\n<p>Los integrantes de la asociaci\u00f3n fueron entrevistados para averiguar qu\u00e9 tantos conocimientos tienen sobre la comunidad de aves, para ello Griselda aplic\u00f3 un cuestionario y se les mostr\u00f3 un cat\u00e1logo con 71 especies.<\/p>\n<p>\u201cReconocieron el 39 por ciento de las especies del cat\u00e1logo, es decir, fueron 51 especies de las cuales 22 son para venta. El conocimiento que tienen sobre las aves lo obtuvieron a trav\u00e9s de experiencias, as\u00ed como observaciones de padres y abuelos.\u201d<\/p>\n<p>Para ellos, los agroecosistemas \u2013en especial los cafetales\u2013 son beneficiosos para las aves pues les ofrecen alimento, anidaci\u00f3n y otros recursos. No perciben que las especies se extingan, sino que se refugian en las barrancas, donde permanece la mayor densidad de BMM conservado.<\/p>\n<p>\u201cEllos piensan que la disponibilidad y presencia de diferentes tipos de aves se debe a la existencia de alimento, es decir, recurren a otro tipo de vegetaci\u00f3n en busca de \u00e9l y no se quedan permanentemente, esto es lo que se conoce como forrajeo oportunista.\u201d<\/p>\n<p>Por \u00faltimo, Griselda Crist\u00f3bal puntualiz\u00f3 que el mayor efecto en la diversidad de aves se debe a los asentamientos humanos y los cultivos intensivos, como la quema de ca\u00f1a de az\u00facar y la aplicaci\u00f3n de herbicidas que provocan una mayor mortalidad de aves.<\/p>\n<p>\u201cPor ello, es necesario tomar medidas de conservaci\u00f3n y para que sean exitosas es necesaria la participaci\u00f3n directa y activa de la poblaci\u00f3n, debido a que las comunidades y localidades hacen una apropiaci\u00f3n de las estrategias.\u201d<\/p>\n","protected":false},"excerpt":{"rendered":"<p>Griselda Crist\u00f3bal S\u00e1nchez, egresada de la Maestr\u00eda en Ecolog\u00eda Tropical, realiz\u00f3 investigaci\u00f3n en torno a la comunidad de aves en los agroecosistemas de la regi\u00f3n central de Veracruz\u00a0<\/p>\n","protected":false},"author":1508,"featured_media":61887,"comment_status":"closed","ping_status":"closed","sticky":false,"template":"","format":"standard","meta":{"footnotes":""},"categories":[1],"tags":[],"class_list":["post-62147","post","type-post","status-publish","format-standard","has-post-thumbnail","hentry","category-general"],"_links":{"self":[{"href":"https:\/\/www.uv.mx\/prensa\/wp-json\/wp\/v2\/posts\/62147","targetHints":{"allow":["GET"]}}],"collection":[{"href":"https:\/\/www.uv.mx\/prensa\/wp-json\/wp\/v2\/posts"}],"about":[{"href":"https:\/\/www.uv.mx\/prensa\/wp-json\/wp\/v2\/types\/post"}],"author":[{"embeddable":true,"href":"https:\/\/www.uv.mx\/prensa\/wp-json\/wp\/v2\/users\/1508"}],"replies":[{"embeddable":true,"href":"https:\/\/www.uv.mx\/prensa\/wp-json\/wp\/v2\/comments?post=62147"}],"version-history":[{"count":0,"href":"https:\/\/www.uv.mx\/prensa\/wp-json\/wp\/v2\/posts\/62147\/revisions"}],"wp:featuredmedia":[{"embeddable":true,"href":"https:\/\/www.uv.mx\/prensa\/wp-json\/wp\/v2\/media\/61887"}],"wp:attachment":[{"href":"https:\/\/www.uv.mx\/prensa\/wp-json\/wp\/v2\/media?parent=62147"}],"wp:term":[{"taxonomy":"category","embeddable":true,"href":"https:\/\/www.uv.mx\/prensa\/wp-json\/wp\/v2\/categories?post=62147"},{"taxonomy":"post_tag","embeddable":true,"href":"https:\/\/www.uv.mx\/prensa\/wp-json\/wp\/v2\/tags?post=62147"}],"curies":[{"name":"wp","href":"https:\/\/api.w.org\/{rel}","templated":true}]}}