{"id":62019,"date":"2019-02-04T09:00:59","date_gmt":"2019-02-04T15:00:59","guid":{"rendered":"https:\/\/www.uv.mx\/prensa\/?p=62019"},"modified":"2019-02-01T20:48:26","modified_gmt":"2019-02-02T02:48:26","slug":"egresada-uv-primera-perito-en-linguistica-certificada-por-el-pjev","status":"publish","type":"post","link":"https:\/\/www.uv.mx\/prensa\/banner\/egresada-uv-primera-perito-en-linguistica-certificada-por-el-pjev\/","title":{"rendered":"Egresada UV, primera perito en ling\u00fc\u00edstica certificada por el PJEV"},"content":{"rendered":"<ul>\n<li><i>Lucila Ner<\/i><i>i<\/i><i> P\u00e9rez podr\u00e1 brindar aportaciones de an\u00e1lisis de textos y orales para la soluci\u00f3n de conflictos judiciales<\/i><\/li>\n<\/ul>\n<p>&nbsp;<\/p>\n<div id=\"attachment_61964\" style=\"width: 732px\" class=\"wp-caption aligncenter\"><a href=\"https:\/\/www.uv.mx\/prensa\/files\/2019\/02\/310119-Lucila-Neri-1.jpg\"><img loading=\"lazy\" decoding=\"async\" aria-describedby=\"caption-attachment-61964\" class=\"size-full wp-image-61964\" src=\"https:\/\/www.uv.mx\/prensa\/files\/2019\/02\/310119-Lucila-Neri-1.jpg\" alt=\"\" width=\"722\" height=\"963\" srcset=\"https:\/\/www.uv.mx\/prensa\/files\/2019\/02\/310119-Lucila-Neri-1.jpg 722w, https:\/\/www.uv.mx\/prensa\/files\/2019\/02\/310119-Lucila-Neri-1-225x300.jpg 225w\" sizes=\"auto, (max-width: 722px) 100vw, 722px\" \/><\/a><p id=\"caption-attachment-61964\" class=\"wp-caption-text\">Lucila Neri P\u00e9rez\u00a0<\/p><\/div>\n<p>&nbsp;<\/p>\n<p><b><i>Jos\u00e9 Luis <\/i><\/b><b><i>Couttolenc<\/i><\/b><b><i> Soto<\/i><\/b><\/p>\n<p><b><i>04\/02\/2019, Xalapa, <\/i><\/b><b><i>Ver.-<\/i><\/b> Lucila Neri P\u00e9rez, licenciada en Antropolog\u00eda Ling\u00fc\u00edstica por la Universidad Veracruzana (UV), se convirti\u00f3 el jueves 31 de enero en la primera perito en ling\u00fc\u00edstica certificada por el Poder Judicial del Estado de Veracruz (PJEV), con lo que est\u00e1 capacitada para identificar la atribuci\u00f3n de autor\u00eda de textos y audio que puedan servir en la soluci\u00f3n de alg\u00fan conflicto judicial.<\/p>\n<p>Al hablar de su incursi\u00f3n en esta nueva especialidad que comienza a tomar auge dentro de la actividad criminol\u00f3gica como una t\u00e9cnica \u201cfiltro\u201d, la joven plante\u00f3 que la pericia ling\u00fc\u00edstica permite orientar el campo de trabajo y reducir el n\u00famero de an\u00e1lisis gr\u00e1ficos. Constituye, adem\u00e1s, una alternativa a la pericia caligr\u00e1fica cuando por algunas circunstancias \u00e9sta no se puede llevar a cabo.<\/p>\n<p>La universitaria explic\u00f3 que el especialista utiliza una metodolog\u00eda ling\u00fc\u00edstica para la resoluci\u00f3n de casos dentro del contexto legal, \u201cy as\u00ed el lenguaje se convierte en una evidencia para detectar si la declaraci\u00f3n ha sido manipulada\u201d.<\/p>\n<p>Precis\u00f3 que cada persona tiene determinadas particularidades de expresi\u00f3n \u2013lo que en socioling\u00fc\u00edstica se conoce como idiolecto\u2013 y es a partir de \u00e9stas que se pueden efectuar investigaciones para llegar a la soluci\u00f3n de casos de \u00edndole legal.<\/p>\n<p>\u201cUn perito aporta pruebas mediante una investigaci\u00f3n, realiza su dictamen en el que est\u00e1n expl\u00edcitos todos los resultados encontrados, y a partir de ah\u00ed ser\u00e1 una evidencia para que el juez determine la soluci\u00f3n al caso que lleve\u201d, expuso Neri P\u00e9rez.<\/p>\n<p>Asimismo, consider\u00f3 que esta especialidad a\u00fan es poco conocida dentro del \u00e1mbito de la criminal\u00edstica, por lo que es necesario difundirla m\u00e1s para que los interesados en el estudio del lenguaje tengan mayores opciones en el mercado laboral.<\/p>\n<p>Por otra parte, dijo sentirse orgullosa de que como egresada de la UV se haya convertido en la primera perito en ling\u00fc\u00edstica de Veracruz, y, en autom\u00e1tico, forma parte del cat\u00e1logo de peritos en el pa\u00eds \u201cporque la Universidad Nacional Aut\u00f3noma de M\u00e9xico cuenta con un Departamento de Ingenier\u00eda Ling\u00fc\u00edstica, en donde hacen <i>s<\/i><i>oftware<\/i> para realizar investigaciones que tengan que ver con ling\u00fc\u00edstica forense, y ahora el PJEV reconoce la especialidad como un campo disciplinar para la investigaci\u00f3n\u201d.<\/p>\n<p>&nbsp;<\/p>\n<div id=\"attachment_61965\" style=\"width: 732px\" class=\"wp-caption aligncenter\"><a href=\"https:\/\/www.uv.mx\/prensa\/files\/2019\/02\/310119-Lucila-Neri-2.jpg\"><img loading=\"lazy\" decoding=\"async\" aria-describedby=\"caption-attachment-61965\" class=\"wp-image-61965 size-full\" src=\"https:\/\/www.uv.mx\/prensa\/files\/2019\/02\/310119-Lucila-Neri-2.jpg\" alt=\"\" width=\"722\" height=\"963\" srcset=\"https:\/\/www.uv.mx\/prensa\/files\/2019\/02\/310119-Lucila-Neri-2.jpg 722w, https:\/\/www.uv.mx\/prensa\/files\/2019\/02\/310119-Lucila-Neri-2-225x300.jpg 225w\" sizes=\"auto, (max-width: 722px) 100vw, 722px\" \/><\/a><p id=\"caption-attachment-61965\" class=\"wp-caption-text\">El certificado le fue entregado el 31 de enero<\/p><\/div>\n","protected":false},"excerpt":{"rendered":"<p>El Poder Judicial del Estado de Veracruz entreg\u00f3 a Lucila Neri P\u00e9rez su certificaci\u00f3n como perito en ling\u00fc\u00edstica, lo que la convierte en la primera y \u00fanica en esta entidad<\/p>\n","protected":false},"author":1508,"featured_media":62020,"comment_status":"closed","ping_status":"closed","sticky":false,"template":"","format":"standard","meta":{"footnotes":""},"categories":[61],"tags":[],"class_list":["post-62019","post","type-post","status-publish","format-standard","has-post-thumbnail","hentry","category-banner"],"_links":{"self":[{"href":"https:\/\/www.uv.mx\/prensa\/wp-json\/wp\/v2\/posts\/62019","targetHints":{"allow":["GET"]}}],"collection":[{"href":"https:\/\/www.uv.mx\/prensa\/wp-json\/wp\/v2\/posts"}],"about":[{"href":"https:\/\/www.uv.mx\/prensa\/wp-json\/wp\/v2\/types\/post"}],"author":[{"embeddable":true,"href":"https:\/\/www.uv.mx\/prensa\/wp-json\/wp\/v2\/users\/1508"}],"replies":[{"embeddable":true,"href":"https:\/\/www.uv.mx\/prensa\/wp-json\/wp\/v2\/comments?post=62019"}],"version-history":[{"count":0,"href":"https:\/\/www.uv.mx\/prensa\/wp-json\/wp\/v2\/posts\/62019\/revisions"}],"wp:featuredmedia":[{"embeddable":true,"href":"https:\/\/www.uv.mx\/prensa\/wp-json\/wp\/v2\/media\/62020"}],"wp:attachment":[{"href":"https:\/\/www.uv.mx\/prensa\/wp-json\/wp\/v2\/media?parent=62019"}],"wp:term":[{"taxonomy":"category","embeddable":true,"href":"https:\/\/www.uv.mx\/prensa\/wp-json\/wp\/v2\/categories?post=62019"},{"taxonomy":"post_tag","embeddable":true,"href":"https:\/\/www.uv.mx\/prensa\/wp-json\/wp\/v2\/tags?post=62019"}],"curies":[{"name":"wp","href":"https:\/\/api.w.org\/{rel}","templated":true}]}}