{"id":62013,"date":"2019-02-04T09:00:40","date_gmt":"2019-02-04T15:00:40","guid":{"rendered":"https:\/\/www.uv.mx\/prensa\/?p=62013"},"modified":"2019-02-05T11:25:04","modified_gmt":"2019-02-05T17:25:04","slug":"trio-chopin-presentara-musica-internacional-y-mexicana-en-este-ciclo-escolar","status":"publish","type":"post","link":"https:\/\/www.uv.mx\/prensa\/cultura\/trio-chopin-presentara-musica-internacional-y-mexicana-en-este-ciclo-escolar\/","title":{"rendered":"Tr\u00edo Chopin presentar\u00e1 m\u00fasica internacional y mexicana en este ciclo escolar"},"content":{"rendered":"<ul>\n<li><i>Preparan proyecto discogr\u00e1fico que contempla m\u00fasica de compositores del pa\u00eds<\/i><\/li>\n<\/ul>\n<p>&nbsp;<\/p>\n<div id=\"attachment_61896\" style=\"width: 732px\" class=\"wp-caption aligncenter\"><a href=\"https:\/\/www.uv.mx\/prensa\/files\/2019\/01\/310119-Trio-Chopin.jpg\"><img loading=\"lazy\" decoding=\"async\" aria-describedby=\"caption-attachment-61896\" class=\"size-full wp-image-61896\" src=\"https:\/\/www.uv.mx\/prensa\/files\/2019\/01\/310119-Trio-Chopin.jpg\" alt=\"\" width=\"722\" height=\"481\" srcset=\"https:\/\/www.uv.mx\/prensa\/files\/2019\/01\/310119-Trio-Chopin.jpg 722w, https:\/\/www.uv.mx\/prensa\/files\/2019\/01\/310119-Trio-Chopin-300x200.jpg 300w\" sizes=\"auto, (max-width: 722px) 100vw, 722px\" \/><\/a><p id=\"caption-attachment-61896\" class=\"wp-caption-text\">La agrupaci\u00f3n se dedica a difundir m\u00fasica de c\u00e1mara<\/p><\/div>\n<p>&nbsp;<\/p>\n<p><b><i>Karina de la Paz Reyes D\u00edaz<\/i><\/b><\/p>\n<p><b><i>04\/02\/19, Xalapa, ver.- <\/i><\/b>El Tr\u00edo Chopin, adscrito a la <a href=\"https:\/\/www.uv.mx\/difusioncultural\/\">Direcci\u00f3n General de Difusi\u00f3n Cultural<\/a> (DGDC) de la Universidad Veracruzana (UV) y dedicado a dar a conocer m\u00fasica de c\u00e1mara, desarrollar\u00e1 tres ejes en el ciclo escolar Febrero-Junio: difundir el repertorio de m\u00fasica internacional desde la \u00e9poca barroca hasta la actualidad, el de m\u00fasica mexicana y compartir el escenario con otros talentos art\u00edsticos.<\/p>\n<p>La agrupaci\u00f3n est\u00e1 integrada por Agnieszka Maklakiewicz (viol\u00edn), Anna Maklakiewicz (violonchelo) y Leonardo del Castillo (piano). \u00c9ste, que tambi\u00e9n se desempe\u00f1a como director del ensamble, explic\u00f3 que como parte de sus actividades tienen un programa denominado <i>Compartiendo escenario<\/i>, cuya finalidad es realizar conciertos con invitados especiales, sobre todo colegas de la comunidad musical, con la finalidad de ensanchar las posibilidades del ensamble.<\/p>\n<p>Otra de las vertientes del citado programa es que quienes los acompa\u00f1en no s\u00f3lo sean m\u00fasicos experimentados, sino estudiantes destacados de la Facultad de M\u00fasica de la UV y del Instituto Superior de M\u00fasica del Estado de Veracruz.<\/p>\n<p>Adelant\u00f3 que en febrero presentar\u00e1n un concierto con m\u00fasica de compositores polacos, en el Museo de Antropolog\u00eda de Xalapa y en la Casa del Lago UV. En marzo, como parte del programa <i>Compartiendo escenario<\/i>, har\u00e1n lo propio con la clarinetista Raquel Contreras; adem\u00e1s de interpretar repertorio internacional, en esta presentaci\u00f3n est\u00e1 contemplada <i>Tr\u00f3picos<\/i>, del mexicano Joaqu\u00edn Guti\u00e9rrez Heras (1927-2012), \u201cuna obra muy interesante de corte minimalista, aleatorio, m\u00fasica contempor\u00e1nea interesante y muy bien hecha de un compositor que muri\u00f3 en esta d\u00e9cada\u201d.<\/p>\n<p>En mayo, el invitado del Tr\u00edo Chopin ser\u00e1 Enrique Salmer\u00f3n, guitarrista y acad\u00e9mico de la Facultad de M\u00fasica de la UV, quien adem\u00e1s se desempe\u00f1a como music\u00f3logo y es reconocido entre sus colegas por el rescate de la vida musical en Xalapa. En junio, el tercer invitado ser\u00e1 el violista Jes\u00fas Villalpando, integrante de la Orquesta Filarm\u00f3nica de Boca del R\u00edo, con quien interpretar\u00e1n m\u00fasica de Johannes Brahms y del mexicano Jos\u00e9 Rol\u00f3n (1876-1945), quien es \u201cpr\u00e1cticamente desconocido incluso para la misma comunidad musical\u201d.<\/p>\n<p>Las presentaciones de Joaqu\u00edn Guti\u00e9rrez Heras y de Jos\u00e9 Rol\u00f3n son parte de un proyecto discogr\u00e1fico que el Tr\u00edo Chopin desarrollar\u00e1 en la segunda parte del a\u00f1o, adelant\u00f3 Leonardo del Castillo.<\/p>\n<p>Cabe recordar que la DGDC de la UV ofrece una Cartelera Universitaria que informa de las actividades de los grupos art\u00edsticos de la instituci\u00f3n. Para ello se sugiere consultar sus cuentas en las redes sociales <i>Facebook<\/i>: Difusi\u00f3n Cultural UV, <i>Twitter<\/i>: @DGDCulturalUV e <i>Instagram<\/i>: dculturaluv, as\u00ed como el portal <a href=\"https:\/\/www.uv.mx\/difusioncultural\">www.uv.mx\/difusioncultural.<\/a><\/p>\n","protected":false},"excerpt":{"rendered":"<p>La agrupaci\u00f3n prepara proyecto discogr\u00e1fico con obras de compositores  nacionales<\/p>\n","protected":false},"author":1508,"featured_media":61896,"comment_status":"closed","ping_status":"closed","sticky":false,"template":"","format":"standard","meta":{"footnotes":""},"categories":[11],"tags":[],"class_list":["post-62013","post","type-post","status-publish","format-standard","has-post-thumbnail","hentry","category-cultura"],"_links":{"self":[{"href":"https:\/\/www.uv.mx\/prensa\/wp-json\/wp\/v2\/posts\/62013","targetHints":{"allow":["GET"]}}],"collection":[{"href":"https:\/\/www.uv.mx\/prensa\/wp-json\/wp\/v2\/posts"}],"about":[{"href":"https:\/\/www.uv.mx\/prensa\/wp-json\/wp\/v2\/types\/post"}],"author":[{"embeddable":true,"href":"https:\/\/www.uv.mx\/prensa\/wp-json\/wp\/v2\/users\/1508"}],"replies":[{"embeddable":true,"href":"https:\/\/www.uv.mx\/prensa\/wp-json\/wp\/v2\/comments?post=62013"}],"version-history":[{"count":0,"href":"https:\/\/www.uv.mx\/prensa\/wp-json\/wp\/v2\/posts\/62013\/revisions"}],"wp:featuredmedia":[{"embeddable":true,"href":"https:\/\/www.uv.mx\/prensa\/wp-json\/wp\/v2\/media\/61896"}],"wp:attachment":[{"href":"https:\/\/www.uv.mx\/prensa\/wp-json\/wp\/v2\/media?parent=62013"}],"wp:term":[{"taxonomy":"category","embeddable":true,"href":"https:\/\/www.uv.mx\/prensa\/wp-json\/wp\/v2\/categories?post=62013"},{"taxonomy":"post_tag","embeddable":true,"href":"https:\/\/www.uv.mx\/prensa\/wp-json\/wp\/v2\/tags?post=62013"}],"curies":[{"name":"wp","href":"https:\/\/api.w.org\/{rel}","templated":true}]}}