{"id":62000,"date":"2019-02-04T09:00:45","date_gmt":"2019-02-04T15:00:45","guid":{"rendered":"https:\/\/www.uv.mx\/prensa\/?p=62000"},"modified":"2019-02-05T11:24:18","modified_gmt":"2019-02-05T17:24:18","slug":"juegos-estatales-del-condde-del-22-al-27-de-febrero","status":"publish","type":"post","link":"https:\/\/www.uv.mx\/prensa\/general\/juegos-estatales-del-condde-del-22-al-27-de-febrero\/","title":{"rendered":"Juegos Estatales del <em>Condde<\/em>, del 22 al 27 de febrero"},"content":{"rendered":"<ul>\n<li><em><span class=\"TextRun SCXW254046570\" lang=\"ES-MX\" xml:lang=\"ES-MX\"><span class=\"NormalTextRun SCXW254046570\">Xalapa<\/span><\/span> <span class=\"TextRun SCXW254046570\" lang=\"ES-MX\" xml:lang=\"ES-MX\"><span class=\"NormalTextRun SCXW254046570\">ser\u00e1 <\/span><\/span><span class=\"TextRun SCXW254046570\" lang=\"ES-MX\" xml:lang=\"ES-MX\"><span class=\"NormalTextRun SCXW254046570\">sede de los <\/span><\/span><span class=\"TextRun SCXW254046570\" lang=\"ES-MX\" xml:lang=\"ES-MX\"><span class=\"NormalTextRun SCXW254046570\">deportes <\/span><\/span><span class=\"TextRun SCXW254046570\" lang=\"ES-MX\" xml:lang=\"ES-MX\"><span class=\"NormalTextRun SCXW254046570\">individuales<\/span><\/span> <span class=\"TextRun SCXW254046570\" lang=\"ES-MX\" xml:lang=\"ES-MX\"><span class=\"NormalTextRun SCXW254046570\">y <\/span><\/span><span class=\"TextRun SCXW254046570\" lang=\"ES-MX\" xml:lang=\"ES-MX\"><span class=\"NormalTextRun SCXW254046570\">Veracruz<\/span><\/span><span class=\"TextRun SCXW254046570\" lang=\"ES-MX\" xml:lang=\"ES-MX\"><span class=\"NormalTextRun SCXW254046570\"> albergar\u00e1 l<\/span><\/span><span class=\"TextRun SCXW254046570\" lang=\"ES-MX\" xml:lang=\"ES-MX\"><span class=\"NormalTextRun SCXW254046570\">as disciplinas <\/span><\/span><span class=\"TextRun SCXW254046570\" lang=\"ES-MX\" xml:lang=\"ES-MX\"><span class=\"NormalTextRun SCXW254046570\">de conjunto<\/span><\/span><span class=\"TextRun SCXW254046570\" lang=\"ES-MX\" xml:lang=\"ES-MX\"><span class=\"NormalTextRun SCXW254046570\">, inform\u00f3 Maribel Barradas, titular de la DADUV<\/span><\/span><\/em><\/li>\n<\/ul>\n<p>&nbsp;<\/p>\n<div id=\"attachment_61971\" style=\"width: 732px\" class=\"wp-caption aligncenter\"><a href=\"https:\/\/www.uv.mx\/prensa\/files\/2019\/02\/010219-CONDDE-MARIBEL-BARRADAS.jpg\"><img loading=\"lazy\" decoding=\"async\" aria-describedby=\"caption-attachment-61971\" class=\"size-full wp-image-61971\" src=\"https:\/\/www.uv.mx\/prensa\/files\/2019\/02\/010219-CONDDE-MARIBEL-BARRADAS.jpg\" alt=\"\" width=\"722\" height=\"481\" srcset=\"https:\/\/www.uv.mx\/prensa\/files\/2019\/02\/010219-CONDDE-MARIBEL-BARRADAS.jpg 722w, https:\/\/www.uv.mx\/prensa\/files\/2019\/02\/010219-CONDDE-MARIBEL-BARRADAS-300x200.jpg 300w\" sizes=\"auto, (max-width: 722px) 100vw, 722px\" \/><\/a><p id=\"caption-attachment-61971\" class=\"wp-caption-text\">Maribel Barradas Landa, titular de la DADUV<\/p><\/div>\n<p>&nbsp;<\/p>\n<p><b><i>Santiago Morales Ortiz<\/i><\/b><\/p>\n<p><b><i>04\/02\/19, Xalapa, Ver.-<\/i><\/b> Maribel Barradas Landa, titular de la <a href=\"https:\/\/www.uv.mx\/daduv\/\">Direcci\u00f3n de Actividades Deportivas de la Universidad Veracruzana<\/a> (DADUV), inform\u00f3 que los Juegos Estatales de Educaci\u00f3n Superior se llevar\u00e1n a cabo del 22 al 27 de este mes, con la participaci\u00f3n de las instituciones afiliadas al Consejo Nacional del Deporte de la Educaci\u00f3n (<i>Condde<\/i>), rumbo a la Universiada Nacional 2019.<\/p>\n<p>La funcionaria detall\u00f3 que esta etapa es clasificatoria para los Regionales y Xalapa ser\u00e1 sede de los deportes individuales, en tanto que Veracruz albergar\u00e1 las disciplinas de conjunto.<\/p>\n<p>La delegaci\u00f3n de <i>Halcones<\/i> de la UV s\u00f3lo participar\u00e1 en los deportes individuales ya que al ser sede de la etapa Regional \u2013a realizarse del 22 de marzo al 1 de abril\u2013 tiene pase directo y s\u00f3lo buscar\u00e1 clasificar m\u00e1s deportistas en las disciplinas individuales.<\/p>\n<p>Barradas Landa se\u00f1al\u00f3 que en el caso de los deportes de conjunto la organizaci\u00f3n correr\u00e1 a cargo de la Universidad Crist\u00f3bal Col\u00f3n, con el apoyo de la UV.<\/p>\n<p>Respecto a las disciplinas individuales, la actividad se centrar\u00e1 en deportes como ajedrez, atletismo, halterofilia, karate do, taekwondo, judo, tenis, tenis de mesa y triatl\u00f3n, entre otros, en las instalaciones de la capital veracruzana.<\/p>\n<p>A\u00f1adi\u00f3 que de acuerdo a la informaci\u00f3n del <i>Condde<\/i>, a\u00fan no hay sede para la Universiada Nacional 2019, programada tentativamente para el 22 de abril al 7 de mayo.<\/p>\n<p>Finalmente, dijo que en este a\u00f1o la meta de <i>Halcones<\/i> UV ser\u00e1 clasificar a un mayor n\u00famero de deportistas a la Universiada Nacional, con el objetivo de mantenerse entre las 10 mejores instituciones del pa\u00eds.<\/p>\n","protected":false},"excerpt":{"rendered":"<p>Xalapa ser\u00e1 sede de los deportes individuales y Veracruz albergar\u00e1 las disciplinas de conjunto, inform\u00f3 Maribel Barradas, titular de la DADUV<\/p>\n","protected":false},"author":1508,"featured_media":61971,"comment_status":"closed","ping_status":"closed","sticky":false,"template":"","format":"standard","meta":{"footnotes":""},"categories":[1],"tags":[],"class_list":["post-62000","post","type-post","status-publish","format-standard","has-post-thumbnail","hentry","category-general"],"_links":{"self":[{"href":"https:\/\/www.uv.mx\/prensa\/wp-json\/wp\/v2\/posts\/62000","targetHints":{"allow":["GET"]}}],"collection":[{"href":"https:\/\/www.uv.mx\/prensa\/wp-json\/wp\/v2\/posts"}],"about":[{"href":"https:\/\/www.uv.mx\/prensa\/wp-json\/wp\/v2\/types\/post"}],"author":[{"embeddable":true,"href":"https:\/\/www.uv.mx\/prensa\/wp-json\/wp\/v2\/users\/1508"}],"replies":[{"embeddable":true,"href":"https:\/\/www.uv.mx\/prensa\/wp-json\/wp\/v2\/comments?post=62000"}],"version-history":[{"count":0,"href":"https:\/\/www.uv.mx\/prensa\/wp-json\/wp\/v2\/posts\/62000\/revisions"}],"wp:featuredmedia":[{"embeddable":true,"href":"https:\/\/www.uv.mx\/prensa\/wp-json\/wp\/v2\/media\/61971"}],"wp:attachment":[{"href":"https:\/\/www.uv.mx\/prensa\/wp-json\/wp\/v2\/media?parent=62000"}],"wp:term":[{"taxonomy":"category","embeddable":true,"href":"https:\/\/www.uv.mx\/prensa\/wp-json\/wp\/v2\/categories?post=62000"},{"taxonomy":"post_tag","embeddable":true,"href":"https:\/\/www.uv.mx\/prensa\/wp-json\/wp\/v2\/tags?post=62000"}],"curies":[{"name":"wp","href":"https:\/\/api.w.org\/{rel}","templated":true}]}}