{"id":61820,"date":"2019-01-31T09:00:26","date_gmt":"2019-01-31T15:00:26","guid":{"rendered":"https:\/\/www.uv.mx\/prensa\/?p=61820"},"modified":"2019-01-31T10:51:42","modified_gmt":"2019-01-31T16:51:42","slug":"mujeres-enfrentan-medidas-de-salud-reproductiva-en-silencio","status":"publish","type":"post","link":"https:\/\/www.uv.mx\/prensa\/general\/mujeres-enfrentan-medidas-de-salud-reproductiva-en-silencio\/","title":{"rendered":"Mujeres enfrentan medidas de salud reproductiva en silencio"},"content":{"rendered":"<ul>\n<li><i>Alma M\u00f3nica Almaraz Morales, alumna de la Maestr\u00eda en Ciencias Sociales, recogi\u00f3 narrativas de <\/i><i>la regi\u00f3n de Los Tuxtlas<\/i><\/li>\n<li><i>Influyen percep<\/i><i>ciones ideol\u00f3gicas y culturales<\/i><i> en <\/i><i>temas como la menstruaci\u00f3n, m\u00e9todos anticonceptivos, menopausia, embarazos, parto y aborto<\/i><\/li>\n<\/ul>\n<p>&nbsp;<\/p>\n<div id=\"attachment_61675\" style=\"width: 732px\" class=\"wp-caption aligncenter\"><a href=\"https:\/\/www.uv.mx\/prensa\/files\/2019\/01\/250119-SALUD-REPRODUCTIVA-LOS-TUXTLAS-1-100k.jpg\"><img loading=\"lazy\" decoding=\"async\" aria-describedby=\"caption-attachment-61675\" class=\"size-full wp-image-61675\" src=\"https:\/\/www.uv.mx\/prensa\/files\/2019\/01\/250119-SALUD-REPRODUCTIVA-LOS-TUXTLAS-1-100k.jpg\" alt=\"\" width=\"722\" height=\"481\" srcset=\"https:\/\/www.uv.mx\/prensa\/files\/2019\/01\/250119-SALUD-REPRODUCTIVA-LOS-TUXTLAS-1-100k.jpg 722w, https:\/\/www.uv.mx\/prensa\/files\/2019\/01\/250119-SALUD-REPRODUCTIVA-LOS-TUXTLAS-1-100k-300x200.jpg 300w\" sizes=\"auto, (max-width: 722px) 100vw, 722px\" \/><\/a><p id=\"caption-attachment-61675\" class=\"wp-caption-text\">M\u00f3nica Almaraz Morales, alumna de la Maestr\u00eda en Ciencias Sociales<\/p><\/div>\n<p>&nbsp;<\/p>\n<p>&nbsp;<\/p>\n<p><b><i>Claudia Peralta V\u00e1zquez<\/i><\/b><\/p>\n<p><b><i>31<\/i><\/b><b><i>\/01\/<\/i><\/b><b><i>1<\/i><\/b><b><i>9, Xalapa, Ver.- <\/i><\/b>Las mujeres de la regi\u00f3n de Los Tuxtlas viven silenciadas sus procesos de salud reproductiva pues sus percepciones ideol\u00f3gicas y culturales influyen al momento de expresarse en torno a temas como la menstruaci\u00f3n, m\u00e9todos anticonceptivos, menopausia, embarazo, parto y aborto.<\/p>\n<p>Lo anterior, es la hip\u00f3tesis de la tesis que desarrolla Alma M\u00f3nica Almaraz Morales, alumna de la Maestr\u00eda en Ciencias Sociales del<a href=\"https:\/\/www.uv.mx\/iihs\/\"> Instituto de Investigaciones Hist\u00f3rico-Sociales<\/a> (IIH-S) de la Universidad Veracruzana (UV).<\/p>\n<p>El viernes 25 de enero, en el Coloquio de Presentaci\u00f3n de Avances de Investigaci\u00f3n de este posgrado, Alma M\u00f3nica resalt\u00f3 que el inter\u00e9s por el tema naci\u00f3 de una experiencia profesional anterior donde abord\u00f3 la salud sexual reproductiva en j\u00f3venes.<\/p>\n<p>Con el proyecto \u201cNarrativas sobre la anticoncepci\u00f3n en las mujeres de Los Tuxtlas\u201d, busca captar las percepciones y significados culturales que las mujeres dan a sus procesos de salud, as\u00ed como visibilizar este tipo de vivencias.<\/p>\n<p>\u201cSon experiencias muy individuales y al momento de conjugarlas a nivel comunitario puede haber mucha similitud\u201d, dijo la joven egresada de la Licenciatura en Antropolog\u00eda de la Universidad Aut\u00f3noma de Quer\u00e9taro (UAQ).<\/p>\n<p>Coment\u00f3 que su llegada a esta zona se dio a ra\u00edz de algunos contactos que sus profesores de la universidad tienen con organizaciones de la sociedad civil expertas en la tem\u00e1tica.<\/p>\n<p>Reconoci\u00f3 que la experiencia en campo fue dif\u00edcil y consisti\u00f3 en tres estancias en las que visit\u00f3 cinco localidades de los municipios de Catemaco, Santiago Tuxtla y Soteapan, donde entrevist\u00f3 a un total de 30 mujeres entre los 30 y 50 a\u00f1os de edad.<\/p>\n<p>\u201cFue convivencia y di\u00e1logo con las mujeres en espacios como sus solares y cocinas, o a trav\u00e9s de paseos; ello me permiti\u00f3 generar confianza y amistad para hablar de este tema tan \u00edntimo y particular.\u201d<\/p>\n<p>De esta manera, Alma M\u00f3nica pudo recabar informaci\u00f3n de c\u00f3mo perciben estos procesos y etapas de su vida y salud reproductiva. Por ejemplo, en el tema de anticoncepci\u00f3n, a pesar de contar con informaci\u00f3n procedente de instancias de salud p\u00fablica, ellas dijeron nunca haber empleado alg\u00fan m\u00e9todo anticonceptivo, pues utilizan otras alternativas naturales como el ritmo.<\/p>\n<p>En cuanto al embarazo, expresaron que han tenido que asistir sus propios partos ante la imposibilidad de pagarle a una partera o por la lejan\u00eda de un centro de salud u hospital.<\/p>\n<p>Sobre el tema de la menstruaci\u00f3n, existen mitos como el de no ir a la milpa bajo el argumento de que por cursar ese periodo pueden quemar la planta. Asimismo, manifestaron que el asunto de la menarquia les caus\u00f3 mucha sorpresa y miedo, pues sus madres nunca les hablaron de ello.<\/p>\n<p>Al tocar el punto de la menopausia, comentaron que era la primera vez que platicaban al respecto, de sus inquietudes y malestares, pues les daba pena expresarlo con los dem\u00e1s, con la familia y el esposo.<\/p>\n<p>Son mujeres que a pesar de recibir pl\u00e1ticas y tener a la mano servicios de salud, tambi\u00e9n optan por la medicina tradicional y la herbolaria, subray\u00f3.<\/p>\n<p>Un caso m\u00e1s es el de sus maridos, quienes se reh\u00fasan a practicarse la vasectom\u00eda porque piensan que perder\u00e1n la fertilidad, masculinidad y potencia sexual.<\/p>\n<p>Alma M\u00f3nica Almaraz consider\u00f3 que este estudio refleja datos cualitativos, por lo que puede ser de gran utilidad y contribuir en la toma de decisiones sobre planificaci\u00f3n familiar.<\/p>\n<p>Al referirse a su estancia en esta ciudad, expuso que la UV es reconocida a nivel nacional, sobre todo en los \u00e1mbitos de las humanidades y ciencias sociales; adem\u00e1s, considera que los alumnos egresan con buenas herramientas metodol\u00f3gicas y te\u00f3ricas.<\/p>\n","protected":false},"excerpt":{"rendered":"<p>Esta es la hip\u00f3tesis de la tesis que desarrolla Alma M\u00f3nica Almaraz Morales, alumna de la Maestr\u00eda en Ciencias Sociales que imparte el Instituto de Investigaciones Hist\u00f3rico-Sociales <\/p>\n","protected":false},"author":1869,"featured_media":61675,"comment_status":"closed","ping_status":"closed","sticky":false,"template":"","format":"standard","meta":{"footnotes":""},"categories":[1],"tags":[],"class_list":["post-61820","post","type-post","status-publish","format-standard","has-post-thumbnail","hentry","category-general"],"_links":{"self":[{"href":"https:\/\/www.uv.mx\/prensa\/wp-json\/wp\/v2\/posts\/61820","targetHints":{"allow":["GET"]}}],"collection":[{"href":"https:\/\/www.uv.mx\/prensa\/wp-json\/wp\/v2\/posts"}],"about":[{"href":"https:\/\/www.uv.mx\/prensa\/wp-json\/wp\/v2\/types\/post"}],"author":[{"embeddable":true,"href":"https:\/\/www.uv.mx\/prensa\/wp-json\/wp\/v2\/users\/1869"}],"replies":[{"embeddable":true,"href":"https:\/\/www.uv.mx\/prensa\/wp-json\/wp\/v2\/comments?post=61820"}],"version-history":[{"count":0,"href":"https:\/\/www.uv.mx\/prensa\/wp-json\/wp\/v2\/posts\/61820\/revisions"}],"wp:featuredmedia":[{"embeddable":true,"href":"https:\/\/www.uv.mx\/prensa\/wp-json\/wp\/v2\/media\/61675"}],"wp:attachment":[{"href":"https:\/\/www.uv.mx\/prensa\/wp-json\/wp\/v2\/media?parent=61820"}],"wp:term":[{"taxonomy":"category","embeddable":true,"href":"https:\/\/www.uv.mx\/prensa\/wp-json\/wp\/v2\/categories?post=61820"},{"taxonomy":"post_tag","embeddable":true,"href":"https:\/\/www.uv.mx\/prensa\/wp-json\/wp\/v2\/tags?post=61820"}],"curies":[{"name":"wp","href":"https:\/\/api.w.org\/{rel}","templated":true}]}}