{"id":61712,"date":"2019-01-29T14:44:29","date_gmt":"2019-01-29T20:44:29","guid":{"rendered":"https:\/\/www.uv.mx\/prensa\/?p=61712"},"modified":"2021-12-09T18:18:59","modified_gmt":"2021-12-10T00:18:59","slug":"trabajo-social-entrego-juguetes-a-ninos-de-zaragoza","status":"publish","type":"post","link":"https:\/\/www.uv.mx\/prensa\/regiones\/coatzacoalcos\/trabajo-social-entrego-juguetes-a-ninos-de-zaragoza\/","title":{"rendered":"Trabajo Social entreg\u00f3 juguetes a ni\u00f1os de Zaragoza"},"content":{"rendered":"<div id=\"attachment_61606\" style=\"width: 732px\" class=\"wp-caption aligncenter\"><a href=\"https:\/\/www.uv.mx\/prensa\/files\/2019\/01\/250119-CECILIA-JuguetesTS1.1.jpg\"><img aria-describedby=\"caption-attachment-61606\" decoding=\"async\" loading=\"lazy\" class=\"size-full wp-image-61606\" src=\"https:\/\/www.uv.mx\/prensa\/files\/2019\/01\/250119-CECILIA-JuguetesTS1.1.jpg\" alt=\"\" width=\"722\" height=\"481\" srcset=\"https:\/\/www.uv.mx\/prensa\/files\/2019\/01\/250119-CECILIA-JuguetesTS1.1.jpg 722w, https:\/\/www.uv.mx\/prensa\/files\/2019\/01\/250119-CECILIA-JuguetesTS1.1-300x200.jpg 300w\" sizes=\"(max-width: 722px) 100vw, 722px\" \/><\/a><p id=\"caption-attachment-61606\" class=\"wp-caption-text\">Entrega de juguetes en el Jard\u00edn de Ni\u00f1os \u201cEnrique Pestalozzi\u201d<\/p><\/div>\n<p><b><i>Cecilia Escriban<\/i><\/b><b><i>o Reyes<\/i><\/b><\/p>\n<p><b><i>2<\/i><\/b><b><i>9<\/i><\/b><b><i>\/01\/19, Zaragoza, Ver.- <\/i><\/b>La <a href=\"https:\/\/www.uv.mx\/coatza\/trabajosocial\/\">Facultad de Trabajo Social de la Universidad Veracruzana<\/a> (UV), <i>campus<\/i> Minatitl\u00e1n, entreg\u00f3 el jueves 24 de enero m\u00e1s de 250 juguetes a ni\u00f1os de los niveles de preescolar y primaria del municipio de Zaragoza, los cuales se recolectaron en las campa\u00f1as \u201cApadrina una carta\u201d y \u201cDona un juguete\u201d del Voluntariado de esta casa de estudios.<\/p>\n<p>Alumnos de primer semestre de la Facultad, acompa\u00f1ados por la directora Georgina Hern\u00e1ndez R\u00edos; la secretaria Acad\u00e9mica, Nelly de Jes\u00fas Jim\u00e9nez Calc\u00e1neo, y la secretaria del H. Ayuntamiento de Zaragoza, Olivia de los Santos Ignacio, acudieron al Jard\u00edn de Ni\u00f1os \u201cEnrique Pestalozzi\u201d y la Escuela Primaria \u201cAquiles Serd\u00e1n\u201d para entregar los juguetes.<\/p>\n<p>Cabe destacar que los estudiantes mostraron gran compromiso en la organizaci\u00f3n y entusiasmo por cumplir los sue\u00f1os de los ni\u00f1os de Zaragoza, se sumaron de manera inmediata.<\/p>\n<p>Beatriz Castillo Ram\u00edrez, maestra del Jard\u00edn de Ni\u00f1os \u201cEnrique Pestalozzi\u201d que tiene m\u00e1s de 170 alumnos, agradeci\u00f3 a los universitarios por esta sorpresa y expres\u00f3: \u201cRara vez los ni\u00f1os reciben un apoyo como \u00e9ste, quiz\u00e1 para los adultos puede ser insignificante, pero para ellos representa mucha felicidad, se nota en sus sonrisas y entusiasmo\u201d.<\/p>\n<p>Domingo Hern\u00e1ndez Hern\u00e1ndez, director de la Escuela Primaria \u201cAquiles Serd\u00e1n\u201d, que cuenta con 46 alumnos, dijo sentirse contento y agradecido con este apoyo de la UV y a\u00f1adi\u00f3: \u201cPara los ni\u00f1os es importante la fantas\u00eda de jugar y divertirse, recibir un juguete los emociona, por lo que les pido que no se olviden de las comunidades vulnerables\u201d.<\/p>\n<p>Al respecto, Georgina Hern\u00e1ndez coment\u00f3 que la invitaci\u00f3n para participar en las campa\u00f1as del Voluntariado de la UV les fue extendida por el vicerrector Carlos Lamothe Zavaleta, la cual recibieron con alegr\u00eda y entusiasmo.<\/p>\n<p>\u201cDecidimos entregar los juguetes en la regi\u00f3n para que nuestros ni\u00f1os fueran beneficiados\u201d, expres\u00f3 y recalc\u00f3 que Zaragoza es un municipio donde la Facultad de Trabajo Social mantiene constante relaci\u00f3n ya que ah\u00ed se hacen pr\u00e1cticas de comunidad.<\/p>\n<p>\u201cTenemos claro que somos profesionales en Trabajo Social, pero esto complementa la formaci\u00f3n de los estudiantes, los hace sensibles y solidarios con las personas que tienen m\u00e1s carencias\u201d, concluy\u00f3.<\/p>\n<div id=\"attachment_61613\" style=\"width: 732px\" class=\"wp-caption aligncenter\"><a href=\"https:\/\/www.uv.mx\/prensa\/files\/2019\/01\/250119-CECILIA-JuguetesTS2.jpg\"><img aria-describedby=\"caption-attachment-61613\" decoding=\"async\" loading=\"lazy\" class=\"size-full wp-image-61613\" src=\"https:\/\/www.uv.mx\/prensa\/files\/2019\/01\/250119-CECILIA-JuguetesTS2.jpg\" alt=\"\" width=\"722\" height=\"481\" srcset=\"https:\/\/www.uv.mx\/prensa\/files\/2019\/01\/250119-CECILIA-JuguetesTS2.jpg 722w, https:\/\/www.uv.mx\/prensa\/files\/2019\/01\/250119-CECILIA-JuguetesTS2-300x200.jpg 300w\" sizes=\"(max-width: 722px) 100vw, 722px\" \/><\/a><p id=\"caption-attachment-61613\" class=\"wp-caption-text\">Entrega de juguetes en la Escuela Primaria \u201cAquiles Serd\u00e1n\u201d<\/p><\/div>\n","protected":false},"excerpt":{"rendered":"<p>Estudiantes del <em>campus<\/em> Minatitl\u00e1n se sumaron a las campa\u00f1as \u201cApadrina una carta\u201d y \u201cDona un juguete\u201d, del Voluntariado UV <\/p>\n","protected":false},"author":1775,"featured_media":61606,"comment_status":"closed","ping_status":"closed","sticky":false,"template":"","format":"standard","meta":[],"categories":[52],"tags":[64,5221,4167,65,800,1973,1613,1561,6228,6227],"_links":{"self":[{"href":"https:\/\/www.uv.mx\/prensa\/wp-json\/wp\/v2\/posts\/61712"}],"collection":[{"href":"https:\/\/www.uv.mx\/prensa\/wp-json\/wp\/v2\/posts"}],"about":[{"href":"https:\/\/www.uv.mx\/prensa\/wp-json\/wp\/v2\/types\/post"}],"author":[{"embeddable":true,"href":"https:\/\/www.uv.mx\/prensa\/wp-json\/wp\/v2\/users\/1775"}],"replies":[{"embeddable":true,"href":"https:\/\/www.uv.mx\/prensa\/wp-json\/wp\/v2\/comments?post=61712"}],"version-history":[{"count":1,"href":"https:\/\/www.uv.mx\/prensa\/wp-json\/wp\/v2\/posts\/61712\/revisions"}],"predecessor-version":[{"id":107137,"href":"https:\/\/www.uv.mx\/prensa\/wp-json\/wp\/v2\/posts\/61712\/revisions\/107137"}],"wp:featuredmedia":[{"embeddable":true,"href":"https:\/\/www.uv.mx\/prensa\/wp-json\/wp\/v2\/media\/61606"}],"wp:attachment":[{"href":"https:\/\/www.uv.mx\/prensa\/wp-json\/wp\/v2\/media?parent=61712"}],"wp:term":[{"taxonomy":"category","embeddable":true,"href":"https:\/\/www.uv.mx\/prensa\/wp-json\/wp\/v2\/categories?post=61712"},{"taxonomy":"post_tag","embeddable":true,"href":"https:\/\/www.uv.mx\/prensa\/wp-json\/wp\/v2\/tags?post=61712"}],"curies":[{"name":"wp","href":"https:\/\/api.w.org\/{rel}","templated":true}]}}