{"id":61678,"date":"2019-01-28T15:07:07","date_gmt":"2019-01-28T21:07:07","guid":{"rendered":"https:\/\/www.uv.mx\/prensa\/?p=61678"},"modified":"2019-01-28T15:28:52","modified_gmt":"2019-01-28T21:28:52","slug":"uv-renueva-titulares-en-areas-que-definen-su-personalidad","status":"publish","type":"post","link":"https:\/\/www.uv.mx\/prensa\/banner\/uv-renueva-titulares-en-areas-que-definen-su-personalidad\/","title":{"rendered":"UV renueva titulares en \u00e1reas que definen su personalidad"},"content":{"rendered":"<ul>\n<li><i>\u00c9<\/i><i>stas son<\/i><i>:<\/i> <i>Coordi<\/i><i>naci\u00f3n <\/i><i>Universitaria de<\/i><i> Transparencia<\/i><i>,<\/i> <i>Acceso a la Informaci\u00f3n y Protecci\u00f3n de Datos Personales <\/i><i>(CUTAI<\/i><i>)<\/i><i>; \u00c1rea de Formaci\u00f3n B\u00e1sica General; y<\/i><i> la Direcci\u00f3n General de<\/i><i> Difusi\u00f3n Cultural<\/i><\/li>\n<li><i>L<\/i><i>a rectora Sara Ladr\u00f3n de Guevara<\/i><i> tom\u00f3 protesta a los nuevos funcionarios<\/i><\/li>\n<li><i>Se<\/i><i> guard<\/i><i>\u00f3 <\/i><i>un minuto de silencio<\/i><i> en memoria de Arturo Meseguer Lima, acaecido recientemente<\/i><\/li>\n<\/ul>\n<p>&nbsp;<\/p>\n<div id=\"attachment_61680\" style=\"width: 732px\" class=\"wp-caption aligncenter\"><a href=\"https:\/\/www.uv.mx\/prensa\/files\/2019\/01\/280119-NOMBRAMIENTOS-1.jpg\"><img loading=\"lazy\" decoding=\"async\" aria-describedby=\"caption-attachment-61680\" class=\"size-full wp-image-61680\" src=\"https:\/\/www.uv.mx\/prensa\/files\/2019\/01\/280119-NOMBRAMIENTOS-1.jpg\" alt=\"\" width=\"722\" height=\"482\" srcset=\"https:\/\/www.uv.mx\/prensa\/files\/2019\/01\/280119-NOMBRAMIENTOS-1.jpg 722w, https:\/\/www.uv.mx\/prensa\/files\/2019\/01\/280119-NOMBRAMIENTOS-1-300x200.jpg 300w\" sizes=\"auto, (max-width: 722px) 100vw, 722px\" \/><\/a><p id=\"caption-attachment-61680\" class=\"wp-caption-text\">La rectora Sara Ladr\u00f3n de Guevara tom\u00f3 protesta a los nuevos funcionarios<\/p><\/div>\n<p>&nbsp;<\/p>\n<p><b><i>Claudia Peralta V\u00e1zquez<\/i><\/b><\/p>\n<p><b><i>28\/01\/19, Xalapa, <\/i><\/b><b><i>Ver.-<\/i><\/b> La rectora de la Universidad Veracruzana (UV), Sara Ladr\u00f3n de Guevara, entreg\u00f3 este lunes 28 de enero nuevos nombramientos en tres \u00e1reas que definen la personalidad de la m\u00e1xima casa de estudios: la Coordinaci\u00f3n Universitaria de Transparencia, Acceso a la Informaci\u00f3n y Protecci\u00f3n de Datos Personales (CUTAI); \u00c1rea de Formaci\u00f3n B\u00e1sica General (AFBG), y la Direcci\u00f3n General de Difusi\u00f3n Cultural (DGDC).<\/p>\n<p>En una ceremonia celebrada en la Sala de Juntas de la Rector\u00eda, Gerardo Garc\u00eda Ricardo, Luz del Carmen Rivas Morales y Rafael Alcal\u00e1 Hinojosa, respectivamente, rindieron protesta y agradecieron a la Rectora y a los integrantes del Consejo Universitario General (CUG) la confianza depositada en su persona; asimismo, garantizaron su disposici\u00f3n, compromiso y entrega a este llamado institucional.<\/p>\n<p>Sara Ladr\u00f3n de Guevara destac\u00f3 que las \u00e1reas relevadas se podr\u00edan definir como la personalidad de la UV, y confi\u00f3 en que dichas designaciones \u2013respaldadas por el gremio universitario\u2013 abonar\u00e1n en su esfuerzo y grandeza.<\/p>\n<p>En primer t\u00e9rmino coment\u00f3 que por ley, la transparencia ha sido parte de la cultura de los universitarios y se ha procurado dar cuenta y demostrar a la sociedad el uso del patrimonio de los veracruzanos, el cual es certero, eficiente y responsable.<\/p>\n<p>\u201cLa UV siempre ha sido muy clara en la visibilidad de sus recursos materiales y humanos, que finalmente es su valor m\u00e1s grande.\u201d<\/p>\n<p>Otra muestra de la personalidad de la m\u00e1xima casa de estudios, dijo, es el AFBG cuyo dise\u00f1o garantiza a los alumnos la adquisici\u00f3n de habilidades en temas que de pronto llegaron y no eran tradicionales, como el uso de las tecnolog\u00edas de la informaci\u00f3n y comunicaci\u00f3n (TIC), de tipo ling\u00fc\u00edstico y pensamiento complejo.<\/p>\n<p>\u201cTodo esto debe ser un sello para nuestros estudiantes, aunado a los valores y \u00e9tica, lo cual forma parte del AFBG en nuestro modelo educativo y en ese sentido tambi\u00e9n significa una gran responsabilidad.\u201d<\/p>\n<p>Antes de referirse al \u00e1rea cultural, la Rectora lament\u00f3 la reciente p\u00e9rdida de Arturo Meseguer Lima, quien fungi\u00f3 como titular de la DGDC y en cuya memoria pidi\u00f3 guardar un minuto de silencio.<\/p>\n<p>Enseguida, puntualiz\u00f3 que la UV cuenta con un prestigio nacional e internacional que debe renovarse d\u00eda con d\u00eda en esta materia, por lo que celebr\u00f3 que se haya considerado el talento de Alcal\u00e1 Hinojosa, quien hasta hace unos d\u00edas dirig\u00eda exitosamente el Centro de Estudios de Jazz (<i>Jazzuv<\/i>).<\/p>\n<p>Tambi\u00e9n mencion\u00f3 su habilidad en la organizaci\u00f3n de festivales culturales como el <i>Jazz<\/i><i>uv<\/i>, el cual se ha efectuado con gran conciencia en el ahorro de recursos e impacto masivo.<\/p>\n<p>En este sentido, llam\u00f3 a impulsar los festivales universitarios y que los veracruzanos reconozcan en la UV a un generador de la cultura, m\u00e1s all\u00e1 de las fronteras de M\u00e9xico y Veracruz.<\/p>\n<p>&nbsp;<\/p>\n<div id=\"attachment_61684\" style=\"width: 732px\" class=\"wp-caption aligncenter\"><a href=\"https:\/\/www.uv.mx\/prensa\/files\/2019\/01\/280119-NOMBRAMIENTOS-2.jpg\"><img loading=\"lazy\" decoding=\"async\" aria-describedby=\"caption-attachment-61684\" class=\"size-full wp-image-61684\" src=\"https:\/\/www.uv.mx\/prensa\/files\/2019\/01\/280119-NOMBRAMIENTOS-2.jpg\" alt=\"\" width=\"722\" height=\"477\" srcset=\"https:\/\/www.uv.mx\/prensa\/files\/2019\/01\/280119-NOMBRAMIENTOS-2.jpg 722w, https:\/\/www.uv.mx\/prensa\/files\/2019\/01\/280119-NOMBRAMIENTOS-2-300x198.jpg 300w\" sizes=\"auto, (max-width: 722px) 100vw, 722px\" \/><\/a><p id=\"caption-attachment-61684\" class=\"wp-caption-text\">Gerardo Garc\u00eda, Luz del Carmen Rivas, Sara Ladr\u00f3n de Guevara y Rafael Alcal\u00e1<\/p><\/div>\n<p>&nbsp;<\/p>\n<p>Rafael Alcal\u00e1, pianista, compositor y arreglista, expres\u00f3: \u201cAsumo este cargo con absoluta responsabilidad y compromiso, es un honor estar al frente de una direcci\u00f3n que con tanta relevancia y trascendencia ha hecho historia en la UV y en el quehacer universitario\u201d.<\/p>\n<p>Consider\u00f3 que la cultura tiene el poder de construir sociedades m\u00e1s inclusivas, as\u00ed como las artes tienen la facultad de mejorar la calidad de vida de las personas y de las comunidades.<\/p>\n<p>Ante la complejidad de los desaf\u00edos actuales y futuros, el arte y la cultura han sido y ser\u00e1n una herramienta potente para impulsar el desarrollo emocional e intelectual de quienes encuentran en la expresi\u00f3n art\u00edstica un lenguaje y un v\u00e9rtice desde donde comprender el mundo, resalt\u00f3.<\/p>\n<p>Por ello, celebr\u00f3 el gran compromiso que por d\u00e9cadas ha caracterizado a la UV, en el sentido de impulsar la difusi\u00f3n de la cultura como pieza central para la formaci\u00f3n integral de los estudiantes y el progreso de la ciudad.<\/p>\n<p>Tambi\u00e9n reconoci\u00f3 a los grupos art\u00edsticos que gozan de prestigio nacional e internacional, han sido ejemplo de dedicaci\u00f3n y de una incansable labor construida d\u00eda con d\u00eda, adem\u00e1s de que han trascendido fronteras.<\/p>\n<p>En tanto, Gerardo Garc\u00eda manifest\u00f3 que la transparencia y rendici\u00f3n de cuentas son l\u00edneas de acci\u00f3n contenidas en el Programa de Trabajo Estrat\u00e9gico, adem\u00e1s son principios fundamentales en la gesti\u00f3n y desempe\u00f1o que moldean la conducta de la labor institucional. \u201cEn la UV la transparencia se vive por convicci\u00f3n y no por obligaci\u00f3n.\u201d<\/p>\n<p>Por lo anterior, reiter\u00f3 el compromiso de la CUTAI de trabajar coordinadamente con todas las dependencias y entidades acad\u00e9micas, a fin de garantizar a la ciudadan\u00eda los derechos humanos de acceso a la informaci\u00f3n y protecci\u00f3n de datos personales plasmados en la Carta Magna.<\/p>\n<p>Luz del Carmen Rivas Morales, nueva directora del AFBG, subray\u00f3 que esta \u00e1rea contribuye al desarrollo de competencias integrales de comunicaci\u00f3n y autoaprendizaje, promueve la formaci\u00f3n de estudiantes anal\u00edticos que sean capaces de solucionar problemas, investigar y comunicarse adecuadamente.<\/p>\n<p>Para ello, coment\u00f3 que es necesario promover el gusto por la lectura, por el arte de escuchar y expresar de manera correcta sus ideas.<\/p>\n<p>\u201cSi bien se busca a estudiantes proclives al aprendizaje, tambi\u00e9n se promueve el trabajo colaborativo que se fomenta desde el inicio con la participaci\u00f3n individual para llegar al desarrollo de un trabajo grupal.\u201d<\/p>\n<p>Para lograr los objetivos planteados se dar\u00e1 continuidad a las tareas emprendidas dada su pertinencia, se har\u00e1n las adecuaciones necesarias y se compartir\u00e1n los avances que se tengan cada a\u00f1o, acot\u00f3.<\/p>\n<p>Magdalena Hern\u00e1ndez Alarc\u00f3n, Salvador Tapia Spinoso y Octavio Ochoa Contreras, titulares de las secretar\u00edas Acad\u00e9mica, de Administraci\u00f3n y Finanzas, y de Desarrollo Institucional, respectivamente, fueron los encargados de dar lectura a los curr\u00edculums de los nuevos funcionarios.<\/p>\n<p>Los nombramientos fueron atestiguados por titulares de \u00e1reas acad\u00e9micas, directores y personal de la UV. El evento fue transmitido por videoconferencia a las cuatro regiones universitarias.<\/p>\n<p>&nbsp;<\/p>\n<div id=\"attachment_61683\" style=\"width: 732px\" class=\"wp-caption aligncenter\"><a href=\"https:\/\/www.uv.mx\/prensa\/files\/2019\/01\/280119-NOMBRAMIENTOS-3.jpg\"><img loading=\"lazy\" decoding=\"async\" aria-describedby=\"caption-attachment-61683\" class=\"size-full wp-image-61683\" src=\"https:\/\/www.uv.mx\/prensa\/files\/2019\/01\/280119-NOMBRAMIENTOS-3.jpg\" alt=\"\" width=\"722\" height=\"482\" srcset=\"https:\/\/www.uv.mx\/prensa\/files\/2019\/01\/280119-NOMBRAMIENTOS-3.jpg 722w, https:\/\/www.uv.mx\/prensa\/files\/2019\/01\/280119-NOMBRAMIENTOS-3-300x200.jpg 300w\" sizes=\"auto, (max-width: 722px) 100vw, 722px\" \/><\/a><p id=\"caption-attachment-61683\" class=\"wp-caption-text\">Encabezados por la Rectora, los funcionarios guardaron un minuto de silencio en memoria de Arturo Meseguer Lima<\/p><\/div>\n","protected":false},"excerpt":{"rendered":"<p>La Rectora tom\u00f3 protesta a Gerardo Garc\u00eda en la Coordinaci\u00f3n Universitaria de Transparencia, Luz del Carmen Rivas en el\u00a0\u00c1rea de Formaci\u00f3n B\u00e1sica General\u00a0y Rafael Alcal\u00e1 en la Direcci\u00f3n General de Difusi\u00f3n Cultural\u00a0<\/p>\n","protected":false},"author":1508,"featured_media":61679,"comment_status":"closed","ping_status":"closed","sticky":false,"template":"","format":"standard","meta":{"footnotes":""},"categories":[61],"tags":[],"class_list":["post-61678","post","type-post","status-publish","format-standard","has-post-thumbnail","hentry","category-banner"],"_links":{"self":[{"href":"https:\/\/www.uv.mx\/prensa\/wp-json\/wp\/v2\/posts\/61678","targetHints":{"allow":["GET"]}}],"collection":[{"href":"https:\/\/www.uv.mx\/prensa\/wp-json\/wp\/v2\/posts"}],"about":[{"href":"https:\/\/www.uv.mx\/prensa\/wp-json\/wp\/v2\/types\/post"}],"author":[{"embeddable":true,"href":"https:\/\/www.uv.mx\/prensa\/wp-json\/wp\/v2\/users\/1508"}],"replies":[{"embeddable":true,"href":"https:\/\/www.uv.mx\/prensa\/wp-json\/wp\/v2\/comments?post=61678"}],"version-history":[{"count":0,"href":"https:\/\/www.uv.mx\/prensa\/wp-json\/wp\/v2\/posts\/61678\/revisions"}],"wp:featuredmedia":[{"embeddable":true,"href":"https:\/\/www.uv.mx\/prensa\/wp-json\/wp\/v2\/media\/61679"}],"wp:attachment":[{"href":"https:\/\/www.uv.mx\/prensa\/wp-json\/wp\/v2\/media?parent=61678"}],"wp:term":[{"taxonomy":"category","embeddable":true,"href":"https:\/\/www.uv.mx\/prensa\/wp-json\/wp\/v2\/categories?post=61678"},{"taxonomy":"post_tag","embeddable":true,"href":"https:\/\/www.uv.mx\/prensa\/wp-json\/wp\/v2\/tags?post=61678"}],"curies":[{"name":"wp","href":"https:\/\/api.w.org\/{rel}","templated":true}]}}