{"id":61643,"date":"2019-01-28T09:00:59","date_gmt":"2019-01-28T15:00:59","guid":{"rendered":"https:\/\/www.uv.mx\/prensa\/?p=61643"},"modified":"2019-01-28T11:24:09","modified_gmt":"2019-01-28T17:24:09","slug":"cefor-halcones-promueve-el-soccer-femenil","status":"publish","type":"post","link":"https:\/\/www.uv.mx\/prensa\/deportes\/cefor-halcones-promueve-el-soccer-femenil\/","title":{"rendered":"<em>Cefor Halcones<\/em> promueve el soccer femenil"},"content":{"rendered":"<ul>\n<li><i>Eduardo <\/i><i>Tepetla<\/i><i> est\u00e1 al frente de los entrenamientos, los martes y jueves<\/i><i>, <\/i><i>en la Unidad Deportiva <\/i><i>u<\/i><i>niversitaria<\/i><\/li>\n<\/ul>\n<p>&nbsp;<\/p>\n<div id=\"attachment_61615\" style=\"width: 732px\" class=\"wp-caption aligncenter\"><a href=\"https:\/\/www.uv.mx\/prensa\/files\/2019\/01\/250119-FEMENIL-1-INTEGRANTES.jpg\"><img loading=\"lazy\" decoding=\"async\" aria-describedby=\"caption-attachment-61615\" class=\"size-full wp-image-61615\" src=\"https:\/\/www.uv.mx\/prensa\/files\/2019\/01\/250119-FEMENIL-1-INTEGRANTES.jpg\" alt=\"\" width=\"722\" height=\"500\" srcset=\"https:\/\/www.uv.mx\/prensa\/files\/2019\/01\/250119-FEMENIL-1-INTEGRANTES.jpg 722w, https:\/\/www.uv.mx\/prensa\/files\/2019\/01\/250119-FEMENIL-1-INTEGRANTES-300x208.jpg 300w\" sizes=\"auto, (max-width: 722px) 100vw, 722px\" \/><\/a><p id=\"caption-attachment-61615\" class=\"wp-caption-text\">Integrantes del equipo femenil del <em>Cefor Halcones<\/em><\/p><\/div>\n<p>&nbsp;<\/p>\n<p><b><i>Santiago Morales Ortiz<\/i><\/b><\/p>\n<p><b><i>2<\/i><\/b><b><i>8<\/i><\/b><b><i>\/01\/19, Xalapa, Ver.-<\/i><\/b> Adem\u00e1s del intenso trabajo que realiza con ni\u00f1os y j\u00f3venes, el Centro de Formaci\u00f3n (<i>Cefor<\/i>) de Futbol <i>Halcones<\/i> de la Universidad Veracruzana (UV) inici\u00f3 la promoci\u00f3n en la rama femenil, donde espera conjuntar buenos equipos.<\/p>\n<p>Los entrenamientos se llevan a cabo los martes y jueves de 16:00 a 18:00 horas en la Unidad Deportiva del Campus para la Cultura, las Artes y el Deporte, a cargo de Eduardo Tepetla Main, quien se encuentra motivado por el buen arranque que ha tenido el proyecto.<\/p>\n<p>\u201cLa intenci\u00f3n es brindar los conocimientos para integrar buenos representativos de <i>Halcones<\/i> UV y que a futuro puedan competir en importantes eventos\u201d, se\u00f1al\u00f3 el estratega y reiter\u00f3 la invitaci\u00f3n a todas las ni\u00f1as y j\u00f3venes que deseen integrarse.<\/p>\n<p>Tepetla Main agradeci\u00f3 el respaldo de la Fundaci\u00f3n de la UV, que preside Facundo Pacheco Rojas, y del director del <i>Cefor<\/i> <i>Halcones<\/i> UV, Miguel \u00c1ngel Maldonado Hern\u00e1ndez, para la apertura del futbol femenil, especialidad que ha crecido en todo el pa\u00eds con la apertura de la Liga MX del Futbol Mexicano y la Liga Nacional de Futbol Juvenil.<\/p>\n<p>La presentaci\u00f3n de <i>Halcones<\/i> femenil se llev\u00f3 a cabo en la inauguraci\u00f3n de la Liga Nacional, donde la UV participa en la rama varonil con sus representativos de las categor\u00edas Sub-13, Sub-15 y Sub-17, y a futuro espera figurar con la rama de las damas.<\/p>\n<p>El grupo lo integran alrededor de 20 alumnas, pero con el entusiasmo y el inter\u00e9s que se ha generado, as\u00ed como con la invitaci\u00f3n que se est\u00e1 haciendo, se espera que el n\u00famero de asistentes aumente.<\/p>\n<p>El entrenador coment\u00f3 que se han programado algunos encuentros amistosos dentro y fuera de la ciudad, con el fin de valorar los alcances que ha tenido la escuela y pensado en su pr\u00f3xima participaci\u00f3n en la Liga Nacional.<\/p>\n<p>Agreg\u00f3 que las inscripciones se encuentran abiertas y se pueden efectuar en los horarios de entrenamiento o en las oficinas de la Unidad Deportiva del Campus para la Cultura, las Artes y el Deporte.<\/p>\n<p>&nbsp;<\/p>\n<div id=\"attachment_61616\" style=\"width: 732px\" class=\"wp-caption aligncenter\"><a href=\"https:\/\/www.uv.mx\/prensa\/files\/2019\/01\/250119-FEMENIL-2-ENTRENADOR.jpg\"><img loading=\"lazy\" decoding=\"async\" aria-describedby=\"caption-attachment-61616\" class=\"size-full wp-image-61616\" src=\"https:\/\/www.uv.mx\/prensa\/files\/2019\/01\/250119-FEMENIL-2-ENTRENADOR.jpg\" alt=\"\" width=\"722\" height=\"721\" srcset=\"https:\/\/www.uv.mx\/prensa\/files\/2019\/01\/250119-FEMENIL-2-ENTRENADOR.jpg 722w, https:\/\/www.uv.mx\/prensa\/files\/2019\/01\/250119-FEMENIL-2-ENTRENADOR-150x150.jpg 150w, https:\/\/www.uv.mx\/prensa\/files\/2019\/01\/250119-FEMENIL-2-ENTRENADOR-300x300.jpg 300w\" sizes=\"auto, (max-width: 722px) 100vw, 722px\" \/><\/a><p id=\"caption-attachment-61616\" class=\"wp-caption-text\">Eduardo Tepetla, al frente de las ense\u00f1anzas<\/p><\/div>\n","protected":false},"excerpt":{"rendered":"<p>Los entrenamientos del Centro de Formaci\u00f3n de Futbol se llevan a cabo los martes y jueves en la Unidad Deportiva del Campus para la Cultura, las Artes y el Deporte <\/p>\n","protected":false},"author":1869,"featured_media":61615,"comment_status":"closed","ping_status":"closed","sticky":false,"template":"","format":"standard","meta":{"footnotes":""},"categories":[12],"tags":[],"class_list":["post-61643","post","type-post","status-publish","format-standard","has-post-thumbnail","hentry","category-deportes"],"_links":{"self":[{"href":"https:\/\/www.uv.mx\/prensa\/wp-json\/wp\/v2\/posts\/61643","targetHints":{"allow":["GET"]}}],"collection":[{"href":"https:\/\/www.uv.mx\/prensa\/wp-json\/wp\/v2\/posts"}],"about":[{"href":"https:\/\/www.uv.mx\/prensa\/wp-json\/wp\/v2\/types\/post"}],"author":[{"embeddable":true,"href":"https:\/\/www.uv.mx\/prensa\/wp-json\/wp\/v2\/users\/1869"}],"replies":[{"embeddable":true,"href":"https:\/\/www.uv.mx\/prensa\/wp-json\/wp\/v2\/comments?post=61643"}],"version-history":[{"count":0,"href":"https:\/\/www.uv.mx\/prensa\/wp-json\/wp\/v2\/posts\/61643\/revisions"}],"wp:featuredmedia":[{"embeddable":true,"href":"https:\/\/www.uv.mx\/prensa\/wp-json\/wp\/v2\/media\/61615"}],"wp:attachment":[{"href":"https:\/\/www.uv.mx\/prensa\/wp-json\/wp\/v2\/media?parent=61643"}],"wp:term":[{"taxonomy":"category","embeddable":true,"href":"https:\/\/www.uv.mx\/prensa\/wp-json\/wp\/v2\/categories?post=61643"},{"taxonomy":"post_tag","embeddable":true,"href":"https:\/\/www.uv.mx\/prensa\/wp-json\/wp\/v2\/tags?post=61643"}],"curies":[{"name":"wp","href":"https:\/\/api.w.org\/{rel}","templated":true}]}}