{"id":61638,"date":"2019-01-28T09:00:29","date_gmt":"2019-01-28T15:00:29","guid":{"rendered":"https:\/\/www.uv.mx\/prensa\/?p=61638"},"modified":"2019-01-25T18:35:03","modified_gmt":"2019-01-26T00:35:03","slug":"universitario-busca-alternativas-para-el-trastorno-de-la-ansiedad","status":"publish","type":"post","link":"https:\/\/www.uv.mx\/prensa\/ciencia\/universitario-busca-alternativas-para-el-trastorno-de-la-ansiedad\/","title":{"rendered":"Universitario busca alternativas para el trastorno de la ansiedad"},"content":{"rendered":"<ul>\n<li><i>Le\u00f3n Jes\u00fas Germ\u00e1n Ponciano<\/i><i>, estudiante del<\/i> <i>Doctorado <\/i><i>en <\/i><i>Neuroetolog\u00eda<\/i><i>, <\/i><i>eval\u00faa posibles opciones farmacol\u00f3gicas<\/i> <i>a nivel precl\u00edni<\/i><i>co<\/i><\/li>\n<\/ul>\n<p>&nbsp;<\/p>\n<div id=\"attachment_61507\" style=\"width: 732px\" class=\"wp-caption aligncenter\"><a href=\"https:\/\/www.uv.mx\/prensa\/files\/2019\/01\/230119-Entrevista-tratamientos-para-la-ansiedad-1.jpg\"><img loading=\"lazy\" decoding=\"async\" aria-describedby=\"caption-attachment-61507\" class=\"size-full wp-image-61507\" src=\"https:\/\/www.uv.mx\/prensa\/files\/2019\/01\/230119-Entrevista-tratamientos-para-la-ansiedad-1.jpg\" alt=\"\" width=\"722\" height=\"481\" srcset=\"https:\/\/www.uv.mx\/prensa\/files\/2019\/01\/230119-Entrevista-tratamientos-para-la-ansiedad-1.jpg 722w, https:\/\/www.uv.mx\/prensa\/files\/2019\/01\/230119-Entrevista-tratamientos-para-la-ansiedad-1-300x200.jpg 300w\" sizes=\"auto, (max-width: 722px) 100vw, 722px\" \/><\/a><p id=\"caption-attachment-61507\" class=\"wp-caption-text\">Le\u00f3n Jes\u00fas Germ\u00e1n Ponciano, alumno de Doctorado del Instituto de Neuroetolog\u00eda<\/p><\/div>\n<p>&nbsp;<\/p>\n<p>&nbsp;<\/p>\n<p><b><i>Jos\u00e9 Luis <\/i><\/b><b><i>Couttolenc<\/i><\/b><b><i> Soto<\/i><\/b><\/p>\n<p><b><i>2<\/i><\/b><b><i>8<\/i><\/b><b><i>\/01\/19, Xalapa, Ver.-<\/i><\/b> Le\u00f3n Jes\u00fas Germ\u00e1n Ponciano, alumno del Doctorado en Neuroetolog\u00eda de la Universidad Veracruzana (UV), realiza una investigaci\u00f3n con el prop\u00f3sito de evaluar el desarrollo de posibles tratamientos como alternativas farmacol\u00f3gicas a nivel precl\u00ednico, para atender los trastornos de ansiedad y depresi\u00f3n.<\/p>\n<p>El universitario precis\u00f3 que la investigaci\u00f3n la lleva a cabo a nivel experimental, utilizando modelos murinos (rata y\/o rat\u00f3n) y la finalidad es \u2013adem\u00e1s de obtener las alternativas de f\u00e1rmacos para la ansiedad y depresi\u00f3n\u2013 \u201cintegrar el conocimiento de lo que puede suceder con la aplicaci\u00f3n de estas opciones, no tanto en la parte conductual, tambi\u00e9n en lo relacionado con el desarrollo del cerebro, y conocer cu\u00e1les son sus efectos tanto de biolog\u00eda molecular como a nivel celular\u201d.<\/p>\n<p>Le\u00f3n Jes\u00fas explic\u00f3 que generalmente a la ansiedad se le asocia con un estado negativo y se divide en dos categor\u00edas: \u201cla que nos ayuda a salir de situaciones apremiantes (como dar una pl\u00e1tica, cuando sabemos que existe un peligro) y esa preocupaci\u00f3n nos anticipa a dar una respuesta adaptativa; y la otra es cuando algunos factores del exterior nos llegan a afectar propiciando que demos una respuesta mal adaptativa\u201d.<\/p>\n<p>Agreg\u00f3 que las personas que presentan la ansiedad patol\u00f3gica comienzan a desarrollar s\u00edntomas descontrolados como hipervigilancia de lo que ocurre a su alrededor, provoc\u00e1ndoles sudoraciones e hiperventilaci\u00f3n, en algunos casos presentan s\u00edntomas parecidos a un infarto, \u201cpero todo esto proviene de un deterioro que se genera en la parte cerebral, en donde el est\u00edmulo ya no est\u00e1 presente, y la persona desarrolla una preocupaci\u00f3n sin fundamento\u201d.<\/p>\n<p>Los trastornos para la ansiedad son varios, entre ellos la ansiedad constante y preocupaciones excesivas sobre acontecimientos o actividades rutinarias en la vida, los ataques de p\u00e1nico (que aparece como un tipo de respuesta al miedo particularmente intenso), las fobias, algunas espec\u00edficas como la agorafobia (miedo intenso a los lugares y las situaciones que pueden ocasionar p\u00e1nico, impotencia o verg\u00fcenza).<\/p>\n<p>Aclar\u00f3 que estos trastornos son muy espec\u00edficos y est\u00e1n relacionados tanto con la parte psicol\u00f3gica como con la cerebral, por lo que recomend\u00f3 que cuando este tipo de trastornos comiencen a afectar la calidad de vida, se acuda en busca de ayuda profesional.<\/p>\n<p>Sobre la investigaci\u00f3n que realiza, dijo que los compuestos que utiliza est\u00e1n teniendo efectos ben\u00e9ficos para contrarrestar los s\u00edntomas similares a la ansiedad a nivel precl\u00ednico; a\u00f1adi\u00f3 que trabaja tambi\u00e9n con otros compuestos como el flavonoide crisina, que igualmente est\u00e1 arrojando buenos resultados con el mismo mecanismo de acci\u00f3n.<\/p>\n<p>Sin embargo, reconoci\u00f3 que es necesario hacer investigaciones de toxicidad y otras condiciones relacionadas con los trastornos de ansiedad.<\/p>\n","protected":false},"excerpt":{"rendered":"<p>Le\u00f3n Jes\u00fas Germ\u00e1n Ponciano, estudiante del Doctorado en Neuroetolog\u00eda, eval\u00faa posibles opciones farmacol\u00f3gicas a nivel precl\u00ednico <\/p>\n","protected":false},"author":1869,"featured_media":61507,"comment_status":"closed","ping_status":"closed","sticky":false,"template":"","format":"standard","meta":{"footnotes":""},"categories":[45],"tags":[],"class_list":["post-61638","post","type-post","status-publish","format-standard","has-post-thumbnail","hentry","category-ciencia"],"_links":{"self":[{"href":"https:\/\/www.uv.mx\/prensa\/wp-json\/wp\/v2\/posts\/61638","targetHints":{"allow":["GET"]}}],"collection":[{"href":"https:\/\/www.uv.mx\/prensa\/wp-json\/wp\/v2\/posts"}],"about":[{"href":"https:\/\/www.uv.mx\/prensa\/wp-json\/wp\/v2\/types\/post"}],"author":[{"embeddable":true,"href":"https:\/\/www.uv.mx\/prensa\/wp-json\/wp\/v2\/users\/1869"}],"replies":[{"embeddable":true,"href":"https:\/\/www.uv.mx\/prensa\/wp-json\/wp\/v2\/comments?post=61638"}],"version-history":[{"count":0,"href":"https:\/\/www.uv.mx\/prensa\/wp-json\/wp\/v2\/posts\/61638\/revisions"}],"wp:featuredmedia":[{"embeddable":true,"href":"https:\/\/www.uv.mx\/prensa\/wp-json\/wp\/v2\/media\/61507"}],"wp:attachment":[{"href":"https:\/\/www.uv.mx\/prensa\/wp-json\/wp\/v2\/media?parent=61638"}],"wp:term":[{"taxonomy":"category","embeddable":true,"href":"https:\/\/www.uv.mx\/prensa\/wp-json\/wp\/v2\/categories?post=61638"},{"taxonomy":"post_tag","embeddable":true,"href":"https:\/\/www.uv.mx\/prensa\/wp-json\/wp\/v2\/tags?post=61638"}],"curies":[{"name":"wp","href":"https:\/\/api.w.org\/{rel}","templated":true}]}}