{"id":61540,"date":"2019-01-27T09:00:50","date_gmt":"2019-01-27T15:00:50","guid":{"rendered":"https:\/\/www.uv.mx\/prensa\/?p=61540"},"modified":"2021-12-09T17:59:28","modified_gmt":"2021-12-09T23:59:28","slug":"estudiantes-crearon-app-turistica-sobre-xalapa","status":"publish","type":"post","link":"https:\/\/www.uv.mx\/prensa\/banner\/estudiantes-crearon-app-turistica-sobre-xalapa\/","title":{"rendered":"Estudiantes crearon <em>App<\/em> tur\u00edstica sobre Xalapa"},"content":{"rendered":"<ul>\n<li><i>Alumnos de la <\/i><i>L<\/i><i>icenciatura en Sistemas Computacionales Administrativos dise\u00f1aron el <\/i>sofware <i>Turifid<\/i><i>,<\/i> <i>que se instala en<\/i><i> el tel\u00e9fono celular y permite a<\/i><i>l usuario conocer informaci\u00f3n de <\/i><i>sitios emblem\u00e1ticos<\/i><i> locales<\/i><\/li>\n<li><i>Los j\u00f3venes representar\u00e1n a la UV en la <\/i><i>Expo Regional Emprendedora 2019 de ANFECA, <\/i><i>en la categor\u00eda <\/i><i>\u201cTecnolog\u00eda <\/i><i>intermedia<\/i><i>\u201d<\/i><\/li>\n<\/ul>\n<div id=\"attachment_59912\" style=\"width: 732px\" class=\"wp-caption aligncenter\"><a href=\"https:\/\/www.uv.mx\/prensa\/files\/2018\/12\/101218-CARLOS-Ganadores-Expo-FCA-3-100k.jpg\"><img loading=\"lazy\" decoding=\"async\" aria-describedby=\"caption-attachment-59912\" class=\"size-full wp-image-59912\" src=\"https:\/\/www.uv.mx\/prensa\/files\/2018\/12\/101218-CARLOS-Ganadores-Expo-FCA-3-100k.jpg\" alt=\"\" width=\"722\" height=\"481\" srcset=\"https:\/\/www.uv.mx\/prensa\/files\/2018\/12\/101218-CARLOS-Ganadores-Expo-FCA-3-100k.jpg 722w, https:\/\/www.uv.mx\/prensa\/files\/2018\/12\/101218-CARLOS-Ganadores-Expo-FCA-3-100k-300x200.jpg 300w\" sizes=\"auto, (max-width: 722px) 100vw, 722px\" \/><\/a><p id=\"caption-attachment-59912\" class=\"wp-caption-text\">Los j\u00f3venes representar\u00e1n a la UV en la Expo Regional Emprendedora de ANFECA<\/p><\/div>\n<p><b><i>Carlos Hugo Hermida Rosales<\/i><\/b><\/p>\n<p><b><i>2<\/i><\/b><b><i>7<\/i><\/b><b><i>\/01\/19, Xalapa, <\/i><\/b><b><i>Ver.- <\/i><\/b>Estudiantes de la <a href=\"https:\/\/www.uv.mx\/fca\/\">Facultad de Contadur\u00eda y Administraci\u00f3n de la Universidad Veracruzana<\/a> (UV) dise\u00f1aron una aplicaci\u00f3n para tel\u00e9fono celular que permite a los usuarios conocer informaci\u00f3n sobre los sitios tur\u00edsticos de Xalapa mientras caminan alrededor de ellos.<\/p>\n<p>Alejandro Salazar Mart\u00ednez, Andr\u00e9s David Garc\u00eda Barrios, Alejandro Villafuerte y \u00c9rika Hern\u00e1ndez, quienes cursan la Licenciatura en Sistemas Computacionales Administrativos, dise\u00f1aron el <i>s<\/i><i>oftware<\/i> Turifid, con el que representar\u00e1n a la UV en la Expo Regional Emprendedora, organizada por la Asociaci\u00f3n Nacional de Facultades y Escuelas de Contadur\u00eda y Administraci\u00f3n (ANFECA), con fecha y lugar a\u00fan por definir.<\/p>\n<p>Alejandro Salazar mencion\u00f3 que Turifid ayudar\u00e1 a fomentar el turismo en la ciudad de Xalapa, ya que sus usuarios podr\u00e1n caminar a trav\u00e9s de ella y conocer sus puntos emblem\u00e1ticos, en los que esta aplicaci\u00f3n les brindar\u00e1 informaci\u00f3n sobre ellos.<\/p>\n<p>David Garc\u00eda mencion\u00f3 que dentro de la Universidad existe mucha gente que no es nativa de la ciudad, por lo tanto desconocen su historia; por otro lado, los oriundos de Xalapa poseen poca informaci\u00f3n de ella, la cual fue la que escucharon de sus abuelos.<\/p>\n<p>Enfatiz\u00f3 que el objetivo de Turifid ser\u00e1 proporcionar informaci\u00f3n veraz sobre la ciudad, que ser\u00e1 recabada con antrop\u00f3logos, cronistas e historiadores.<\/p>\n<p>\u201cEsta aplicaci\u00f3n que a\u00fan se encuentra en su versi\u00f3n de prueba describir\u00e1 lugares emblem\u00e1ticos como parques, callejones, museos e iglesias\u201d, declar\u00f3.<\/p>\n<p>Alejandro Villafuerte enunci\u00f3 que Turifid promover\u00e1 la difusi\u00f3n cultural en la ciudad, as\u00ed como la creaci\u00f3n de una identidad en la misma.<\/p>\n<p>\u201cEsta aplicaci\u00f3n ayudar\u00e1 a las personas a conocer m\u00e1s sobre Xalapa y a que nazca en ellas el inter\u00e9s por adentrarse en su historia\u201d, concluy\u00f3.<\/p>\n","protected":false},"excerpt":{"rendered":"<p>Los usuarios de Turifid podr\u00e1n obtener informaci\u00f3n sobre los sitios de inter\u00e9s mientras recorren la ciudad <\/p>\n","protected":false},"author":1775,"featured_media":61542,"comment_status":"closed","ping_status":"closed","sticky":false,"template":"","format":"standard","meta":{"footnotes":""},"categories":[61],"tags":[6208,6210,6209,5950,6206,6213,4161,6211,6214,6158,699,6212,6207,307],"class_list":["post-61540","post","type-post","status-publish","format-standard","has-post-thumbnail","hentry","category-banner","tag-alejandro-salazar-martinez","tag-alejandro-villafuerte","tag-andres-david-garcia-barrios","tag-anfeca","tag-aplicacion","tag-asociacion-nacional-de-facultades","tag-carlos-hugo-hermida-rosales","tag-erika-hernandez","tag-escuelas-de-contaduria-y-administracion","tag-expo-regional-emprendedora","tag-facultad-de-contaduria-y-administracion","tag-licenciatura-en-sistemas-computacionales-administrativos","tag-sitios-turisticos","tag-xalapa"],"_links":{"self":[{"href":"https:\/\/www.uv.mx\/prensa\/wp-json\/wp\/v2\/posts\/61540","targetHints":{"allow":["GET"]}}],"collection":[{"href":"https:\/\/www.uv.mx\/prensa\/wp-json\/wp\/v2\/posts"}],"about":[{"href":"https:\/\/www.uv.mx\/prensa\/wp-json\/wp\/v2\/types\/post"}],"author":[{"embeddable":true,"href":"https:\/\/www.uv.mx\/prensa\/wp-json\/wp\/v2\/users\/1775"}],"replies":[{"embeddable":true,"href":"https:\/\/www.uv.mx\/prensa\/wp-json\/wp\/v2\/comments?post=61540"}],"version-history":[{"count":1,"href":"https:\/\/www.uv.mx\/prensa\/wp-json\/wp\/v2\/posts\/61540\/revisions"}],"predecessor-version":[{"id":107131,"href":"https:\/\/www.uv.mx\/prensa\/wp-json\/wp\/v2\/posts\/61540\/revisions\/107131"}],"wp:featuredmedia":[{"embeddable":true,"href":"https:\/\/www.uv.mx\/prensa\/wp-json\/wp\/v2\/media\/61542"}],"wp:attachment":[{"href":"https:\/\/www.uv.mx\/prensa\/wp-json\/wp\/v2\/media?parent=61540"}],"wp:term":[{"taxonomy":"category","embeddable":true,"href":"https:\/\/www.uv.mx\/prensa\/wp-json\/wp\/v2\/categories?post=61540"},{"taxonomy":"post_tag","embeddable":true,"href":"https:\/\/www.uv.mx\/prensa\/wp-json\/wp\/v2\/tags?post=61540"}],"curies":[{"name":"wp","href":"https:\/\/api.w.org\/{rel}","templated":true}]}}