{"id":61467,"date":"2019-01-24T09:00:11","date_gmt":"2019-01-24T15:00:11","guid":{"rendered":"https:\/\/www.uv.mx\/prensa\/?p=61467"},"modified":"2019-01-24T10:22:00","modified_gmt":"2019-01-24T16:22:00","slug":"docentes-deben-capacitarse-en-educacion-inclusiva","status":"publish","type":"post","link":"https:\/\/www.uv.mx\/prensa\/general\/docentes-deben-capacitarse-en-educacion-inclusiva\/","title":{"rendered":"Docentes deben capacitarse en educaci\u00f3n inclusiva"},"content":{"rendered":"<ul>\n<li><i>Por sus condiciones f\u00edsicas, motrices o intelectuales, alumnos sufren de discriminaci\u00f3n, explic\u00f3 en su tesis Cristal Morales Melchor, estudiante de Pedagog\u00eda<\/i><\/li>\n<\/ul>\n<p>&nbsp;<\/p>\n<div id=\"attachment_61476\" style=\"width: 732px\" class=\"wp-caption aligncenter\"><a href=\"https:\/\/www.uv.mx\/prensa\/files\/2019\/01\/230119-educacion-inclusiva.jpg\"><img loading=\"lazy\" decoding=\"async\" aria-describedby=\"caption-attachment-61476\" class=\"size-full wp-image-61476\" src=\"https:\/\/www.uv.mx\/prensa\/files\/2019\/01\/230119-educacion-inclusiva.jpg\" alt=\"\" width=\"722\" height=\"482\" srcset=\"https:\/\/www.uv.mx\/prensa\/files\/2019\/01\/230119-educacion-inclusiva.jpg 722w, https:\/\/www.uv.mx\/prensa\/files\/2019\/01\/230119-educacion-inclusiva-300x200.jpg 300w\" sizes=\"auto, (max-width: 722px) 100vw, 722px\" \/><\/a><p id=\"caption-attachment-61476\" class=\"wp-caption-text\">Cristina Morales Melchor en la presentaci\u00f3n de su trabajo recepcional<\/p><\/div>\n<p>&nbsp;<\/p>\n<p><b><i>Jos\u00e9 Luis <\/i><\/b><b><i>Couttolenc<\/i><\/b><b><i> Soto<\/i><\/b><\/p>\n<p><b><i>24<\/i><\/b><b><i>\/01\/19, Xalapa, <\/i><\/b><b><i>Ver.-<\/i><\/b> Cristal Morales Melchor, estudiante de la<a href=\"https:\/\/www.uv.mx\/pedagogia\/\"> Facultad de Pedagog\u00eda de la Universidad Veracruzana<\/a> (UV), present\u00f3 el martes 22 de enero su tesis \u201cEducaci\u00f3n inclusiva para estudiantes invidentes en la Escuela Preparatoria Mixta Constituci\u00f3n de 1917\u201d, en el Foro Experiencia Recepcional organizado por esta entidad acad\u00e9mica.<\/p>\n<p>En su trabajo, la universitaria se\u00f1ala la necesidad de que directivos y docentes de instituciones educativas sean capacitados y actualizados en la atenci\u00f3n de alumnos que presenten alguna discapacidad, para alcanzar con ello una educaci\u00f3n inclusiva.<\/p>\n<p>Durante sus estudios, Morales Melchor realiz\u00f3 una estancia acad\u00e9mica en la escuela en menci\u00f3n, en la que se le asign\u00f3 la tarea de atender a un grupo de alumnos con discapacidad visual, lo que despert\u00f3 su inter\u00e9s por conocer a fondo cu\u00e1l es el proceso que se aplica en la integraci\u00f3n de este tipo de alumnos a la cotidianidad de la dem\u00e1s poblaci\u00f3n estudiantil.<\/p>\n<p>Explic\u00f3 que primero estableci\u00f3 que la sociedad est\u00e1 preocupada por los caminos y avances que le permitan revolucionar la forma de vida, haci\u00e9ndola m\u00e1s f\u00e1cil para ciertos sectores, dejando de lado la importancia de la humanizaci\u00f3n, la igualdad y la equidad.<\/p>\n<p>Cristal Morales lament\u00f3 que en la actualidad muchas personas que presentan alguna discapacidad \u2013sea f\u00edsica, motriz o intelectual\u2013 \u201csufren discriminaci\u00f3n, aisl\u00e1ndolas a centros especiales que atienden sus particularidades, pero dejan de lado la importancia de la incorporaci\u00f3n al contexto real, la sociabilizaci\u00f3n, la interacci\u00f3n con las personas. En respuesta a este tipo de situaciones es que nace la educaci\u00f3n inclusiva\u201d.<\/p>\n<p>Su tesis se centra en el caso de un estudiante con ceguera o disminuci\u00f3n visual; sostiene que estos alumnos tienen necesidades educativas especiales que se derivan de los problemas que enfrentan para acceder a la educaci\u00f3n, \u201clamentablemente muchos directivos y docentes desconocen las pol\u00edticas de la educaci\u00f3n inclusiva\u201d, apunt\u00f3.<\/p>\n<p>Por ello, Morales Melchor hace algunas propuestas que puedan coadyuvar en la probable soluci\u00f3n al problema: que las autoridades de los planteles y maestros conozcan estas pol\u00edticas para promover la inclusi\u00f3n al interior de la escuela; que promuevan proyectos de investigaci\u00f3n que permitan saber si el proceso que se est\u00e1 aplicando arroje los frutos deseados; que se busque el apoyo de instituciones especialistas en educaci\u00f3n especial, para que expertos brinden la capacitaci\u00f3n necesaria; que se realice un diagn\u00f3stico previo sobre la discapacidad de los alumnos, para que los docentes realicen las adaptaciones necesarias a sus clases; y que se proporcione el material adaptado a las condiciones particulares de cada alumno con alguna discapacidad.<\/p>\n","protected":false},"excerpt":{"rendered":"<p>Por sus condiciones f\u00edsicas, motrices o intelectuales, alumnos sufren de discriminaci\u00f3n, explic\u00f3 en su tesis Cristal Morales Melchor, estudiante de Pedagog\u00eda <\/p>\n","protected":false},"author":1869,"featured_media":61476,"comment_status":"closed","ping_status":"closed","sticky":false,"template":"","format":"standard","meta":{"footnotes":""},"categories":[1],"tags":[],"class_list":["post-61467","post","type-post","status-publish","format-standard","has-post-thumbnail","hentry","category-general"],"_links":{"self":[{"href":"https:\/\/www.uv.mx\/prensa\/wp-json\/wp\/v2\/posts\/61467","targetHints":{"allow":["GET"]}}],"collection":[{"href":"https:\/\/www.uv.mx\/prensa\/wp-json\/wp\/v2\/posts"}],"about":[{"href":"https:\/\/www.uv.mx\/prensa\/wp-json\/wp\/v2\/types\/post"}],"author":[{"embeddable":true,"href":"https:\/\/www.uv.mx\/prensa\/wp-json\/wp\/v2\/users\/1869"}],"replies":[{"embeddable":true,"href":"https:\/\/www.uv.mx\/prensa\/wp-json\/wp\/v2\/comments?post=61467"}],"version-history":[{"count":0,"href":"https:\/\/www.uv.mx\/prensa\/wp-json\/wp\/v2\/posts\/61467\/revisions"}],"wp:featuredmedia":[{"embeddable":true,"href":"https:\/\/www.uv.mx\/prensa\/wp-json\/wp\/v2\/media\/61476"}],"wp:attachment":[{"href":"https:\/\/www.uv.mx\/prensa\/wp-json\/wp\/v2\/media?parent=61467"}],"wp:term":[{"taxonomy":"category","embeddable":true,"href":"https:\/\/www.uv.mx\/prensa\/wp-json\/wp\/v2\/categories?post=61467"},{"taxonomy":"post_tag","embeddable":true,"href":"https:\/\/www.uv.mx\/prensa\/wp-json\/wp\/v2\/tags?post=61467"}],"curies":[{"name":"wp","href":"https:\/\/api.w.org\/{rel}","templated":true}]}}