{"id":61432,"date":"2019-01-23T09:00:16","date_gmt":"2019-01-23T15:00:16","guid":{"rendered":"https:\/\/www.uv.mx\/prensa\/?p=61432"},"modified":"2019-01-23T12:09:16","modified_gmt":"2019-01-23T18:09:16","slug":"qfb-extiende-plazo-para-participar-en-congreso-nacional","status":"publish","type":"post","link":"https:\/\/www.uv.mx\/prensa\/banner\/qfb-extiende-plazo-para-participar-en-congreso-nacional\/","title":{"rendered":"QFB extiende plazo para participar en congreso nacional"},"content":{"rendered":"<ul>\n<li><i>Los interesados tienen hasta el 25 de enero para hacer llegar el resumen de sus trabajos<\/i><\/li>\n<li><i>El evento se realizar\u00e1 <\/i><i>los d\u00edas<\/i><i> 11 y 12 de marzo, organizado por la Facultad de QFB<\/i><\/li>\n<\/ul>\n<p>&nbsp;<\/p>\n<div id=\"attachment_61377\" style=\"width: 482px\" class=\"wp-caption aligncenter\"><a href=\"https:\/\/www.uv.mx\/prensa\/files\/2019\/01\/210119-PAOLA-Extension-congreso-100k.jpg\"><img loading=\"lazy\" decoding=\"async\" aria-describedby=\"caption-attachment-61377\" class=\"size-full wp-image-61377\" src=\"https:\/\/www.uv.mx\/prensa\/files\/2019\/01\/210119-PAOLA-Extension-congreso-100k.jpg\" alt=\"\" width=\"472\" height=\"722\" srcset=\"https:\/\/www.uv.mx\/prensa\/files\/2019\/01\/210119-PAOLA-Extension-congreso-100k.jpg 472w, https:\/\/www.uv.mx\/prensa\/files\/2019\/01\/210119-PAOLA-Extension-congreso-100k-196x300.jpg 196w\" sizes=\"auto, (max-width: 472px) 100vw, 472px\" \/><\/a><p id=\"caption-attachment-61377\" class=\"wp-caption-text\">El objetivo es que los estudiantes conozcan los trabajos, proyectos e investigaciones que se desarrollan en la Facultad<\/p><\/div>\n<p>&nbsp;<\/p>\n<p><b><i>Paola Cort\u00e9s P\u00e9rez<\/i><\/b><\/p>\n<p><b><i>2<\/i><\/b><b><i>3<\/i><\/b><b><i>\/01\/19, Xalapa, <\/i><\/b><b><i>Ver.-<\/i><\/b> Gabriel Arturo Soto Ojeda, profesor de la<a href=\"https:\/\/www.uv.mx\/qfb\/\"> Facultad de Qu\u00edmica Farmac\u00e9utica Biol\u00f3gica<\/a> (QFB) de la Universidad Veracruzana (UV), dio a conocer que el viernes 25 de enero se cierra la convocatoria para participar como ponentes en el 1er Congreso Nacional Estudiantil de Bioqu\u00edmica y Biolog\u00eda Molecular.<\/p>\n<p>El evento acad\u00e9mico se llevar\u00e1 a cabo los d\u00edas 11 y 12 de marzo en la Unidad de Servicios Bibliotecarios y de Informaci\u00f3n (USBI), y es organizado por la Academia de Bioqu\u00edmica y Biolog\u00eda Molecular y los cuerpos acad\u00e9micos (CA) Qu\u00edmica Biorg\u00e1nica; Medicina Etnofitoterap\u00e9utica Regenerativa; Biolog\u00eda, Qu\u00edmica y Funcionalidad de Metabolitos Vegetales, y Qu\u00edmica Biomolecular.<\/p>\n<p>Los estudiantes de licenciatura y posgrado interesados en participar en exposici\u00f3n de carteles y ponencias, tienen que enviar sus trabajos al correo <a href=\"mailto:primer.congreso.nebbm@gmail.com\">primer.congreso.nebbm@gmail.com<\/a>, al cual tambi\u00e9n pueden solicitar su registro s\u00f3lo como asistentes.<\/p>\n<p>Soto Ojeda dijo que el objetivo del congreso es que los estudiantes conozcan los trabajos, proyectos e investigaciones que se desarrollan en la Facultad, especialmente en las \u00e1reas de bioqu\u00edmica y biolog\u00eda molecular.<\/p>\n<p>Tambi\u00e9n ser\u00e1 un espacio para que los estudiantes presenten sus proyectos de investigaci\u00f3n, intercambien experiencias y dialoguen con j\u00f3venes y acad\u00e9micos de otras instituciones de educaci\u00f3n superior y centros de investigaci\u00f3n.<\/p>\n<p>Para mayor informaci\u00f3n sobre el congreso pueden consultar en <i>Facebook<\/i>: Primer Congreso Nacional Estudiantil de Bioqu\u00edmica y Biolog\u00eda Molecular.<\/p>\n","protected":false},"excerpt":{"rendered":"<p>Los interesados en ser parte del er Congreso Nacional Estudiantil de Bioqu\u00edmica y Biolog\u00eda Molecular tienen hasta el 25 de enero para enviar el resumen de sus trabajos\u00a0<\/p>\n","protected":false},"author":1508,"featured_media":61435,"comment_status":"closed","ping_status":"closed","sticky":false,"template":"","format":"standard","meta":{"footnotes":""},"categories":[61],"tags":[],"class_list":["post-61432","post","type-post","status-publish","format-standard","has-post-thumbnail","hentry","category-banner"],"_links":{"self":[{"href":"https:\/\/www.uv.mx\/prensa\/wp-json\/wp\/v2\/posts\/61432","targetHints":{"allow":["GET"]}}],"collection":[{"href":"https:\/\/www.uv.mx\/prensa\/wp-json\/wp\/v2\/posts"}],"about":[{"href":"https:\/\/www.uv.mx\/prensa\/wp-json\/wp\/v2\/types\/post"}],"author":[{"embeddable":true,"href":"https:\/\/www.uv.mx\/prensa\/wp-json\/wp\/v2\/users\/1508"}],"replies":[{"embeddable":true,"href":"https:\/\/www.uv.mx\/prensa\/wp-json\/wp\/v2\/comments?post=61432"}],"version-history":[{"count":0,"href":"https:\/\/www.uv.mx\/prensa\/wp-json\/wp\/v2\/posts\/61432\/revisions"}],"wp:featuredmedia":[{"embeddable":true,"href":"https:\/\/www.uv.mx\/prensa\/wp-json\/wp\/v2\/media\/61435"}],"wp:attachment":[{"href":"https:\/\/www.uv.mx\/prensa\/wp-json\/wp\/v2\/media?parent=61432"}],"wp:term":[{"taxonomy":"category","embeddable":true,"href":"https:\/\/www.uv.mx\/prensa\/wp-json\/wp\/v2\/categories?post=61432"},{"taxonomy":"post_tag","embeddable":true,"href":"https:\/\/www.uv.mx\/prensa\/wp-json\/wp\/v2\/tags?post=61432"}],"curies":[{"name":"wp","href":"https:\/\/api.w.org\/{rel}","templated":true}]}}