{"id":61417,"date":"2019-01-24T09:00:58","date_gmt":"2019-01-24T15:00:58","guid":{"rendered":"https:\/\/www.uv.mx\/prensa\/?p=61417"},"modified":"2021-12-09T17:48:53","modified_gmt":"2021-12-09T23:48:53","slug":"uv-por-el-titulo-de-la-liga-mayor-de-futbol-siete","status":"publish","type":"post","link":"https:\/\/www.uv.mx\/prensa\/deportes\/uv-por-el-titulo-de-la-liga-mayor-de-futbol-siete\/","title":{"rendered":"UV, por el t\u00edtulo de la Liga Mayor de Futbol Siete"},"content":{"rendered":"<ul>\n<li><i>En la rama femenil, enfrentar\u00e1 al IUV<\/i><i>; en la <\/i><i>varon<\/i><i>il<\/i><i>, <\/i><i>el <\/i><i>Colegio Valladolid <\/i><i>va <\/i><i>contra IUV<\/i><\/li>\n<\/ul>\n<div id=\"attachment_61382\" style=\"width: 732px\" class=\"wp-caption aligncenter\"><a href=\"https:\/\/www.uv.mx\/prensa\/files\/2019\/01\/220119-FUT-SIETE-2.-HALCONES-UV-100k.jpg\"><img loading=\"lazy\" decoding=\"async\" aria-describedby=\"caption-attachment-61382\" class=\"size-full wp-image-61382\" src=\"https:\/\/www.uv.mx\/prensa\/files\/2019\/01\/220119-FUT-SIETE-2.-HALCONES-UV-100k.jpg\" alt=\"\" width=\"722\" height=\"542\" srcset=\"https:\/\/www.uv.mx\/prensa\/files\/2019\/01\/220119-FUT-SIETE-2.-HALCONES-UV-100k.jpg 722w, https:\/\/www.uv.mx\/prensa\/files\/2019\/01\/220119-FUT-SIETE-2.-HALCONES-UV-100k-300x225.jpg 300w\" sizes=\"auto, (max-width: 722px) 100vw, 722px\" \/><\/a><p id=\"caption-attachment-61382\" class=\"wp-caption-text\">Halcones UV, por la corona del futbol femenil<\/p><\/div>\n<p><b><i>Santiago Morales Ortiz<\/i><\/b><\/p>\n<p><b><i>24\/01\/19, Xalapa, <\/i><\/b><b><i>Ver.-\u00a0<\/i><\/b>En la final de la fase estatal de la Liga Mayor Estudiantil de Futbol Siete, el equipo femenil de <i>Halcones<\/i> de la Universidad Veracruzana (UV) disputar\u00e1 el t\u00edtulo ante el Instituto Universitario Veracruzano (IUV), el viernes 25 de enero.<\/p>\n<p>El torneo organizado por la Asociaci\u00f3n Veracruzana, con el aval de la Federaci\u00f3n Mexicana de Futbol Siete, tendr\u00e1 final varonil entre los equipos del Colegio Valladolid y el IUV.<\/p>\n<p>Los equipos campeones obtendr\u00e1n el derecho de participar en el torneo nacional, en fecha y sede por definir, de acuerdo con lo informado por el comit\u00e9 organizador.<\/p>\n<p>La cita es este viernes en la cancha oficial de futbol siete de la Unidad del Valle, donde en punto de las 13:00 horas el Colegio Valladolid enfrentar\u00e1 al IUV (varonil), mientras que a las 14:00, la UV ir\u00e1 contra el IUV (femenil).<\/p>\n<p>Se esperan encuentros de alto nivel competitivo, pues los equipos est\u00e1n integrados por los mejores jugadores de esta disciplina.<\/p>\n<p>El representativo de <i>Halcones<\/i> de la UV, al mando del entrenador Manuel Trujillo Cabrera, se presenta como favorito para llevarse la corona, como parte de su preparaci\u00f3n rumbo a las eliminatorias de la Universiada Nacional 2019, que organiza el Consejo Nacional del Deporte de la Educaci\u00f3n (<i>Condde<\/i>).<\/p>\n<p>Al finalizar los encuentros se llevar\u00e1 a cabo la ceremonia de premiaci\u00f3n, encabezada por Mario Sant\u00e9s \u00c1lvarez, presidente de la Asociaci\u00f3n Veracruzana del Futbol Siete.<\/p>\n<p>&nbsp;<\/p>\n<div id=\"attachment_61380\" style=\"width: 732px\" class=\"wp-caption aligncenter\"><a href=\"https:\/\/www.uv.mx\/prensa\/files\/2019\/01\/220119-FUT-SIETE-2.-COLEGIO-VALLADOLID-100k.jpg\"><img loading=\"lazy\" decoding=\"async\" aria-describedby=\"caption-attachment-61380\" class=\"size-full wp-image-61380\" src=\"https:\/\/www.uv.mx\/prensa\/files\/2019\/01\/220119-FUT-SIETE-2.-COLEGIO-VALLADOLID-100k.jpg\" alt=\"\" width=\"722\" height=\"407\" srcset=\"https:\/\/www.uv.mx\/prensa\/files\/2019\/01\/220119-FUT-SIETE-2.-COLEGIO-VALLADOLID-100k.jpg 722w, https:\/\/www.uv.mx\/prensa\/files\/2019\/01\/220119-FUT-SIETE-2.-COLEGIO-VALLADOLID-100k-300x169.jpg 300w\" sizes=\"auto, (max-width: 722px) 100vw, 722px\" \/><\/a><p id=\"caption-attachment-61380\" class=\"wp-caption-text\">Colegio Valladolid, en la final de la rama varonil<\/p><\/div>\n","protected":false},"excerpt":{"rendered":"<p>El equipo femenil de <em>Halcones<\/em> jugar\u00e1 la final ante el Instituto Universitario Veracruzano, el viernes 25 de enero<\/p>\n","protected":false},"author":1775,"featured_media":61382,"comment_status":"closed","ping_status":"closed","sticky":false,"template":"","format":"standard","meta":{"footnotes":""},"categories":[12],"tags":[5700,6196,106,6197,6198,6195,4166],"class_list":["post-61417","post","type-post","status-publish","format-standard","has-post-thumbnail","hentry","category-deportes","tag-femenil","tag-futbol-siete","tag-halcones","tag-instituto-universitario-veracruzano","tag-iuv","tag-liga-mayor-estudiantil","tag-santiago-morales-ortiz"],"_links":{"self":[{"href":"https:\/\/www.uv.mx\/prensa\/wp-json\/wp\/v2\/posts\/61417","targetHints":{"allow":["GET"]}}],"collection":[{"href":"https:\/\/www.uv.mx\/prensa\/wp-json\/wp\/v2\/posts"}],"about":[{"href":"https:\/\/www.uv.mx\/prensa\/wp-json\/wp\/v2\/types\/post"}],"author":[{"embeddable":true,"href":"https:\/\/www.uv.mx\/prensa\/wp-json\/wp\/v2\/users\/1775"}],"replies":[{"embeddable":true,"href":"https:\/\/www.uv.mx\/prensa\/wp-json\/wp\/v2\/comments?post=61417"}],"version-history":[{"count":1,"href":"https:\/\/www.uv.mx\/prensa\/wp-json\/wp\/v2\/posts\/61417\/revisions"}],"predecessor-version":[{"id":107124,"href":"https:\/\/www.uv.mx\/prensa\/wp-json\/wp\/v2\/posts\/61417\/revisions\/107124"}],"wp:featuredmedia":[{"embeddable":true,"href":"https:\/\/www.uv.mx\/prensa\/wp-json\/wp\/v2\/media\/61382"}],"wp:attachment":[{"href":"https:\/\/www.uv.mx\/prensa\/wp-json\/wp\/v2\/media?parent=61417"}],"wp:term":[{"taxonomy":"category","embeddable":true,"href":"https:\/\/www.uv.mx\/prensa\/wp-json\/wp\/v2\/categories?post=61417"},{"taxonomy":"post_tag","embeddable":true,"href":"https:\/\/www.uv.mx\/prensa\/wp-json\/wp\/v2\/tags?post=61417"}],"curies":[{"name":"wp","href":"https:\/\/api.w.org\/{rel}","templated":true}]}}