{"id":61327,"date":"2018-09-28T17:39:36","date_gmt":"2018-09-28T22:39:36","guid":{"rendered":"https:\/\/www.uv.mx\/prensa\/?p=61327"},"modified":"2019-01-21T17:47:35","modified_gmt":"2019-01-21T23:47:35","slug":"coloquio-sobre-desarrollo-humano-posiciona-a-la-uv-a-nivel-nacional","status":"publish","type":"post","link":"https:\/\/www.uv.mx\/prensa\/general\/coloquio-sobre-desarrollo-humano-posiciona-a-la-uv-a-nivel-nacional\/","title":{"rendered":"Coloquio sobre desarrollo humano posiciona a la UV a nivel nacional"},"content":{"rendered":"<ul>\n<li><i>El profesor em\u00e9rito de la IBERO-Ciudad de M\u00e9xico, Alberto S. <\/i><i>Segrera<\/i><i> Miranda, habl\u00f3 de <\/i><i>los logros y retos para el <\/i><i>Coloquio Mexicano de Investigaci\u00f3n en Desarrollo Humano\u00a0<\/i><span>\u00a0<\/span><\/li>\n<\/ul>\n<p>&nbsp;<\/p>\n<div id=\"attachment_61328\" style=\"width: 732px\" class=\"wp-caption aligncenter\"><a href=\"https:\/\/www.uv.mx\/prensa\/files\/2019\/01\/280918-Alberto-Segrera.jpg\"><img aria-describedby=\"caption-attachment-61328\" decoding=\"async\" loading=\"lazy\" class=\"size-full wp-image-61328\" src=\"https:\/\/www.uv.mx\/prensa\/files\/2019\/01\/280918-Alberto-Segrera.jpg\" alt=\"\" width=\"722\" height=\"435\" srcset=\"https:\/\/www.uv.mx\/prensa\/files\/2019\/01\/280918-Alberto-Segrera.jpg 722w, https:\/\/www.uv.mx\/prensa\/files\/2019\/01\/280918-Alberto-Segrera-300x181.jpg 300w\" sizes=\"(max-width: 722px) 100vw, 722px\" \/><\/a><p id=\"caption-attachment-61328\" class=\"wp-caption-text\">Alberto S. Segrera Miranda<\/p><\/div>\n<p>&nbsp;<\/p>\n<p><b><i>Karina de la Paz Reyes D\u00edaz<\/i><\/b><b><i>\u00a0<\/i><\/b><span>\u00a0<\/span><\/p>\n<p><b><i>28<\/i><\/b><b><i>\/09\/18, Xalapa, Ver.-<\/i><\/b> La Universidad Veracruzana (UV) ha consolidado los coloquios mexicanos de investigaci\u00f3n en desarrollo humano como el principal espacio de intercambio de informaci\u00f3n sobre proyectos y resultados de trabajos en tal campo a nivel nacional, destac\u00f3 Alberto S. Segrera Miranda, profesor em\u00e9rito y cofundador del programa de Posgrado en Desarrollo Humano de la Universidad Iberoamericana (IBERO) de la Ciudad de M\u00e9xico.<span>\u00a0<\/span><\/p>\n<p>En el marco del Quinto Coloquio Mexicano de Investigaci\u00f3n en Desarrollo Humano \u201cLa investigaci\u00f3n como fundamento de la acci\u00f3n profesional en desarrollo humano\u201d, que organiza la Maestr\u00eda en Desarrollo Humano del Instituto de Psicolog\u00eda y Educaci\u00f3n de la UV, el acad\u00e9mico ofreci\u00f3 un minucioso resumen en datos cuantitativos de las cinco ediciones de esta actividad, as\u00ed como los logros, pero tambi\u00e9n los retos a futuro.<span>\u00a0<\/span><\/p>\n<p>Su conferencia se desarroll\u00f3 el 28 de septiembre en el Sal\u00f3n Margaritas del Hotel Xalapa y se intitul\u00f3 precisamente \u201cAportes de los Coloquios mexicanos de investigaci\u00f3n en desarrollo humano\u201d. Si bien elogi\u00f3 la consolidaci\u00f3n de tal espacio, tambi\u00e9n hizo hincapi\u00e9 en los retos: \u201cAsegurar la continuidad de los coloquios con el respaldo de otras instituciones de educaci\u00f3n superior con programas de investigaci\u00f3n y docencia en el campo, a nivel nacional\u201d.<span>\u00a0<\/span><\/p>\n<p>Otro de los retos, dijo es mantener la participaci\u00f3n y ampliarla, en cuanto a ponentes y conferencistas magistrales. En el caso de los conferencistas internacionales, justific\u00f3 que \u201cayuda a salir del incesto acad\u00e9mico, porque cada instituci\u00f3n decimos que pensamos totalmente diferente, pero cuando nos miran de fuera nos dicen que somos primos hermanos porque pensamos lo mismos\u201d.<span>\u00a0<\/span><\/p>\n<p>Para Segrera Miranda tambi\u00e9n es importante que m\u00e1s ex alumnos se involucren en estos ejercicios acad\u00e9micos, que se ampl\u00ede el n\u00famero de participantes, instituciones acad\u00e9micas y asociaciones profesionales en la materia, con la finalidad de abarcar todos los estados de la Rep\u00fablica, aunque a la fecha abarca buena parte de \u00e9l.<span>\u00a0<\/span><\/p>\n<p>\u201cLos coloquios han permitido concertar la existencia de equipos de investigaci\u00f3n en la UV y en la Universidad Michoacana de San Nicol\u00e1s de Hidalgo; no niego que existan otros, pero en los trabajos presentados en los coloquios est\u00e1n identificados como realizados en equipos acad\u00e9micos sobre todo de estas dos. Vale la pena contribuir, incluso, a la formaci\u00f3n e identificaci\u00f3n de la existencia de equipos de investigaci\u00f3n en desarrollo humano en otras instituciones acad\u00e9micas y profesionales de M\u00e9xico.\u201d<span>\u00a0<\/span><\/p>\n<p>Segrera Miranda incluso habl\u00f3 del marco te\u00f3rico de las presentaciones, la diversidad de temas que en las cinco ediciones se han planteado, as\u00ed como la diversidad para ampliarlos. \u201cSe ha logrado una progresiva diversidad de los temas de investigaci\u00f3n y el reto es ampliarlos\u201d.<span>\u00a0<\/span><\/p>\n<p>En su opini\u00f3n, los trabajos presentados hasta el momento permiten identificar un n\u00famero de sub campos: identidad-g\u00e9nero-personalidad saludable, relaciones noviazgo-pareja-familia-infancia, tercera edad-muerte-duelo; en el segundo \u00e1mbito est\u00e1 la educaci\u00f3n y en \u00e9l el aprendizaje significativo-creatividad, la afectividad-creatividad, la relaci\u00f3n docente estudiante; en el tercero est\u00e1 el campo de desarrollo humano organizacional, por citar algunos.<span>\u00a0<\/span><\/p>\n<p>\u201cLo que yo he querido hacer es un reconocimiento al enorme y valioso trabajo que ha hecho el equipo organizador y especialmente de Pilar (Gonz\u00e1lez Flores) y Luis Rey Yedra\u201d, concluy\u00f3.<span>\u00a0<\/span><\/p>\n<p>La conferencia fue moderada por Luis Rey Yedra, coordinador de la Maestr\u00eda en Desarrollo Humano de la UV.<\/p>\n","protected":false},"excerpt":{"rendered":"<p>Es el principal espacio de intercambio de informaci\u00f3n sobre proyectos y resultados de trabajos en tal campo a nivel nacional, destac\u00f3 Alberto Segrera<\/p>\n","protected":false},"author":1508,"featured_media":61328,"comment_status":"closed","ping_status":"closed","sticky":false,"template":"","format":"standard","meta":[],"categories":[1],"tags":[],"_links":{"self":[{"href":"https:\/\/www.uv.mx\/prensa\/wp-json\/wp\/v2\/posts\/61327"}],"collection":[{"href":"https:\/\/www.uv.mx\/prensa\/wp-json\/wp\/v2\/posts"}],"about":[{"href":"https:\/\/www.uv.mx\/prensa\/wp-json\/wp\/v2\/types\/post"}],"author":[{"embeddable":true,"href":"https:\/\/www.uv.mx\/prensa\/wp-json\/wp\/v2\/users\/1508"}],"replies":[{"embeddable":true,"href":"https:\/\/www.uv.mx\/prensa\/wp-json\/wp\/v2\/comments?post=61327"}],"version-history":[{"count":0,"href":"https:\/\/www.uv.mx\/prensa\/wp-json\/wp\/v2\/posts\/61327\/revisions"}],"wp:featuredmedia":[{"embeddable":true,"href":"https:\/\/www.uv.mx\/prensa\/wp-json\/wp\/v2\/media\/61328"}],"wp:attachment":[{"href":"https:\/\/www.uv.mx\/prensa\/wp-json\/wp\/v2\/media?parent=61327"}],"wp:term":[{"taxonomy":"category","embeddable":true,"href":"https:\/\/www.uv.mx\/prensa\/wp-json\/wp\/v2\/categories?post=61327"},{"taxonomy":"post_tag","embeddable":true,"href":"https:\/\/www.uv.mx\/prensa\/wp-json\/wp\/v2\/tags?post=61327"}],"curies":[{"name":"wp","href":"https:\/\/api.w.org\/{rel}","templated":true}]}}