{"id":6130,"date":"2015-12-24T07:00:25","date_gmt":"2015-12-24T13:00:25","guid":{"rendered":"https:\/\/www.uv.mx\/prensa\/?p=6130"},"modified":"2015-12-17T14:50:40","modified_gmt":"2015-12-17T20:50:40","slug":"estudiantes-de-arquitectura-entregaron-proyectos-a-banderilla","status":"publish","type":"post","link":"https:\/\/www.uv.mx\/prensa\/general\/estudiantes-de-arquitectura-entregaron-proyectos-a-banderilla\/","title":{"rendered":"Estudiantes de Arquitectura entregaron proyectos a Banderilla"},"content":{"rendered":"<ul>\n<li><em>Propuestas urban\u00edsticas<\/em><\/li>\n<li><em>Autoridades municipales agradecieron el apoyo y se comprometieron a analizar su viabilidad<\/em><\/li>\n<li><em>Representa un esfuerzo eminentemente profesional, dijo la coordinadora del Taller de Proyectos y Construcci\u00f3n Arquitect\u00f3nica, Noem\u00ed Uehara<\/em><\/li>\n<\/ul>\n<p>&nbsp;<\/p>\n<p><strong><em>David Sandoval Rodr\u00edguez<\/em><\/strong><\/p>\n<p>&nbsp;<\/p>\n<p>Alumnos de la experiencia educativa (EE) Taller de Proyectos y Construcci\u00f3n Arquitect\u00f3nica, de la Facultad de Arquitectura de la Universidad Veracruzana (UV), presentaron 15 proyectos urban\u00edsticos a autoridades del ayuntamiento de Banderilla.<\/p>\n<p>El viernes 4 de diciembre 42 estudiantes organizados por equipos desarrollaron propuestas tomando en cuenta las necesidades de los habitantes de la localidad, ya que previo a la planeaci\u00f3n aplicaron encuestas para conocer y atender las necesidades del municipio.<\/p>\n<p>Coordinados por los acad\u00e9micos Noem\u00ed Uehara Guerrero, Jos\u00e9 Javier V\u00e1zquez Fentanez y Porfirio L\u00f3pez Alvarado, los j\u00f3venes expusieron los distintos trabajos que se enmarcan dentro del convenio de colaboraci\u00f3n para impulsar el desarrollo social, signado por ambas entidades.<\/p>\n<div id=\"attachment_6131\" style=\"width: 310px\" class=\"wp-caption aligncenter\"><a href=\"https:\/\/www.uv.mx\/prensa\/files\/2015\/12\/Proyectos-Banderilla-1_Interiores.jpg\"><img loading=\"lazy\" decoding=\"async\" aria-describedby=\"caption-attachment-6131\" class=\"size-medium wp-image-6131\" src=\"https:\/\/www.uv.mx\/prensa\/files\/2015\/12\/Proyectos-Banderilla-1_Interiores-300x201.jpg\" alt=\"Los integrantes del ayuntamiento de Banderilla conocieron los proyectos.\" width=\"300\" height=\"201\" srcset=\"https:\/\/www.uv.mx\/prensa\/files\/2015\/12\/Proyectos-Banderilla-1_Interiores-300x201.jpg 300w, https:\/\/www.uv.mx\/prensa\/files\/2015\/12\/Proyectos-Banderilla-1_Interiores.jpg 474w\" sizes=\"auto, (max-width: 300px) 100vw, 300px\" \/><\/a><p id=\"caption-attachment-6131\" class=\"wp-caption-text\">Los integrantes del ayuntamiento de Banderilla conocieron los proyectos.<\/p><\/div>\n<p>A nombre del alcalde de Banderilla, el s\u00edndico \u00fanico, Ricardo Hern\u00e1ndez Solano, agradeci\u00f3 a los catedr\u00e1ticos y estudiantes por sus propuestas: \u201cQuiero felicitarlos porque han hecho un trabajo maravilloso, tambi\u00e9n quiero decirles que hay un compromiso por parte del ayuntamiento de darles seguimiento\u201d.<\/p>\n<p>Destac\u00f3 a su vez la cercan\u00eda y apoyo de la instituci\u00f3n: \u201cPara nosotros como ayuntamiento, representa una fortaleza tener cerca a la Universidad Veracruzana y de manera muy concreta a la Facultad de Arquitectura, porque se ha convertido para esta administraci\u00f3n en una cuna importante de proyectos\u201d.<\/p>\n<p>Acompa\u00f1ado por la directora de Desarrollo Urbano, Yesenia Espinoza Mart\u00ednez, y Marco Antonio Morales Padilla, director de Obras P\u00fablicas, ambos egresados de la UV, hicieron un recorrido por el aula 105 donde se instal\u00f3 la exposici\u00f3n de los diversos proyectos.<\/p>\n<div id=\"attachment_6132\" style=\"width: 310px\" class=\"wp-caption aligncenter\"><a href=\"https:\/\/www.uv.mx\/prensa\/files\/2015\/12\/Proyectos-Banderilla-2_Interiores.jpg\"><img loading=\"lazy\" decoding=\"async\" aria-describedby=\"caption-attachment-6132\" class=\"size-medium wp-image-6132\" src=\"https:\/\/www.uv.mx\/prensa\/files\/2015\/12\/Proyectos-Banderilla-2_Interiores-300x200.jpg\" alt=\"Estudiantes del taller expusieron los elementos relevantes de sus propuestas.\" width=\"300\" height=\"200\" srcset=\"https:\/\/www.uv.mx\/prensa\/files\/2015\/12\/Proyectos-Banderilla-2_Interiores-300x200.jpg 300w, https:\/\/www.uv.mx\/prensa\/files\/2015\/12\/Proyectos-Banderilla-2_Interiores.jpg 475w\" sizes=\"auto, (max-width: 300px) 100vw, 300px\" \/><\/a><p id=\"caption-attachment-6132\" class=\"wp-caption-text\">Estudiantes del taller expusieron los elementos relevantes de sus propuestas.<\/p><\/div>\n<p>El s\u00edndico \u00fanico expres\u00f3 el compromiso de \u201crevisar los proyectos y, en la medida de las posibilidades econ\u00f3micas, trataremos de llevarlas a cabo\u201d.<\/p>\n<p>Correspondi\u00f3 a la coordinadora del proyecto, Noem\u00ed Uehara, entregar los discos compactos con la informaci\u00f3n completa de cada propuesta arquitect\u00f3nica; destac\u00f3 que \u201ceste trabajo acad\u00e9mico representa el esfuerzo de todos los estudiantes, a quienes felicit\u00f3 por el trabajo desarrollado y en el que aplicaron todos los conocimientos adquiridos durante su formaci\u00f3n profesional\u201d.<\/p>\n<p>Observ\u00f3 que dichos trabajos son el resultado de las l\u00edneas de investigaci\u00f3n del cuerpo acad\u00e9mico Filosof\u00eda y Educaci\u00f3n en Arquitectura y Construcci\u00f3n, que consisten en impulsar el desarrollo social y econ\u00f3mico.<\/p>\n<p>Cada disco integra todo el proceso de investigaci\u00f3n, las maquetas, los carteles y el expediente t\u00e9cnico, agreg\u00f3. \u201cLes entregamos ideas de proyectos, que estoy segura que ustedes como gobierno municipal pueden hacer la gesti\u00f3n para volver tangibles estos proyectos\u201d.<\/p>\n<p>Por su parte, el director de la Facultad de Arquitectura, Gustavo Bureau Roquet, extendi\u00f3 un reconocimiento a los estudiantes: \u201cEn estos cuatro a\u00f1os, pr\u00e1cticamente la colaboraci\u00f3n y el respaldo acad\u00e9mico e institucional que he tenido de ustedes ha sido fundamental para poder trabajar, este evento es una muestra de ello\u201d.<\/p>\n<p>Entre los proyectos expuestos por los estudiantes hay varias propuestas para edificar un centro cultural en los terrenos de la calera, donde al d\u00eda de hoy se tiene \u00fanicamente una cancha de futbol.<\/p>\n<p>Destac\u00f3 en la totalidad de los proyectos el uso eficiente de la energ\u00eda mediante an\u00e1lisis de la iluminaci\u00f3n natural, as\u00ed como la captaci\u00f3n de agua de lluvia para su reutilizaci\u00f3n.<\/p>\n<p>Algunos de los proyectos, como un mercado ecol\u00f3gico y un centro cultural, est\u00e1n contemplados para edificarse al interior del recinto ferial de la localidad, sin interferir con su funci\u00f3n principal.<\/p>\n<p>Una de las propuestas consiste en la creaci\u00f3n de un centro de acopio y reciclaje de neum\u00e1ticos de autom\u00f3viles para elaborar muebles de dise\u00f1o, mientras que otro proyecto consiste en un centro donde se impartan terapias naturales de salud.<\/p>\n<p>Los j\u00f3venes presentaron adem\u00e1s un proyecto de una terminal de autobuses para optimizar el flujo hacia la capital, otra de las propuestas consiste en una remodelaci\u00f3n y modernizaci\u00f3n del palacio municipal, creada a partir de las necesidades que expresaron los habitantes de Banderilla.<\/p>\n<p>Una propuesta m\u00e1s consiste en crear espacios de recreaci\u00f3n y aprendizaje en el \u00c1rea Natural Protegida \u201cLa Martinica\u201d, a trav\u00e9s del desarrollo de planes conjuntos con la ciudadan\u00eda.<\/p>\n<p>Uehara Guerrero a\u00f1adi\u00f3 que se tiene programada una visita al alcalde y su equipo de trabajo, con el objetivo de presentarle los 15 proyectos realizados por los universitarios.<\/p>\n","protected":false},"excerpt":{"rendered":"<p><strong><em> David Sandoval Rodr\u00edguez.-<\/em><\/strong>Alumnos de la experiencia educativa (EE) Taller de Proyectos y Construcci\u00f3n Arquitect\u00f3nica, de la Facultad de Arquitectura de la Universidad Veracruzana (UV), presentaron 15 proyectos urban\u00edsticos a autoridades del ayuntamiento de Banderilla.<\/p>\n","protected":false},"author":1809,"featured_media":6133,"comment_status":"closed","ping_status":"closed","sticky":false,"template":"","format":"standard","meta":{"footnotes":""},"categories":[1],"tags":[],"class_list":["post-6130","post","type-post","status-publish","format-standard","has-post-thumbnail","hentry","category-general"],"_links":{"self":[{"href":"https:\/\/www.uv.mx\/prensa\/wp-json\/wp\/v2\/posts\/6130","targetHints":{"allow":["GET"]}}],"collection":[{"href":"https:\/\/www.uv.mx\/prensa\/wp-json\/wp\/v2\/posts"}],"about":[{"href":"https:\/\/www.uv.mx\/prensa\/wp-json\/wp\/v2\/types\/post"}],"author":[{"embeddable":true,"href":"https:\/\/www.uv.mx\/prensa\/wp-json\/wp\/v2\/users\/1809"}],"replies":[{"embeddable":true,"href":"https:\/\/www.uv.mx\/prensa\/wp-json\/wp\/v2\/comments?post=6130"}],"version-history":[{"count":0,"href":"https:\/\/www.uv.mx\/prensa\/wp-json\/wp\/v2\/posts\/6130\/revisions"}],"wp:featuredmedia":[{"embeddable":true,"href":"https:\/\/www.uv.mx\/prensa\/wp-json\/wp\/v2\/media\/6133"}],"wp:attachment":[{"href":"https:\/\/www.uv.mx\/prensa\/wp-json\/wp\/v2\/media?parent=6130"}],"wp:term":[{"taxonomy":"category","embeddable":true,"href":"https:\/\/www.uv.mx\/prensa\/wp-json\/wp\/v2\/categories?post=6130"},{"taxonomy":"post_tag","embeddable":true,"href":"https:\/\/www.uv.mx\/prensa\/wp-json\/wp\/v2\/tags?post=6130"}],"curies":[{"name":"wp","href":"https:\/\/api.w.org\/{rel}","templated":true}]}}