{"id":6123,"date":"2015-12-29T07:00:43","date_gmt":"2015-12-29T13:00:43","guid":{"rendered":"https:\/\/www.uv.mx\/prensa\/?p=6123"},"modified":"2015-12-17T14:53:54","modified_gmt":"2015-12-17T20:53:54","slug":"luzio-refuerza-identidad-universitaria-revela-estudio","status":"publish","type":"post","link":"https:\/\/www.uv.mx\/prensa\/general\/luzio-refuerza-identidad-universitaria-revela-estudio\/","title":{"rendered":"Luzio refuerza identidad universitaria, revela estudio"},"content":{"rendered":"<ul>\n<li><em>De la Especializaci\u00f3n en Estudios de Opini\u00f3n del CEOA de la UV <\/em><\/li>\n<li><em>Estudiantes aseguran que las redes sociales de la mascota son un canal esencial en el que se informan<\/em><\/li>\n<\/ul>\n<p>&nbsp;<\/p>\n<p>A trav\u00e9s de sus <em>fan pages<\/em> en redes sociales, la campa\u00f1a de la mascota oficial de la Universidad Veracruzana (UV), el halc\u00f3n <em>Luzio<\/em>, ha aportado significativamente al reforzamiento de la identidad estudiantil de esta casa de estudios, revel\u00f3 un estudio realizado en la Especializaci\u00f3n en Estudios de Opini\u00f3n del Centro de Estudios de Opini\u00f3n y An\u00e1lisis (CEOA) de esta casa de estudios.<\/p>\n<p>Ilse Denisse Z\u00e1rate Cervantes fue la primera titulada de este programa de estudios en este a\u00f1o, aprobada por unanimidad y con menci\u00f3n honor\u00edfica justamente por un proyecto de intervenci\u00f3n acerca de las p\u00e1ginas en redes sociales de la mascota universitaria.<\/p>\n<div id=\"attachment_6124\" style=\"width: 310px\" class=\"wp-caption aligncenter\"><a href=\"https:\/\/www.uv.mx\/prensa\/files\/2015\/12\/Luzio_Interiores.jpg\"><img loading=\"lazy\" decoding=\"async\" aria-describedby=\"caption-attachment-6124\" class=\"size-medium wp-image-6124\" src=\"https:\/\/www.uv.mx\/prensa\/files\/2015\/12\/Luzio_Interiores-300x155.jpg\" alt=\"Las redes sociales de Luzio fortalecen el sentido de pertenencia a la instituci\u00f3n.\" width=\"300\" height=\"155\" srcset=\"https:\/\/www.uv.mx\/prensa\/files\/2015\/12\/Luzio_Interiores-300x155.jpg 300w, https:\/\/www.uv.mx\/prensa\/files\/2015\/12\/Luzio_Interiores.jpg 747w\" sizes=\"auto, (max-width: 300px) 100vw, 300px\" \/><\/a><p id=\"caption-attachment-6124\" class=\"wp-caption-text\">Las redes sociales de Luzio fortalecen el sentido de pertenencia a la instituci\u00f3n.<\/p><\/div>\n<p>La especialista es licenciada en Publicidad y Relaciones P\u00fablicas por la UV y realiz\u00f3 el proyecto \u201c<em>Fan page<\/em> de <em>Luzio<\/em>, identidad e imagen. Un estudio de opini\u00f3n en los estudiantes de la Universidad Veracruzana\u201d, investigaci\u00f3n dirigida por Laura Oliva Z\u00e1rate.<\/p>\n<p>En \u00e9sta, Z\u00e1rate Cervantes concluye que los estudiantes universitarios se identifican con la p\u00e1gina, consideran que se toma en cuenta sus opiniones y est\u00e1n constantemente informados de lo que pasa en la instituci\u00f3n. \u201cTodo esto hace que se refuerce el orgullo estudiantil y el sentido de pertenencia a la Universidad\u201d.<\/p>\n<p>Jeysira Jacqueline Dorantes Carri\u00f3n, investigadora y coordinadora de Posgrados en el CEOA; Roc\u00edo L\u00f3pez Gonz\u00e1lez, investigadora del Instituto de Investigaciones en Educaci\u00f3n, y Edgar Onofre Fern\u00e1ndez Serratos, director de Medios de Comunicaci\u00f3n de la UV, fungieron como los miembros del jurado del examen\u00a0que resolvieron otorgar la menci\u00f3n honor\u00edfica a la investigaci\u00f3n.<\/p>\n<p>\u00c9sta, adem\u00e1s, aport\u00f3 informaci\u00f3n relevante para reflexionar acerca de las estrategias de comunicaci\u00f3n que implementa la UV y se brindaron diversos elementos sobre la percepci\u00f3n que tienen los estudiantes de la regi\u00f3n Xalapa de las <em>fan pages<\/em> de <em>Luzio<\/em>.<\/p>\n<p>De los estudiantes seguidores de la mascota, se encontr\u00f3 que el 74 por ciento lo hacen a trav\u00e9s de <em>Facebook<\/em>, el 11 por ciento lo hace a trav\u00e9s de <em>Twitter <\/em>y un 15 por ciento lo siguen en ambas redes.<\/p>\n<p>\u201d\u2026 estos resultados dan la pauta para que se pueda enfocar mayor esfuerzo en promover la cuenta de<em>Twitter <\/em>en las facultades, para que as\u00ed los estudiantes y la comunidad de la Universidad en general se mantenga m\u00e1s informado\u201d, a\u00f1ade al respecto.<\/p>\n<p>Una de las preguntas que conformaron el cuestionario aplicado a la comunidad universitaria fue: \u201c\u00bfPara qu\u00e9 sigues a <em>Luzio<\/em>?\u201d El 65.5 por ciento contest\u00f3 que para mantenerse actualizado, un 15.2 por ciento dijo que para consultar temas relativos a su vida escolar y el 71.3 por ciento coincidi\u00f3 en que lo siguen para obtener informaci\u00f3n.<\/p>\n","protected":false},"excerpt":{"rendered":"<p>De la Especializaci\u00f3n en Estudios de Opini\u00f3n del CEOA de la UV Estudiantes aseguran que las redes sociales de la mascota son un canal esencial en el que se informan &nbsp; A [&hellip;]<\/p>\n","protected":false},"author":1809,"featured_media":6135,"comment_status":"closed","ping_status":"closed","sticky":false,"template":"","format":"standard","meta":{"footnotes":""},"categories":[1],"tags":[2],"class_list":["post-6123","post","type-post","status-publish","format-standard","has-post-thumbnail","hentry","category-general","tag-principal"],"_links":{"self":[{"href":"https:\/\/www.uv.mx\/prensa\/wp-json\/wp\/v2\/posts\/6123","targetHints":{"allow":["GET"]}}],"collection":[{"href":"https:\/\/www.uv.mx\/prensa\/wp-json\/wp\/v2\/posts"}],"about":[{"href":"https:\/\/www.uv.mx\/prensa\/wp-json\/wp\/v2\/types\/post"}],"author":[{"embeddable":true,"href":"https:\/\/www.uv.mx\/prensa\/wp-json\/wp\/v2\/users\/1809"}],"replies":[{"embeddable":true,"href":"https:\/\/www.uv.mx\/prensa\/wp-json\/wp\/v2\/comments?post=6123"}],"version-history":[{"count":0,"href":"https:\/\/www.uv.mx\/prensa\/wp-json\/wp\/v2\/posts\/6123\/revisions"}],"wp:featuredmedia":[{"embeddable":true,"href":"https:\/\/www.uv.mx\/prensa\/wp-json\/wp\/v2\/media\/6135"}],"wp:attachment":[{"href":"https:\/\/www.uv.mx\/prensa\/wp-json\/wp\/v2\/media?parent=6123"}],"wp:term":[{"taxonomy":"category","embeddable":true,"href":"https:\/\/www.uv.mx\/prensa\/wp-json\/wp\/v2\/categories?post=6123"},{"taxonomy":"post_tag","embeddable":true,"href":"https:\/\/www.uv.mx\/prensa\/wp-json\/wp\/v2\/tags?post=6123"}],"curies":[{"name":"wp","href":"https:\/\/api.w.org\/{rel}","templated":true}]}}