{"id":60987,"date":"2019-01-14T14:08:15","date_gmt":"2019-01-14T20:08:15","guid":{"rendered":"https:\/\/www.uv.mx\/prensa\/?p=60987"},"modified":"2019-01-17T11:52:06","modified_gmt":"2019-01-17T17:52:06","slug":"capitalismo-gore-se-analizara-en-el-cecc","status":"publish","type":"post","link":"https:\/\/www.uv.mx\/prensa\/general\/capitalismo-gore-se-analizara-en-el-cecc\/","title":{"rendered":"Centro de Estudios de la Cultura y la Comunicaci\u00f3n analizar\u00e1 capitalismo gore"},"content":{"rendered":"<ul>\n<li><em>El 21 de enero, en el marco del Seminario Permanente de Cultura y Comunicaci\u00f3n<\/em><\/li>\n<\/ul>\n<p>&nbsp;<\/p>\n<div id=\"attachment_60975\" style=\"width: 732px\" class=\"wp-caption aligncenter\"><a href=\"https:\/\/www.uv.mx\/prensa\/files\/2019\/01\/110119-KARINA-Seminario-permanente.jpg\"><img loading=\"lazy\" decoding=\"async\" aria-describedby=\"caption-attachment-60975\" class=\"size-full wp-image-60975\" src=\"https:\/\/www.uv.mx\/prensa\/files\/2019\/01\/110119-KARINA-Seminario-permanente.jpg\" alt=\"\" width=\"722\" height=\"1119\" srcset=\"https:\/\/www.uv.mx\/prensa\/files\/2019\/01\/110119-KARINA-Seminario-permanente.jpg 722w, https:\/\/www.uv.mx\/prensa\/files\/2019\/01\/110119-KARINA-Seminario-permanente-194x300.jpg 194w, https:\/\/www.uv.mx\/prensa\/files\/2019\/01\/110119-KARINA-Seminario-permanente-661x1024.jpg 661w\" sizes=\"auto, (max-width: 722px) 100vw, 722px\" \/><\/a><p id=\"caption-attachment-60975\" class=\"wp-caption-text\">Un an\u00e1lisis filos\u00f3fico valiente y transgresor de la realidad post-capitalista<\/p><\/div>\n<p>&nbsp;<\/p>\n<p><strong><em>Karina de la Paz Reyes D\u00edaz<\/em><\/strong><\/p>\n<p><strong><em>11\/01\/2019, Xalapa, Ver.-<\/em><\/strong><em> Capitalismo gore. Control econ\u00f3mico, violencia y narcopoder<\/em>, de la tijuanense Sayak Valencia, ser\u00e1 la obra que se analizar\u00e1 en la segunda sesi\u00f3n del Seminario Permanente de Cultura y Comunicaci\u00f3n, el 21 de enero a las 11:00 horas, en el <a href=\"https:\/\/www.uv.mx\/cecc\/\">Centro de Estudios de la Cultura y la Comunicaci\u00f3n<\/a> (CECC) de la Universidad Veracruzana (UV).<\/p>\n<p>Este seminario es desarrollado por el cuerpo acad\u00e9mico (CA) Consolidado Estudios de la Cultura y la Comunicaci\u00f3n en Am\u00e9rica Latina, del citado centro universitario ubicado en Benito Ju\u00e1rez n\u00famero 126, en el centro de Xalapa. Se trata de una actividad abierta a estudiantes, investigadores, docentes y personas interesadas para discutir temas de inter\u00e9s, a partir de lecturas comunes, presentaciones de proyectos y otras modalidades posibles.<\/p>\n<p>Para el primer semestre de este a\u00f1o, el seminario tiene como propuesta compartir lecturas de teor\u00eda cr\u00edtica generada desde M\u00e9xico y Am\u00e9rica Latina, enfocadas en la situaci\u00f3n actual de racismos, discriminaciones y desigualdades, por un lado; as\u00ed como la producci\u00f3n de identidades y representaciones, por otro.<\/p>\n<p>La lectura de la sesi\u00f3n ser\u00e1 <em>Capitalismo gore. Control econ\u00f3mico, violencia y narcopoder<\/em> (Melusina, 2010; reeditado por Paid\u00f3s, 2016), de Sayak Valencia (Tijuana, M\u00e9xico, 1980). Cabe citar que la obra fue ganadora del Premio Estado Cr\u00edtico 2010 al mejor ensayo. El acta del jurado de aquel momento destac\u00f3 de la obra \u201cel an\u00e1lisis filos\u00f3fico valiente y transgresor de la realidad post-capitalista, en el que se incluyen espacios de significaci\u00f3n tradicionalmente olvidados por el pensamiento primermundista\u201d.<\/p>\n<p>Asimismo, en la sinopsis de Paid\u00f3s se lee: \u201cCon una voz transgresora y l\u00facida, la investigadora y activista tijuanense, Sayak Valencia, desentra\u00f1a la forma de operar de las pol\u00edticas de la muerte en las redes del hiperconsumo, el engranaje de las fluctuaciones del capital, el narcotr\u00e1fico, el narcopoder y la maquinaria del Estado. Como im\u00e1genes del filme poshumano m\u00e1s cruento, la autora pone al descubierto la maquinaria y las ramificaciones violentas de los \u2018actores\u2019 del poder, en cuyos engranajes las estructuras capitalistas, el Estado y el narco entablan un cerco de dominio econ\u00f3mico\u201d.<\/p>\n<p>A\u00f1ade: \u201cEn el capitalismo <em>gore<\/em>, los nuevos modos discursivos de las violencias organizadas intervienen en la producci\u00f3n del capital. Los cuerpos de las v\u00edctimas se ostentan, mientras la cultura del narco participa en la conformaci\u00f3n de un mercado global que oferta los sue\u00f1os y deseos a seguir\u201d.<\/p>\n<p>Para m\u00e1s informaci\u00f3n, consultar a la acad\u00e9mica e investigadora del CECC de la UV, Elissa Rashkin: <a href=\"mailto:erashkin@uv.mx\">erashkin@uv.mx<\/a><\/p>\n","protected":false},"excerpt":{"rendered":"<p>Ser\u00e1 el tema en la segunda sesi\u00f3n del Seminario Permanente de Cultura y Comunicaci\u00f3n, a realizarse el 21 de enero<\/p>\n","protected":false},"author":1869,"featured_media":60975,"comment_status":"closed","ping_status":"closed","sticky":false,"template":"","format":"standard","meta":{"footnotes":""},"categories":[1],"tags":[],"class_list":["post-60987","post","type-post","status-publish","format-standard","has-post-thumbnail","hentry","category-general"],"_links":{"self":[{"href":"https:\/\/www.uv.mx\/prensa\/wp-json\/wp\/v2\/posts\/60987","targetHints":{"allow":["GET"]}}],"collection":[{"href":"https:\/\/www.uv.mx\/prensa\/wp-json\/wp\/v2\/posts"}],"about":[{"href":"https:\/\/www.uv.mx\/prensa\/wp-json\/wp\/v2\/types\/post"}],"author":[{"embeddable":true,"href":"https:\/\/www.uv.mx\/prensa\/wp-json\/wp\/v2\/users\/1869"}],"replies":[{"embeddable":true,"href":"https:\/\/www.uv.mx\/prensa\/wp-json\/wp\/v2\/comments?post=60987"}],"version-history":[{"count":0,"href":"https:\/\/www.uv.mx\/prensa\/wp-json\/wp\/v2\/posts\/60987\/revisions"}],"wp:featuredmedia":[{"embeddable":true,"href":"https:\/\/www.uv.mx\/prensa\/wp-json\/wp\/v2\/media\/60975"}],"wp:attachment":[{"href":"https:\/\/www.uv.mx\/prensa\/wp-json\/wp\/v2\/media?parent=60987"}],"wp:term":[{"taxonomy":"category","embeddable":true,"href":"https:\/\/www.uv.mx\/prensa\/wp-json\/wp\/v2\/categories?post=60987"},{"taxonomy":"post_tag","embeddable":true,"href":"https:\/\/www.uv.mx\/prensa\/wp-json\/wp\/v2\/tags?post=60987"}],"curies":[{"name":"wp","href":"https:\/\/api.w.org\/{rel}","templated":true}]}}