{"id":60902,"date":"2019-01-11T12:00:03","date_gmt":"2019-01-11T18:00:03","guid":{"rendered":"https:\/\/www.uv.mx\/prensa\/?p=60902"},"modified":"2019-01-11T12:00:03","modified_gmt":"2019-01-11T18:00:03","slug":"casa-uv-la-chinantla-tiene-nuevo-coordinador","status":"publish","type":"post","link":"https:\/\/www.uv.mx\/prensa\/regiones\/coatzacoalcos\/casa-uv-la-chinantla-tiene-nuevo-coordinador\/","title":{"rendered":"Casa UV La Chinantla tiene nuevo Coordinador"},"content":{"rendered":"<ul>\n<li><i>Hiram Xavier Santos <\/i><i>sustituye a <\/i><i>Claudia Rodr\u00edguez<\/i><span>\u00a0<\/span><\/li>\n<\/ul>\n<p><span>\u00a0<\/span><\/p>\n<p><span>\u00a0<\/span><\/p>\n<div id=\"attachment_60899\" style=\"width: 732px\" class=\"wp-caption aligncenter\"><a href=\"https:\/\/www.uv.mx\/prensa\/files\/2019\/01\/110119-CasaUV.jpg\"><img aria-describedby=\"caption-attachment-60899\" decoding=\"async\" loading=\"lazy\" class=\"size-full wp-image-60899\" src=\"https:\/\/www.uv.mx\/prensa\/files\/2019\/01\/110119-CasaUV.jpg\" alt=\"\" width=\"722\" height=\"542\" srcset=\"https:\/\/www.uv.mx\/prensa\/files\/2019\/01\/110119-CasaUV.jpg 722w, https:\/\/www.uv.mx\/prensa\/files\/2019\/01\/110119-CasaUV-300x225.jpg 300w\" sizes=\"(max-width: 722px) 100vw, 722px\" \/><\/a><p id=\"caption-attachment-60899\" class=\"wp-caption-text\">Presentaci\u00f3n del Coordinador de la Casa UV La Chinantla<\/p><\/div>\n<p>&nbsp;<\/p>\n<p><b><i>Cecilia Escribano Reyes<\/i><\/b><span><br \/>\n<\/span><\/p>\n<p><b><i>11\/01\/2018, <\/i><\/b><b><i>Uxpanapa<\/i><\/b><b><i>, Ver.- <\/i><\/b>Florentino Cruz Mart\u00ednez, secretario Acad\u00e9mico de la regi\u00f3n Coatzacoalcos-Minatitl\u00e1n de la Universidad Veracruzana (UV), present\u00f3 a Hiram Xavier Santos Gonz\u00e1lez como nuevo coordinador de la Casa UV La Chinantla, ubicada en el valle del Uxpanapa, en ceremonia realizada el lunes 7 de enero.<span>\u00a0<\/span><\/p>\n<p>Al evento asistieron Esteban Campechano Rinc\u00f3n y Camerino Cruz Hern\u00e1ndez, presidente municipal y secretario del ayuntamiento de Uxpanapa, respectivamente; Jes\u00fas Luis Urrea Prieto, coordinador del Instituto Nacional de los Pueblos Ind\u00edgenas de La Laguna; as\u00ed como comisariados ejidales, subagentes municipales y representantes de organizaciones sociales.<span>\u00a0<\/span><\/p>\n<p>Por parte de la Vicerrector\u00eda asistieron los coordinadores regionales de Vinculaci\u00f3n y de Programas Especiales, Jos\u00e9 Antonio Fern\u00e1ndez Figueroa y Edgar Alberto Jim\u00e9nez Vald\u00e9s, respectivamente.<span>\u00a0<\/span><\/p>\n<p>Florentino Cruz agradeci\u00f3 la presencia de los asistentes e hizo un reconocimiento al trabajo realizado por Claudia Rodr\u00edguez, quien durante varios a\u00f1os estuvo al frente de la Casa UV La Chinantla.<span>\u00a0<\/span><\/p>\n<p>El presidente municipal Esteban Campechano dio la bienvenida al nuevo Coordinador de la Casa UV y manifest\u00f3 que el ayuntamiento brindar\u00e1 todo el apoyo para fortalecer la presencia de esta entidad universitaria y mejorar su infraestructura.<span>\u00a0<\/span><\/p>\n<p>Al respecto, acordaron una reuni\u00f3n de trabajo para programar con ediles y comisariados ejidales el cercado con malla cicl\u00f3nica y postes de concreto, la rehabilitaci\u00f3n del puente y el relleno de la parte baja del terreno de la Casa UV.<span>\u00a0<\/span><\/p>\n<p>Santos Gonz\u00e1lez expres\u00f3 sentirse agradecido por la bienvenida y por el apoyo de las autoridades municipales y ejidales; dijo que \u201cla Casa UV necesita el apoyo permanente para las acciones que le corresponder\u00e1 emprender con los brigadistas universitarios\u201d.<span>\u00a0<\/span><\/p>\n<p>Por su parte, Jos\u00e9 Antonio Fern\u00e1ndez manifest\u00f3 que la Casa UV fortalecer\u00e1 su presencia en el valle del Uxpanapa, con estudiantes de diversas facultades que a partir de febrero realizar\u00e1n el servicio social, brindando atenci\u00f3n m\u00e9dica y de tipo productivo, entre otras acciones.<span>\u00a0<\/span><\/p>\n<p>Hiram Xavier Santos es licenciado en Trabajo Social, ha laborado como consultor social y en la Direcci\u00f3n General de Vinculaci\u00f3n de esta casa de estudios, donde coordin\u00f3 el programa UV-Peraj en la regi\u00f3n de Xalapa y el programa de Brigadas Universitarias en Servicio Social en los municipios de Pajapan, Tatahuicapan, Mecayapan y Soteapan.<\/p>\n<p>&nbsp;<\/p>\n<div id=\"attachment_60897\" style=\"width: 732px\" class=\"wp-caption aligncenter\"><a href=\"https:\/\/www.uv.mx\/prensa\/files\/2019\/01\/110119-CasaUV2.jpg\"><img aria-describedby=\"caption-attachment-60897\" decoding=\"async\" loading=\"lazy\" class=\"size-full wp-image-60897\" src=\"https:\/\/www.uv.mx\/prensa\/files\/2019\/01\/110119-CasaUV2.jpg\" alt=\"\" width=\"722\" height=\"542\" srcset=\"https:\/\/www.uv.mx\/prensa\/files\/2019\/01\/110119-CasaUV2.jpg 722w, https:\/\/www.uv.mx\/prensa\/files\/2019\/01\/110119-CasaUV2-300x225.jpg 300w\" sizes=\"(max-width: 722px) 100vw, 722px\" \/><\/a><p id=\"caption-attachment-60897\" class=\"wp-caption-text\">Reuni\u00f3n con autoridades municipales<\/p><\/div>\n","protected":false},"excerpt":{"rendered":"<p>Las autoridades locales dieron la bienvenida a Hiram Xavier Santos, a quien ofrecieron su apoyo para continuar las actividades conjuntas<\/p>\n","protected":false},"author":1508,"featured_media":60899,"comment_status":"closed","ping_status":"closed","sticky":false,"template":"","format":"standard","meta":[],"categories":[52],"tags":[],"_links":{"self":[{"href":"https:\/\/www.uv.mx\/prensa\/wp-json\/wp\/v2\/posts\/60902"}],"collection":[{"href":"https:\/\/www.uv.mx\/prensa\/wp-json\/wp\/v2\/posts"}],"about":[{"href":"https:\/\/www.uv.mx\/prensa\/wp-json\/wp\/v2\/types\/post"}],"author":[{"embeddable":true,"href":"https:\/\/www.uv.mx\/prensa\/wp-json\/wp\/v2\/users\/1508"}],"replies":[{"embeddable":true,"href":"https:\/\/www.uv.mx\/prensa\/wp-json\/wp\/v2\/comments?post=60902"}],"version-history":[{"count":0,"href":"https:\/\/www.uv.mx\/prensa\/wp-json\/wp\/v2\/posts\/60902\/revisions"}],"wp:featuredmedia":[{"embeddable":true,"href":"https:\/\/www.uv.mx\/prensa\/wp-json\/wp\/v2\/media\/60899"}],"wp:attachment":[{"href":"https:\/\/www.uv.mx\/prensa\/wp-json\/wp\/v2\/media?parent=60902"}],"wp:term":[{"taxonomy":"category","embeddable":true,"href":"https:\/\/www.uv.mx\/prensa\/wp-json\/wp\/v2\/categories?post=60902"},{"taxonomy":"post_tag","embeddable":true,"href":"https:\/\/www.uv.mx\/prensa\/wp-json\/wp\/v2\/tags?post=60902"}],"curies":[{"name":"wp","href":"https:\/\/api.w.org\/{rel}","templated":true}]}}