{"id":60882,"date":"2019-01-11T09:00:41","date_gmt":"2019-01-11T15:00:41","guid":{"rendered":"https:\/\/www.uv.mx\/prensa\/?p=60882"},"modified":"2019-01-14T11:25:40","modified_gmt":"2019-01-14T17:25:40","slug":"observatorio-universitario-de-violencias-contra-las-mujeres-busca-salvaguardar-vidas","status":"publish","type":"post","link":"https:\/\/www.uv.mx\/prensa\/banner\/observatorio-universitario-de-violencias-contra-las-mujeres-busca-salvaguardar-vidas\/","title":{"rendered":"Observatorio Universitario de Violencias contra las Mujeres busca salvaguardar vidas"},"content":{"rendered":"<ul>\n<li><i>Un grupo de universitarias realiza un monitoreo a alrededor de 43 medios de comunicaci\u00f3n de Veracruz<\/i><\/li>\n<\/ul>\n<p>&nbsp;<\/p>\n<div id=\"attachment_60884\" style=\"width: 732px\" class=\"wp-caption aligncenter\"><a href=\"https:\/\/www.uv.mx\/prensa\/files\/2019\/01\/130119-Estela-Casados.jpg\"><img loading=\"lazy\" decoding=\"async\" aria-describedby=\"caption-attachment-60884\" class=\"size-full wp-image-60884\" src=\"https:\/\/www.uv.mx\/prensa\/files\/2019\/01\/130119-Estela-Casados.jpg\" alt=\"\" width=\"722\" height=\"463\" srcset=\"https:\/\/www.uv.mx\/prensa\/files\/2019\/01\/130119-Estela-Casados.jpg 722w, https:\/\/www.uv.mx\/prensa\/files\/2019\/01\/130119-Estela-Casados-300x192.jpg 300w\" sizes=\"auto, (max-width: 722px) 100vw, 722px\" \/><\/a><p id=\"caption-attachment-60884\" class=\"wp-caption-text\">\u201cNuestra tarea, adem\u00e1s de hacer un registro pormenorizado y sustentado cient\u00edficamente, tambi\u00e9n es un trabajo pol\u00edtico\u201d: Estela Casados Gonz\u00e1lez<\/p><\/div>\n<p>&nbsp;<\/p>\n<p><b><i>Karina de la Paz Reyes D\u00edaz<\/i><\/b><\/p>\n<p><b><i>11\/<\/i><\/b><b><i>01<\/i><\/b><b><i>\/<\/i><\/b><b><i>19, Xalapa, Ver.- <\/i><\/b>El Observatorio Universitario de Violencias Contra las Mujeres (<i>OUVMujeres<\/i>) de la Universidad Veracruzana (UV) est\u00e1 conformado por un grupo de universitarias que realizan monitoreo a alrededor de 43 medios de comunicaci\u00f3n de la entidad, entre sus intenciones est\u00e1 la de salvaguardar vidas de las veracruzanas.<\/p>\n<p>\u201cEs bastante lamentable que haya observatorios de este tipo, porque es una tarea que si bien tiene una finalidad pol\u00edtica \u2013que no partidista\u2013 respecto a dar a conocer la situaci\u00f3n que viven las ciudadanas del estado, deber\u00edan ser las instancias oficiales correspondientes las que dieran informaci\u00f3n puntual y oficial sobre este tipo de cuestiones\u201d, expuso la coordinadora del <i>OUVMujeres<\/i>, Estela Casados Gonz\u00e1lez.<\/p>\n<p>En 2014, acad\u00e9micas y estudiantes de la L\u00ednea de investigaci\u00f3n \u201cAntropolog\u00eda feminista y estudios de g\u00e9nero. Investigaci\u00f3n, intervenci\u00f3n y acci\u00f3n desde la antropolog\u00eda social\u201d, de la Licenciatura en Antropolog\u00eda Social de la Facultad de Antropolog\u00eda, iniciaron el proyecto \u201cAsesinatos de mujeres y ni\u00f1as por raz\u00f3n de g\u00e9nero\u201d, ante la inquietud que ten\u00edan por el recrudecimiento de los asesinatos de mujeres, concretamente los feminicidios.<\/p>\n<p>Ha sido tal la utilidad del proyecto de investigaci\u00f3n, que la informaci\u00f3n recabada en ese a\u00f1o permiti\u00f3 documentar la solicitud de alerta de violencia de g\u00e9nero para Veracruz.<\/p>\n<p>El principal eje del proyecto de investigaci\u00f3n es un monitoreo a medios de comunicaci\u00f3n que permite, por un lado, conocer qu\u00e9 dicen \u00e9stos sobre los asesinatos a mujeres en Veracruz; por otro lado, formar al estudiantado interesado en los procesos de investigaci\u00f3n que tienen que ver con la antropolog\u00eda de la violencia y la feminista, y que conozcan los mecanismos metodol\u00f3gicos a partir de los cuales se hace una revisi\u00f3n sobre la informaci\u00f3n que circula en los medios.<\/p>\n<p>Su fundadora, la acad\u00e9mica de la Facultad de Antropolog\u00eda, Estela Casados, record\u00f3 que en 2016, con la intenci\u00f3n de formalizar la serie de labores que implican tal proyecto, lo asentaron en el Sistema de Registro y Evaluaci\u00f3n de la Investigaci\u00f3n (<i>Sirei<\/i>) de la Direcci\u00f3n General de Investigaciones de la UV, donde hasta la fecha contin\u00faa.<\/p>\n<p>\u201cPara principios de 2017 ya era, lamentablemente, un gran volumen de informaci\u00f3n debido a que, adem\u00e1s de los feminicidios y homicidios que se dan en el estado de Veracruz, tambi\u00e9n hacemos un monitoreo sobre desapariciones de mujeres y ni\u00f1as, y de violencias contra mujeres (psicol\u00f3gica, f\u00edsica, entre otras)\u201d, narr\u00f3 en entrevista para <i>Universo<\/i>.<\/p>\n<p>Este proyecto es el antecedente del <i>OUVMujeres<\/i> y como lo indica el portal oficial (<a href=\"https:\/\/bit.ly\/2PJK3jp\">https:\/\/bit.ly\/2PJK3jp<\/a>): \u201cLa informaci\u00f3n se obtiene de portales informativos y medios impresos, adem\u00e1s de p\u00e1ginas <i>web<\/i> oficiales de la Fiscal\u00eda General del Estado de Veracruz, comunicados de prensa de instancias oficiales y redes sociales\u201d.<\/p>\n<p>Pero la entrevistada aclar\u00f3: \u201cNo se trata s\u00f3lo de hacer un conteo, sino un an\u00e1lisis de la nota period\u00edstica de los medios veracruzanos, porque en muchas ocasiones sucede que en el af\u00e1n de visibilizar ante el p\u00fablico de los medios en la nota se dice \u2018es un feminicidio\u2019 y no lo es, o se dice \u2018es un homicidio\u2019 y tampoco lo es\u201d.<\/p>\n<p>En la presentaci\u00f3n del portal precisan que \u201clos datos se sistematizan de acuerdo a una metodolog\u00eda de trabajo basada en instrumentos legales locales que definen, por ejemplo, qu\u00e9 es y qu\u00e9 no es un feminicidio, concretamente el C\u00f3digo Penal del Estado Veracruzano o la Ley de Acceso de las Mujeres a una Vida Libre de Violencia, en donde se definen los diferentes tipos y modalidades en las que se enmarca\u201d.<\/p>\n<p>La tambi\u00e9n Coordinadora de la Maestr\u00eda en Estudios de G\u00e9nero del Centro de Estudios de G\u00e9nero de esta casa de estudios, expuso que desde que iniciaron los trabajos de manera informal la intenci\u00f3n es atender una inquietud de la sociedad civil y de los grupos feministas de la entidad sobre las violencias contra las mujeres. Se trata de una labor que permite ayudar, desde la academia, para que haya, por lo menos, un panorama con estimaciones de los medios de comunicaci\u00f3n, toda vez que no hay cifras oficiales p\u00fablicas al respecto.<\/p>\n<p>Record\u00f3 que el \u00fanico informe oficial que una autoridad ha proporcionado en calidad de lo que es hoy la Fiscal\u00eda General del Estado de Veracruz, lo dio Reynaldo Escobar P\u00e9rez en 2011. \u201cHace ocho a\u00f1os conocimos el \u00fanico informe que se dio respecto a las capetas que estaba llevando la entonces Procuradur\u00eda General del Estado por homicidios a mujeres; recordemos que ese mismo a\u00f1o se aprob\u00f3 la tipificaci\u00f3n del delito de feminicidio\u201d.<\/p>\n<p>Estela Casados remarc\u00f3: \u201cEl Observatorio tiene la particularidad de que es un portal acad\u00e9mico, como toda la informaci\u00f3n que genera la Universidad Veracruzana\u201d. Si bien hay inquietud por saber, a partir del primer d\u00eda de cada mes, cu\u00e1les son las cifras sobre violencias en general que acontecieron en el mes anterior, tales no se publican en el portal inmediatamente, pues a diferencia de los portales informativos \u2013cuya eficiencia se mide en la inmediatez con que reportan un evento\u2013 en este caso se trata de uno de tipo acad\u00e9mico, cuyas cifran pasan por una triple revisi\u00f3n, antes de ser divulgadas.<\/p>\n<p>La labor que implica el observatorio es dirigida y coordinada por Estela Casados, pero en ella participan estudiantes de las licenciaturas en Antropolog\u00eda Social, Antropolog\u00eda Hist\u00f3rica, Sociolog\u00eda, Letras Espa\u00f1olas y de posgrado, en algunos casos en car\u00e1cter de servicio social y en otros de tipo voluntario.<\/p>\n<p>El monitoreo que desarrollan es concienzudo, mesurado y prudente, pero tambi\u00e9n pol\u00edtico, expuso la acad\u00e9mica: \u201cNuestra tarea, adem\u00e1s de hacer un registro pormenorizado y sustentado cient\u00edficamente, tambi\u00e9n es un trabajo pol\u00edtico \u2013que no partidista\u2013 que implica la visibilizaci\u00f3n de las violencias contra las mujeres. Es pol\u00edtico decir que a las mujeres las est\u00e1n matando porque todav\u00eda hay un prejuicio de que no podemos caminar por nuestras calles; que a las chicas o a las amas de casa las est\u00e1n matando en sus casas porque en ese espacio \u00edntimo sus compa\u00f1eros sentimentales, esposos o ex parejas consideran que es un lugar propicio para arrebatarles la vida.<\/p>\n<p>\u201dCon eso quiero decir que hacemos un trabajo pol\u00edtico, demostrar que socialmente hay una percepci\u00f3n de que las mujeres somos ciudadanas de segunda y que en tanto que somos objetos y no sujetos, nos pueden arrebatar la vida \u2013en ese sentido hay una intencionalidad distinta a cuando se mata a un hombre\u2013. \u00c9sa es la pertenencia pol\u00edtica del trabajo.\u201d<\/p>\n<p>Pero el trato meticuloso, mesurado y sustentado del monitoreo que realizan a alrededor de 43 medios de comunicaci\u00f3n de toda la entidad (y que en algunas temporadas han sido m\u00e1s de 50) no es s\u00f3lo por razones acad\u00e9micas, pues no se trata s\u00f3lo de contar porque s\u00ed, sino de subir informaci\u00f3n que tenga los elementos; \u201chay mucho cuidado para no contar un mismo caso en dos o tres ocasiones, para no inflar cifras, porque as\u00ed no se hace el trabajo cient\u00edfico ni antropol\u00f3gico\u201d, dijo Estela Casados; \u201cno es nada m\u00e1s un n\u00famero, son mujeres\u201d, remarc\u00f3.<\/p>\n<p>El <i>OUVMujeres<\/i> tiene cuatro rubros: Violencias, donde se presentan gr\u00e1ficas de casos por regi\u00f3n, por municipio, por mes, por tipos de violencia, edad de la v\u00edctima y sexo de quien agredi\u00f3; Desapariciones, donde hay gr\u00e1ficas por regi\u00f3n, por municipio, por edad, localizaci\u00f3n de la v\u00edctima y estado de localizaci\u00f3n de la v\u00edctima (con vida, sin vida, no especificado).<\/p>\n<p>El tercer y cuatro rubros son Feminicidio y Homicidios, donde las gr\u00e1ficas dan cuenta por regi\u00f3n, municipio, edad de la v\u00edctima, espacio de localizaci\u00f3n y causas de la muerte, respectivamente.<\/p>\n<p>La entrevistada cit\u00f3 que en el \u00faltimo a\u00f1o del gobierno de Fidel Herrera Beltr\u00e1n la tasa de feminicidios era de 1.5 por ciento, y en el primero de su sucesor, Javier Duarte de Ochoa, subi\u00f3 a cuatro por ciento; para la transici\u00f3n de \u00e9ste a Miguel \u00c1ngel Yunes Linares, tambi\u00e9n aument\u00f3. \u201cSube cada a\u00f1o, pero cuando hay cambio de gobierno sube m\u00e1s. Es muy desesperante, porque los n\u00fameros te dan ciertas frecuencias y la de este a\u00f1o no es buena para las mujeres en Veracruz, sobre todo cuando no hay estrategias coordinadas e integrales que se traduzcan en esfuerzos concretos\u201d.<\/p>\n<p>As\u00ed como no s\u00f3lo llevan un conteo de las violencias contra las mujeres por contar, declarar que 2019 ser\u00e1 un a\u00f1o peligroso para las mujeres en Veracruz no tiene el af\u00e1n de escandalizar, aclar\u00f3 la entrevistada. El prop\u00f3sito es, una vez que se tiene la tendencia, considerar que hay pol\u00edticas p\u00fablicas, instrumentos legales y mecanismos que es necesario utilizar de la manera m\u00e1s pertinente para salvaguardar vidas de las veracruzanas.<\/p>\n<p>\u201cEst\u00e1s viendo un panorama con una tendencia, pero ese panorama se puede revertir, no se ha hecho en las ocasiones anteriores porque pareciera que los problemas y temas que ata\u00f1en a las mujeres son menores.\u201d<\/p>\n","protected":false},"excerpt":{"rendered":"<p>Las instancias oficiales deber\u00edan dar informaci\u00f3n puntual sobre la situaci\u00f3n que viven las ciudadanas de Veracruz: Estela Casados Gonz\u00e1lez<\/p>\n","protected":false},"author":1508,"featured_media":60883,"comment_status":"closed","ping_status":"closed","sticky":false,"template":"","format":"standard","meta":{"footnotes":""},"categories":[61],"tags":[],"class_list":["post-60882","post","type-post","status-publish","format-standard","has-post-thumbnail","hentry","category-banner"],"_links":{"self":[{"href":"https:\/\/www.uv.mx\/prensa\/wp-json\/wp\/v2\/posts\/60882","targetHints":{"allow":["GET"]}}],"collection":[{"href":"https:\/\/www.uv.mx\/prensa\/wp-json\/wp\/v2\/posts"}],"about":[{"href":"https:\/\/www.uv.mx\/prensa\/wp-json\/wp\/v2\/types\/post"}],"author":[{"embeddable":true,"href":"https:\/\/www.uv.mx\/prensa\/wp-json\/wp\/v2\/users\/1508"}],"replies":[{"embeddable":true,"href":"https:\/\/www.uv.mx\/prensa\/wp-json\/wp\/v2\/comments?post=60882"}],"version-history":[{"count":0,"href":"https:\/\/www.uv.mx\/prensa\/wp-json\/wp\/v2\/posts\/60882\/revisions"}],"wp:featuredmedia":[{"embeddable":true,"href":"https:\/\/www.uv.mx\/prensa\/wp-json\/wp\/v2\/media\/60883"}],"wp:attachment":[{"href":"https:\/\/www.uv.mx\/prensa\/wp-json\/wp\/v2\/media?parent=60882"}],"wp:term":[{"taxonomy":"category","embeddable":true,"href":"https:\/\/www.uv.mx\/prensa\/wp-json\/wp\/v2\/categories?post=60882"},{"taxonomy":"post_tag","embeddable":true,"href":"https:\/\/www.uv.mx\/prensa\/wp-json\/wp\/v2\/tags?post=60882"}],"curies":[{"name":"wp","href":"https:\/\/api.w.org\/{rel}","templated":true}]}}