{"id":60726,"date":"2019-01-09T09:00:11","date_gmt":"2019-01-09T15:00:11","guid":{"rendered":"https:\/\/www.uv.mx\/prensa\/?p=60726"},"modified":"2019-01-09T14:20:11","modified_gmt":"2019-01-09T20:20:11","slug":"apadrina-una-carta-y-dona-un-juguete-ejemplos-de-compromiso-social","status":"publish","type":"post","link":"https:\/\/www.uv.mx\/prensa\/banner\/apadrina-una-carta-y-dona-un-juguete-ejemplos-de-compromiso-social\/","title":{"rendered":"\u201cApadrina una carta\u201d y \u201cDona un juguete\u201d, ejemplos de compromiso social"},"content":{"rendered":"<ul>\n<li><i>Elia Beltr\u00e1n<\/i><i> Coronel<\/i><i>, titular del <\/i><i>Voluntariado<\/i><i> UV, <\/i><i>dijo que gracias a la comunidad universitaria y <\/i><i>empresas participantes, se <\/i><i>rebasaron<\/i><i> las expectativas<\/i><\/li>\n<li><i>Se entregaron reconocimientos a estudiantes, acad\u00e9micos y empresas que participaron en estas campa\u00f1as<\/i><\/li>\n<\/ul>\n<p>&nbsp;<\/p>\n<div id=\"attachment_60731\" style=\"width: 732px\" class=\"wp-caption aligncenter\"><a href=\"https:\/\/www.uv.mx\/prensa\/files\/2019\/01\/090119-Reconocimientos.jpg\"><img loading=\"lazy\" decoding=\"async\" aria-describedby=\"caption-attachment-60731\" class=\"wp-image-60731 size-full\" src=\"https:\/\/www.uv.mx\/prensa\/files\/2019\/01\/090119-Reconocimientos.jpg\" alt=\"\" width=\"722\" height=\"481\" srcset=\"https:\/\/www.uv.mx\/prensa\/files\/2019\/01\/090119-Reconocimientos.jpg 722w, https:\/\/www.uv.mx\/prensa\/files\/2019\/01\/090119-Reconocimientos-300x200.jpg 300w\" sizes=\"auto, (max-width: 722px) 100vw, 722px\" \/><\/a><p id=\"caption-attachment-60731\" class=\"wp-caption-text\">Sara Ladr\u00f3n de Guevara dijo que estas campa\u00f1as son una fiesta de generosidad<\/p><\/div>\n<p>&nbsp;<\/p>\n<p><b><i>Paola Cort\u00e9s P\u00e9rez<\/i><\/b><\/p>\n<p><b><i>0<\/i><\/b><b><i>9<\/i><\/b><b><i>\/01\/19, Xalapa, Ver.-<\/i><\/b> La Universidad Veracruzana (UV) reconoci\u00f3 a las empresas e integrantes de la comunidad universitaria que participaron activamente en las campa\u00f1as \u201cApadrina una carta\u201d y \u201cDona un juguete\u201d, impulsadas por el Voluntariado de esta casa de estudios.<\/p>\n<p>La ceremonia se llev\u00f3 a cabo la tarde del lunes 7 de enero en la Sala de Juntas de Rector\u00eda, encabezada por la rectora Sara Ladr\u00f3n de Guevara; la secretaria Acad\u00e9mica, Magdalena Hern\u00e1ndez Alarc\u00f3n, y el secretario de Administraci\u00f3n y Finanzas, Salvador Tapia Spinoso.<\/p>\n<p>Las empresas reconocidas por su apoyo a la campa\u00f1a \u201cApadrina una carta\u201d fueron: Colegio Americano de Xalapa, Panificadora Flor de San Pablo, Cafetal-Apan, Caf\u00e9 Bola de Oro, Asadero Cien, Autos Montes y Avanradio.<\/p>\n<p>&nbsp;<\/p>\n<div id=\"attachment_60729\" style=\"width: 732px\" class=\"wp-caption aligncenter\"><a href=\"https:\/\/www.uv.mx\/prensa\/files\/2019\/01\/090119-Reconocimientos-2.jpg\"><img loading=\"lazy\" decoding=\"async\" aria-describedby=\"caption-attachment-60729\" class=\"size-full wp-image-60729\" src=\"https:\/\/www.uv.mx\/prensa\/files\/2019\/01\/090119-Reconocimientos-2.jpg\" alt=\"\" width=\"722\" height=\"481\" srcset=\"https:\/\/www.uv.mx\/prensa\/files\/2019\/01\/090119-Reconocimientos-2.jpg 722w, https:\/\/www.uv.mx\/prensa\/files\/2019\/01\/090119-Reconocimientos-2-300x200.jpg 300w\" sizes=\"auto, (max-width: 722px) 100vw, 722px\" \/><\/a><p id=\"caption-attachment-60729\" class=\"wp-caption-text\">Elia Beltr\u00e1n agradeci\u00f3 a los estudiantes y empresas que apoyaron<\/p><\/div>\n<p>&nbsp;<\/p>\n<p>Asimismo, recibieron reconocimiento los estudiantes y acad\u00e9micos que instalaron y administraron centros de acopio en diversas entidades acad\u00e9micas de la Universidad: Griselda S\u00e1nchez Guevara, de la Facultad de Ciencias Administrativas y Sociales (FCAS); Adri\u00e1n P\u00e9rez Hern\u00e1ndez y el acad\u00e9mico Alfredo Cerqueda M\u00e9ndez, de la Facultad de Arquitectura; Leslie Margarita P\u00e9rez Olmo y Ariana Jim\u00e9nez Hern\u00e1ndez, de la Facultad de Psicolog\u00eda; Paulina Alejandro Trujillo, de la Unidad de Ingenier\u00eda.<\/p>\n<p>Ximena Z\u00e1rate Hern\u00e1ndez, de la Facultad de Contadur\u00eda y Administraci\u00f3n; Sara\u00ed Rom\u00e1n Policarpio, de la Unidad de Ciencias de la Salud; Carlos Humberto Lagunes Villa y Carlos Alberto Ochoa Rivera, alumno y director de la Facultad de Estad\u00edstica; Andrea Carolina Hern\u00e1ndez Rodr\u00edguez, de la Facultad de Pedagog\u00eda;\u00a0 Emmanuel Corona Jim\u00e9nez, de la Facultad de Artes Pl\u00e1sticas; Ana Mar\u00eda Salazar V\u00e1zquez, directora general de Bibliotecas, y Miriam Fuente, de la Coordinaci\u00f3n de Imagen Institucional de la UV.<\/p>\n<p>La Rectora dijo que las campa\u00f1as son una fiesta de generosidad, al dar esperanza a los ni\u00f1os sobre la buena fe de los seres humanos y la capacidad de compartir.<\/p>\n<p>Agreg\u00f3 que la celebraci\u00f3n a los Reyes Magos nos recuerda que las instituciones p\u00fablicas deben dar cobijo, servir y atender a los m\u00e1s necesitados.<\/p>\n<p>&nbsp;<\/p>\n<div id=\"attachment_60732\" style=\"width: 732px\" class=\"wp-caption aligncenter\"><a href=\"https:\/\/www.uv.mx\/prensa\/files\/2019\/01\/090119-Reconocimientos-3.jpg\"><img loading=\"lazy\" decoding=\"async\" aria-describedby=\"caption-attachment-60732\" class=\"size-full wp-image-60732\" src=\"https:\/\/www.uv.mx\/prensa\/files\/2019\/01\/090119-Reconocimientos-3.jpg\" alt=\"\" width=\"722\" height=\"481\" srcset=\"https:\/\/www.uv.mx\/prensa\/files\/2019\/01\/090119-Reconocimientos-3.jpg 722w, https:\/\/www.uv.mx\/prensa\/files\/2019\/01\/090119-Reconocimientos-3-300x200.jpg 300w\" sizes=\"auto, (max-width: 722px) 100vw, 722px\" \/><\/a><p id=\"caption-attachment-60732\" class=\"wp-caption-text\">Autoridades universitarias entregaron reconocimientos a los empresarios participantes<\/p><\/div>\n<p>&nbsp;<\/p>\n<p>En tanto, Elia Beltr\u00e1n Coronel, titular del Voluntariado de la UV, destac\u00f3 la participaci\u00f3n de la comunidad universitaria ya que gracias a ella se super\u00f3 la meta establecida y por primera vez participaron las cuatro vicerrector\u00edas universitarias, \u201cnos posicionamos como una instituci\u00f3n socialmente responsable\u201d.<\/p>\n<p>Coment\u00f3 que es el primer a\u00f1o que se invit\u00f3 a los estudiantes y acad\u00e9micos a instalar centros de acopio en las entidades acad\u00e9micas, tan s\u00f3lo en la regi\u00f3n Xalapa se registraron 11 centros de acopio donde se recolectaron m\u00e1s de mil 400 juguetes, y se colocaron m\u00e1s de mil 962 cartas para apadrinar ni\u00f1os.<\/p>\n<p>\u201cNuestra satisfacci\u00f3n m\u00e1s grande ser\u00e1 que estos regalos se convertir\u00e1n en miles de sonrisas de ni\u00f1os de 20 comunidades pertenecientes a los municipios Las Vigas, Ixhuac\u00e1n de los Reyes, Xico, Xalapa y Banderilla.\u201d<\/p>\n<p>&nbsp;<\/p>\n<div id=\"attachment_60733\" style=\"width: 732px\" class=\"wp-caption aligncenter\"><a href=\"https:\/\/www.uv.mx\/prensa\/files\/2019\/01\/090119-Reconocimientos-4.jpg\"><img loading=\"lazy\" decoding=\"async\" aria-describedby=\"caption-attachment-60733\" class=\"size-full wp-image-60733\" src=\"https:\/\/www.uv.mx\/prensa\/files\/2019\/01\/090119-Reconocimientos-4.jpg\" alt=\"\" width=\"722\" height=\"481\" srcset=\"https:\/\/www.uv.mx\/prensa\/files\/2019\/01\/090119-Reconocimientos-4.jpg 722w, https:\/\/www.uv.mx\/prensa\/files\/2019\/01\/090119-Reconocimientos-4-300x200.jpg 300w\" sizes=\"auto, (max-width: 722px) 100vw, 722px\" \/><\/a><p id=\"caption-attachment-60733\" class=\"wp-caption-text\">Estudiantes y acad\u00e9micos fueron reconocidos por su labor<\/p><\/div>\n<p>&nbsp;<\/p>\n<p>Finalmente, agradeci\u00f3 a todas aquellas empresas e instituciones benefactoras que a\u00f1o con a\u00f1o apoyan los proyectos asistenciales y comunitarios que impulsa el Voluntariado de la UV, \u201csomos universitarios socialmente responsables\u201d.<\/p>\n<p>Griselda S\u00e1nchez Guevara, consejera alumna de la FCAS y participante de la campa\u00f1a \u201cDona un juguete\u201d, dijo que ser parte de la gran labor que realiza el Voluntariado de la UV le dio la oportunidad de crecer como persona, ya que se fomenta entre los estudiantes los valores de solidaridad, empat\u00eda y trabajo en equipo.<\/p>\n<p>El evento finaliz\u00f3 con la tradici\u00f3n de la partida de la Rosca de Reyes, en la que participaron directores generales de \u00e1reas acad\u00e9micas, administrativas y de operaci\u00f3n.<\/p>\n<p>&nbsp;<\/p>\n<div id=\"attachment_60734\" style=\"width: 732px\" class=\"wp-caption aligncenter\"><a href=\"https:\/\/www.uv.mx\/prensa\/files\/2019\/01\/090119-Reconocimientos-5.jpg\"><img loading=\"lazy\" decoding=\"async\" aria-describedby=\"caption-attachment-60734\" class=\"size-full wp-image-60734\" src=\"https:\/\/www.uv.mx\/prensa\/files\/2019\/01\/090119-Reconocimientos-5.jpg\" alt=\"\" width=\"722\" height=\"481\" srcset=\"https:\/\/www.uv.mx\/prensa\/files\/2019\/01\/090119-Reconocimientos-5.jpg 722w, https:\/\/www.uv.mx\/prensa\/files\/2019\/01\/090119-Reconocimientos-5-300x200.jpg 300w\" sizes=\"auto, (max-width: 722px) 100vw, 722px\" \/><\/a><p id=\"caption-attachment-60734\" class=\"wp-caption-text\">Se parti\u00f3 la tradicional Rosca de Reyes<\/p><\/div>\n","protected":false},"excerpt":{"rendered":"<p>La Universidad Veracruzana reconoci\u00f3 a las empresas e integrantes de la comunidad universitaria que participaron en las campa\u00f1as  impulsadas por el Voluntariado de esta casa de estudios<\/p>\n","protected":false},"author":1508,"featured_media":60771,"comment_status":"closed","ping_status":"closed","sticky":false,"template":"","format":"standard","meta":{"footnotes":""},"categories":[61],"tags":[],"class_list":["post-60726","post","type-post","status-publish","format-standard","has-post-thumbnail","hentry","category-banner"],"_links":{"self":[{"href":"https:\/\/www.uv.mx\/prensa\/wp-json\/wp\/v2\/posts\/60726","targetHints":{"allow":["GET"]}}],"collection":[{"href":"https:\/\/www.uv.mx\/prensa\/wp-json\/wp\/v2\/posts"}],"about":[{"href":"https:\/\/www.uv.mx\/prensa\/wp-json\/wp\/v2\/types\/post"}],"author":[{"embeddable":true,"href":"https:\/\/www.uv.mx\/prensa\/wp-json\/wp\/v2\/users\/1508"}],"replies":[{"embeddable":true,"href":"https:\/\/www.uv.mx\/prensa\/wp-json\/wp\/v2\/comments?post=60726"}],"version-history":[{"count":0,"href":"https:\/\/www.uv.mx\/prensa\/wp-json\/wp\/v2\/posts\/60726\/revisions"}],"wp:featuredmedia":[{"embeddable":true,"href":"https:\/\/www.uv.mx\/prensa\/wp-json\/wp\/v2\/media\/60771"}],"wp:attachment":[{"href":"https:\/\/www.uv.mx\/prensa\/wp-json\/wp\/v2\/media?parent=60726"}],"wp:term":[{"taxonomy":"category","embeddable":true,"href":"https:\/\/www.uv.mx\/prensa\/wp-json\/wp\/v2\/categories?post=60726"},{"taxonomy":"post_tag","embeddable":true,"href":"https:\/\/www.uv.mx\/prensa\/wp-json\/wp\/v2\/tags?post=60726"}],"curies":[{"name":"wp","href":"https:\/\/api.w.org\/{rel}","templated":true}]}}