{"id":60719,"date":"2019-01-09T09:00:50","date_gmt":"2019-01-09T15:00:50","guid":{"rendered":"https:\/\/www.uv.mx\/prensa\/?p=60719"},"modified":"2019-01-08T19:45:16","modified_gmt":"2019-01-09T01:45:16","slug":"enrique-vargas-madrazo-propone-modelo-de-medicina-sistemica-integrativa","status":"publish","type":"post","link":"https:\/\/www.uv.mx\/prensa\/ciencia\/enrique-vargas-madrazo-propone-modelo-de-medicina-sistemica-integrativa\/","title":{"rendered":"Enrique Vargas Madrazo propone Modelo de Medicina Sist\u00e9mica Integrativa"},"content":{"rendered":"<ul>\n<li><i>En diciembre de 2018 su estudio fue publicado en la <\/i>Revista Internacional de Investigaci\u00f3n en Medicina y Ciencias M\u00e9dicas<\/li>\n<li><i>Estudios de la medicina social revelan que las personas que viven aisladas, centradas en el trabajo, con una gran presi\u00f3n social y estr\u00e9s, padecen una enorme crisis de salud.<\/i><\/li>\n<\/ul>\n<p>&nbsp;<\/p>\n<div id=\"attachment_60721\" style=\"width: 732px\" class=\"wp-caption aligncenter\"><a href=\"https:\/\/www.uv.mx\/prensa\/files\/2019\/01\/090119-MEDICINA-SUSTENTABLE-1.jpg\"><img loading=\"lazy\" decoding=\"async\" aria-describedby=\"caption-attachment-60721\" class=\"size-full wp-image-60721\" src=\"https:\/\/www.uv.mx\/prensa\/files\/2019\/01\/090119-MEDICINA-SUSTENTABLE-1.jpg\" alt=\"\" width=\"722\" height=\"481\" srcset=\"https:\/\/www.uv.mx\/prensa\/files\/2019\/01\/090119-MEDICINA-SUSTENTABLE-1.jpg 722w, https:\/\/www.uv.mx\/prensa\/files\/2019\/01\/090119-MEDICINA-SUSTENTABLE-1-300x200.jpg 300w\" sizes=\"auto, (max-width: 722px) 100vw, 722px\" \/><\/a><p id=\"caption-attachment-60721\" class=\"wp-caption-text\">Enrique Vargas Madrazo, investigador del Centro de EcoAlfabetizaci\u00f3n y Di\u00e1logo de Saberes<\/p><\/div>\n<p>&nbsp;<\/p>\n<p><b><i>Claudia Peralta V\u00e1zquez<\/i><\/b><\/p>\n<p><b><i>09\/01\/19, Xalapa, Ver.- <\/i><\/b>La reactivaci\u00f3n de los \u00e1mbitos f\u00edsico, mental, espiritual, emocional y social para generar una salud sustentable, es la propuesta esencial del Modelo de Medicina Sist\u00e9mica Integrativa, desarrollado por Enrique Vargas Madrazo, investigador del Centro de EcoAlfabetizaci\u00f3n y Di\u00e1logo de Saberes (<i>EcoDi\u00e1logo<\/i>) de la Universidad Veracruzana (UV), publicada en diciembre de 2018 en la <i>Revista Internacional de Investigaci\u00f3n en Medicina y Ciencias M\u00e9dicas<\/i>.<\/p>\n<p>\u201cIntegrative Medicine Review\u201d, es el t\u00edtulo del art\u00edculo que aparece en el Volumen VI de esta revista internacional cient\u00edfica e indexada de publicaci\u00f3n mensual. Ah\u00ed se aglutinan m\u00e1s de 25 a\u00f1os de investigaci\u00f3n y se expone esta propuesta innovadora desarrollada dentro de la L\u00ednea de Generaci\u00f3n y Aplicaci\u00f3n del Conocimiento (LGAC) \u201cBiomedicina sist\u00e9mica y sustentabilidad comunitaria\u201d.<\/p>\n<p>Vargas Madrazo enfatiz\u00f3 la colaboraci\u00f3n y apoyo de investigadores del Centro de Investigaciones Cerebrales (<i>Cice<\/i>) y de las facultades de Psicolog\u00eda, Medicina, y Contadur\u00eda y Administraci\u00f3n, en este trabajo consistente en una revisi\u00f3n y sistematizaci\u00f3n tanto de la medicina moderna como de la alternativa complementaria, donde convergen colectivos inter, multi y transdisciplinares.<\/p>\n<p>Destac\u00f3 la actual crisis en materia de salud que se vive debido a los altos costos de los medicamentos y las grandes pandemias como son el c\u00e1ncer y el SIDA.<\/p>\n<p>Coment\u00f3 que hace 15 a\u00f1os en Estados Unidos se determin\u00f3 que el 60 por ciento de las enfermedades adquiridas por la poblaci\u00f3n eran de car\u00e1cter iatrog\u00e9nico; es decir, producidas por la propia intervenci\u00f3n de la medicina.<\/p>\n<p>Por esta raz\u00f3n, el modelo sugiere considerar los aspectos f\u00edsico, mental, emocional, espiritual, social o relacional, para lograr una salud sustentable y frenar el ciclo que tiene que ver con el consumo de f\u00e1rmacos, intervenciones quir\u00fargicas y efectos colaterales, coment\u00f3 el Licenciado en Bioqu\u00edmica por la Universidad de La Habana, Cuba.<\/p>\n<p>El tambi\u00e9n Maestro y Doctor en Investigaci\u00f3n Biom\u00e9dica B\u00e1sica por la Universidad Nacional Aut\u00f3noma de M\u00e9xico (UNAM), acentu\u00f3 que el modelo fue sistematizado sin la confrontaci\u00f3n entre la medicina moderna y la alternativa; por el contrario, se dialog\u00f3 y atendi\u00f3 cada una de las cinco esferas de la salud.<\/p>\n<p>Asimismo, la estrategia establece que de no atenderse, la salud no ser\u00e1 sustentable ni viable, \u201cs\u00f3lo se tapar\u00e1n y aliviar\u00e1n los s\u00edntomas y el malestar por un rato, pero las causas reales de la enfermedad se profundizar\u00e1n convirti\u00e9ndola en cr\u00f3nica degenerativa.<\/p>\n<p>\u201cNo hay enfermedades, s\u00f3lo son s\u00edntomas o s\u00edndromes comunes provocados por aspectos como la falta de ejercicio, lo cual desencadena en atrofiamiento de los \u00f3rganos.\u201d<\/p>\n<p>A ello se suman los patrones emocionales, pues ahora se sabe que un alto porcentaje de las enfermedades tienen que ver con el mal manejo de las emociones y aspectos mentales que generan neurosis, pensamientos y patrones de comportamientos reiterativos.<\/p>\n<p>El vac\u00edo espiritual, el desasosiego, tristeza profunda y el \u00e1mbito social tambi\u00e9n influyen en el deterioro de salud, debido a la existencia de familias desmembradas, falta de comunicaci\u00f3n entre padres e hijos y depresi\u00f3n por aislamiento.<\/p>\n<p>Estudios de la medicina social revelan que las personas que viven aisladas, centradas en el trabajo, con una gran presi\u00f3n social y estr\u00e9s, padecen una enorme crisis de salud.<\/p>\n<p>\u201cSi atendemos esos aspectos hay un proceso de curaci\u00f3n y sanaci\u00f3n; es decir, desde la ra\u00edz se fortalece la vitalidad de las c\u00e9lulas, del \u00f3rgano o tejido afectado, de la persona en su conjunto, de la red familiar y social que est\u00e1 alrededor.\u201d<\/p>\n<p>Con el fin de crear un ambiente de regeneraci\u00f3n de la salud, el investigador de <i>EcoDi\u00e1logo<\/i>, que a su vez tambi\u00e9n desarrolla una LGAC centrada en econom\u00eda solidaria y organizaci\u00f3n comunitaria en el municipio de Xico, Veracruz, dio a conocer que desde hace dos a\u00f1os y medio el modelo es aplicado en beneficio de pacientes del Centro Estatal de Cancerolog\u00eda \u201cMiguel Dorantes Mesa\u201d, adscrito a los Servicios de Salud de Veracruz (<i>Sesver<\/i>).<\/p>\n<p>Agreg\u00f3 que la labor no ha sido f\u00e1cil y reconoci\u00f3 el respaldo de tesistas de maestr\u00eda y licenciatura que han trabajado con m\u00e9dicos, enfermeras y analistas cl\u00ednicos, con el fin de montar protocolos de medicina integrativa en la atenci\u00f3n de pacientes con c\u00e1ncer, tal y como se hace en m\u00faltiples hospitales del mundo.<\/p>\n<p>A partir de este cambio, los profesionales de la salud podr\u00e1n implementar en pacientes con c\u00e1ncer protocolos de atenci\u00f3n distintos a las quimioterapias, radioterapias, cirug\u00edas o tratamientos convencionales, entre ellos: la alimentaci\u00f3n, pr\u00e1ctica de yoga, medicina tradicional china e hind\u00fa, m\u00e9todos emocionales, mentales, espirituales y de meditaci\u00f3n.<\/p>\n<p>Enrique Vargas se\u00f1al\u00f3 que en el art\u00edculo publicado en la revista<span class=\"Apple-converted-space\">\u00a0 <\/span>tambi\u00e9n se dan a conocer resultados extraordinarios sobre este modelo, de ellos destaca un estudio aplicado a 100 mujeres con c\u00e1ncer de mama del MD Anderson Hospital de Houston, Texas.<\/p>\n<p>La mitad de ellas fueron tratadas durante cinco a\u00f1os con el m\u00e9todo convencional, y la otra mitad recibi\u00f3 tratamiento a base de yoga, meditaci\u00f3n y medicina alternativa.<\/p>\n<p>Despu\u00e9s de ese periodo, la mayor\u00eda de las pacientes del primer grupo hab\u00edan fallecido, mientras que el 95 por ciento del segundo estaban vivas y sanas.<\/p>\n<p>\u201cEso se sistematiz\u00f3 en este art\u00edculo que es uno de los primeros a nivel internacional sobre medicina sist\u00e9mica integrativa.\u201d<\/p>\n<p>Agreg\u00f3 que tras ser enviado el resumen de la investigaci\u00f3n, correspondi\u00f3 a un comit\u00e9 editorial evaluar y aprobar su contenido a trav\u00e9s de un riguroso proceso de arbitraje internacional.<\/p>\n","protected":false},"excerpt":{"rendered":"<p>\u201cIntegrative Medicine Review\u201d, es el t\u00edtulo del art\u00edculo que aparece en el Volumen VI de la Revista Internacional de Investigaci\u00f3n en Medicina y Ciencias M\u00e9dicas<\/p>\n","protected":false},"author":1508,"featured_media":60720,"comment_status":"closed","ping_status":"closed","sticky":false,"template":"","format":"standard","meta":{"footnotes":""},"categories":[45,61],"tags":[],"class_list":["post-60719","post","type-post","status-publish","format-standard","has-post-thumbnail","hentry","category-ciencia","category-banner"],"_links":{"self":[{"href":"https:\/\/www.uv.mx\/prensa\/wp-json\/wp\/v2\/posts\/60719","targetHints":{"allow":["GET"]}}],"collection":[{"href":"https:\/\/www.uv.mx\/prensa\/wp-json\/wp\/v2\/posts"}],"about":[{"href":"https:\/\/www.uv.mx\/prensa\/wp-json\/wp\/v2\/types\/post"}],"author":[{"embeddable":true,"href":"https:\/\/www.uv.mx\/prensa\/wp-json\/wp\/v2\/users\/1508"}],"replies":[{"embeddable":true,"href":"https:\/\/www.uv.mx\/prensa\/wp-json\/wp\/v2\/comments?post=60719"}],"version-history":[{"count":0,"href":"https:\/\/www.uv.mx\/prensa\/wp-json\/wp\/v2\/posts\/60719\/revisions"}],"wp:featuredmedia":[{"embeddable":true,"href":"https:\/\/www.uv.mx\/prensa\/wp-json\/wp\/v2\/media\/60720"}],"wp:attachment":[{"href":"https:\/\/www.uv.mx\/prensa\/wp-json\/wp\/v2\/media?parent=60719"}],"wp:term":[{"taxonomy":"category","embeddable":true,"href":"https:\/\/www.uv.mx\/prensa\/wp-json\/wp\/v2\/categories?post=60719"},{"taxonomy":"post_tag","embeddable":true,"href":"https:\/\/www.uv.mx\/prensa\/wp-json\/wp\/v2\/tags?post=60719"}],"curies":[{"name":"wp","href":"https:\/\/api.w.org\/{rel}","templated":true}]}}