{"id":60459,"date":"2018-12-30T09:00:43","date_gmt":"2018-12-30T15:00:43","guid":{"rendered":"https:\/\/www.uv.mx\/prensa\/?p=60459"},"modified":"2018-12-19T17:09:58","modified_gmt":"2018-12-19T23:09:58","slug":"los-libros-brindan-espacios-y-universos-seguros","status":"publish","type":"post","link":"https:\/\/www.uv.mx\/prensa\/banner\/los-libros-brindan-espacios-y-universos-seguros\/","title":{"rendered":"Los libros brindan espacios y universos seguros"},"content":{"rendered":"<ul>\n<li><em><span class=\"TextRun SCXW84495378\" lang=\"ES-MX\" xml:lang=\"ES-MX\"><span class=\"NormalTextRun SCXW84495378\">La promoci\u00f3n de lectura no se encuentra anclada a la posesi\u00f3n de libros f\u00edsicos, sino tambi\u00e9n a la palabra narrada mediante la tradici\u00f3n oral\u201d<\/span><\/span><span class=\"TextRun SCXW84495378\" lang=\"ES-MX\" xml:lang=\"ES-MX\"><span class=\"NormalTextRun SCXW84495378\">, asegur\u00f3 Sara Benavides<\/span><\/span><\/em><\/li>\n<\/ul>\n<p>&nbsp;<\/p>\n<div id=\"attachment_60461\" style=\"width: 732px\" class=\"wp-caption aligncenter\"><a href=\"https:\/\/www.uv.mx\/prensa\/files\/2018\/12\/301218-Sara-Benavides.jpg\"><img loading=\"lazy\" decoding=\"async\" aria-describedby=\"caption-attachment-60461\" class=\"size-full wp-image-60461\" src=\"https:\/\/www.uv.mx\/prensa\/files\/2018\/12\/301218-Sara-Benavides.jpg\" alt=\"\" width=\"722\" height=\"481\" srcset=\"https:\/\/www.uv.mx\/prensa\/files\/2018\/12\/301218-Sara-Benavides.jpg 722w, https:\/\/www.uv.mx\/prensa\/files\/2018\/12\/301218-Sara-Benavides-300x200.jpg 300w\" sizes=\"auto, (max-width: 722px) 100vw, 722px\" \/><\/a><p id=\"caption-attachment-60461\" class=\"wp-caption-text\">Sara Elena Benavides de Le\u00f3n<\/p><\/div>\n<p>&nbsp;<\/p>\n<p><b><i>Carlos Hugo Hermida Rosales<\/i><\/b><span>\u00a0<\/span><\/p>\n<p><b><i>30<\/i><\/b><b><i>\/12\/<\/i><\/b><b><i>18<\/i><\/b><b><i>,<\/i><\/b> <b><i>Xalapa, Ver.<\/i><\/b><b><i>&#8211;<\/i><\/b> Sara Elena Benavides de Le\u00f3n, mediadora de lectura y egresada de la Especializaci\u00f3n en Promoci\u00f3n de Lectura de la Universidad Veracruzana (UV), en la regi\u00f3n Veracruz, afirm\u00f3 que el libro como objeto brinda un espacio y universo seguro ya que quien posee uno lo hace suyo como objeto cultural y adquiere un sentido de pertenencia, al tiempo que encuentra un lugar de acogimiento.<span>\u00a0<\/span><\/p>\n<p>\u201cLos libros contienen palabras que nos dan sentido y nos hacen experimentar un sin n\u00famero de emociones\u201d, enunci\u00f3.<span>\u00a0<\/span><\/p>\n<p>Sara Benavides fue ganadora del Premio \u201cArte, Ciencia, Luz\u201d al mejor trabajo recepcional 2018, que le otorg\u00f3 la UV por su proyecto \u201cEco-Calli: Taller de animaci\u00f3n a la lectura para ni\u00f1os de una comunidad costera\u201d.<span>\u00a0<\/span><\/p>\n<p>Relat\u00f3 que este trabajo lo llev\u00f3 a cabo en Costa de Oro, una peque\u00f1a localidad habitada mayormente por pescadores, que se encuentra enclavada en la zona de amortiguamiento de la biosfera de Los Tuxtlas.<span>\u00a0<\/span><\/p>\n<p>Explic\u00f3 que su proyecto estuvo dirigido a ni\u00f1os alfabetizados de entre siete y nueve a\u00f1os de edad, y por medio de \u00e9l busca potenciar el concepto de topofilia \u2013sentido de pertenencia y amor al lugar que uno habita\u2013 a trav\u00e9s de las historias y relatos de los infantes.<span>\u00a0<\/span><\/p>\n<p>La finalidad era fortalecer ese orgullo por vivir en una zona protegida que pertenece a la biosfera de Los Tuxtlas, con una riqueza biol\u00f3gica inmensa y llena de recursos naturales y leyendas.<span>\u00a0<\/span><\/p>\n<p>\u201cA veces no te das cuenta de lo valiosa que es la regi\u00f3n en la que radicas, y por medio de mi trabajo buscaba que los habitantes de Costa de Oro \u2013que es una localidad de reciente creaci\u00f3n\u2013 se sintieran orgullosos de ella, de su magia, rituales y paisajes fant\u00e1sticos, y arraigarlos a ese espacio a trav\u00e9s de la lectura\u201d, declar\u00f3.<span>\u00a0<\/span><\/p>\n<p>Sara Benavides mencion\u00f3 que al llegar a una comunidad y ser una persona externa, como mediadora de lectura tuvo que desarrollar trabajo de reciprocidad en el que todos aprend\u00edan algo de los dem\u00e1s.<span>\u00a0<\/span><\/p>\n<p>Asegur\u00f3 que esta reciprocidad propici\u00f3 un encuentro muy favorable y rico, se pudo generar un ambiente c\u00e1lido en el que todos los participantes del programa se sent\u00edan en confianza. Agreg\u00f3 que aunque su proyecto de tesis ya concluy\u00f3, su trabajo dentro de la comunidad sigue abierto.<span>\u00a0<\/span><\/p>\n<p>La mediadora de lectura expres\u00f3 estar muy emocionada por haber sido galardonada con el Premio \u201cArte, Ciencia, Luz\u201d al mejor trabajo recepcional 2018, ya que este logro es importante para que se visibilice al mediador de lectura como un personaje formado profesionalmente y con argumentos s\u00f3lidos para hacer su trabajo.<span>\u00a0<\/span><\/p>\n<p>\u201cExiste mucha gente que trabaja en la promoci\u00f3n cultural y no posee espacios para mostrar sus trabajos y logros.\u201d<span>\u00a0<\/span><\/p>\n<p>Declar\u00f3 que el gran m\u00e9rito de haber obtenido este premio se debe a que la Especializaci\u00f3n en Promoci\u00f3n de Lectura de la regi\u00f3n Veracruz, dirigida por Daniel Dom\u00ednguez Cuenca, es muy congruente con lo que propone y una de las pruebas de ello es la creaci\u00f3n del proyecto de autogesti\u00f3n Reflexionario Mocambo de la Unidad de Servicios Bibliotecarios y de Informaci\u00f3n (USBI), en el que se promociona y fomenta a la lectura y las artes esc\u00e9nicas.<span>\u00a0<\/span><\/p>\n<p>\u201cAcciones como \u00e9sta convergen para que la especializaci\u00f3n tome fuerza y sea visible.\u201d<span>\u00a0<\/span><\/p>\n<p>Sara Benavides enunci\u00f3 que la promoci\u00f3n de lectura no se encuentra anclada a la posesi\u00f3n de libros f\u00edsicos, sino tambi\u00e9n a la palabra narrada mediante la tradici\u00f3n oral.<span>\u00a0<\/span><\/p>\n<p>\u201cExisten lugares donde la gente no est\u00e1 alfabetizada y te preguntas c\u00f3mo se puede promocionar la lectura en estos casos, la respuesta es mediante la recopilaci\u00f3n de la tradici\u00f3n oral con la palabra escrita.\u201d<span>\u00a0<\/span><\/p>\n<p>Enfatiz\u00f3 que la lectura provoca encuentros f\u00edsicos y humanos necesarios en la situaci\u00f3n de enajenaci\u00f3n y aislamiento que atraviesa la sociedad.<span>\u00a0<\/span><\/p>\n<p>\u201cSi bien un libro tambi\u00e9n te a\u00edsla, tambi\u00e9n te hace part\u00edcipe de espacios y mundos seguros que te permiten habitarte interiormente\u201d, concluy\u00f3.<\/p>\n","protected":false},"excerpt":{"rendered":"<p>Sara Benavides obtuvo el Premio \u201cArte, Ciencia, Luz\u201d por su proyecto \u201cEco-Calli: Taller de animaci\u00f3n a la lectura para ni\u00f1os de una comunidad costera\u201d<\/p>\n","protected":false},"author":1508,"featured_media":60460,"comment_status":"closed","ping_status":"closed","sticky":false,"template":"","format":"standard","meta":{"footnotes":""},"categories":[61],"tags":[],"class_list":["post-60459","post","type-post","status-publish","format-standard","has-post-thumbnail","hentry","category-banner"],"_links":{"self":[{"href":"https:\/\/www.uv.mx\/prensa\/wp-json\/wp\/v2\/posts\/60459","targetHints":{"allow":["GET"]}}],"collection":[{"href":"https:\/\/www.uv.mx\/prensa\/wp-json\/wp\/v2\/posts"}],"about":[{"href":"https:\/\/www.uv.mx\/prensa\/wp-json\/wp\/v2\/types\/post"}],"author":[{"embeddable":true,"href":"https:\/\/www.uv.mx\/prensa\/wp-json\/wp\/v2\/users\/1508"}],"replies":[{"embeddable":true,"href":"https:\/\/www.uv.mx\/prensa\/wp-json\/wp\/v2\/comments?post=60459"}],"version-history":[{"count":0,"href":"https:\/\/www.uv.mx\/prensa\/wp-json\/wp\/v2\/posts\/60459\/revisions"}],"wp:featuredmedia":[{"embeddable":true,"href":"https:\/\/www.uv.mx\/prensa\/wp-json\/wp\/v2\/media\/60460"}],"wp:attachment":[{"href":"https:\/\/www.uv.mx\/prensa\/wp-json\/wp\/v2\/media?parent=60459"}],"wp:term":[{"taxonomy":"category","embeddable":true,"href":"https:\/\/www.uv.mx\/prensa\/wp-json\/wp\/v2\/categories?post=60459"},{"taxonomy":"post_tag","embeddable":true,"href":"https:\/\/www.uv.mx\/prensa\/wp-json\/wp\/v2\/tags?post=60459"}],"curies":[{"name":"wp","href":"https:\/\/api.w.org\/{rel}","templated":true}]}}