{"id":60283,"date":"2018-12-19T09:00:34","date_gmt":"2018-12-19T15:00:34","guid":{"rendered":"https:\/\/www.uv.mx\/prensa\/?p=60283"},"modified":"2019-01-09T11:23:00","modified_gmt":"2019-01-09T17:23:00","slug":"alfredo-zavaleta-ingreso-a-la-academia-mexicana-de-ciencias","status":"publish","type":"post","link":"https:\/\/www.uv.mx\/prensa\/general\/alfredo-zavaleta-ingreso-a-la-academia-mexicana-de-ciencias\/","title":{"rendered":"Alfredo Zavaleta ingres\u00f3 a la Academia Mexicana de Ciencias"},"content":{"rendered":"<ul>\n<li><em><span class=\"TextRun SCXW108963267\" lang=\"ES-MX\" xml:lang=\"ES-MX\"><span class=\"NormalTextRun SCXW108963267\">\u201cE<\/span><\/span><span class=\"TextRun SCXW108963267\" lang=\"ES-MX\" xml:lang=\"ES-MX\"><span class=\"NormalTextRun SCXW108963267\">s un incentivo para multiplicar los trabajos<\/span><\/span> <span class=\"TextRun SCXW108963267\" lang=\"ES-MX\" xml:lang=\"ES-MX\"><span class=\"NormalTextRun SCXW108963267\">en torno a la pacificaci\u00f3n e inclusi\u00f3n social<\/span><\/span><span class=\"TextRun SCXW108963267\" lang=\"ES-MX\" xml:lang=\"ES-MX\"><span class=\"NormalTextRun SCXW108963267\">,<\/span><\/span><span class=\"TextRun SCXW108963267\" lang=\"ES-MX\" xml:lang=\"ES-MX\"><span class=\"NormalTextRun SCXW108963267\"> desde una perspectiva de sociolog\u00eda disposicional<\/span><\/span><span class=\"TextRun SCXW108963267\" lang=\"ES-MX\" xml:lang=\"ES-MX\"><span class=\"NormalTextRun SCXW108963267\">\u201d<\/span><\/span><\/em><\/li>\n<\/ul>\n<p>&nbsp;<\/p>\n<div id=\"attachment_60092\" style=\"width: 732px\" class=\"wp-caption aligncenter\"><a href=\"https:\/\/www.uv.mx\/prensa\/files\/2018\/12\/131218-PAOLA-Alfredo-Zavaleta-100k.jpg\"><img loading=\"lazy\" decoding=\"async\" aria-describedby=\"caption-attachment-60092\" class=\"size-full wp-image-60092\" src=\"https:\/\/www.uv.mx\/prensa\/files\/2018\/12\/131218-PAOLA-Alfredo-Zavaleta-100k.jpg\" alt=\"\" width=\"722\" height=\"481\" srcset=\"https:\/\/www.uv.mx\/prensa\/files\/2018\/12\/131218-PAOLA-Alfredo-Zavaleta-100k.jpg 722w, https:\/\/www.uv.mx\/prensa\/files\/2018\/12\/131218-PAOLA-Alfredo-Zavaleta-100k-300x200.jpg 300w\" sizes=\"auto, (max-width: 722px) 100vw, 722px\" \/><\/a><p id=\"caption-attachment-60092\" class=\"wp-caption-text\">\u00c9ste no s\u00f3lo es un logro personal sino del instituto en el que trabajo, asegur\u00f3 el investigador<\/p><\/div>\n<p>&nbsp;<\/p>\n<p><b><i>Paola Cort\u00e9s P\u00e9rez<\/i><\/b><\/p>\n<p><b><i>1<\/i><\/b><b><i>9<\/i><\/b><b><i>\/12\/218, Xalapa, <\/i><\/b><b><i>Ver.-<\/i><\/b> Alfredo Zavaleta Betancourt, investigador del <a href=\"https:\/\/www.uv.mx\/iihs\/\">Instituto de Investigaciones Hist\u00f3rico-Sociales<\/a> (IIH-S) de la Universidad Veracruzana (UV), ingres\u00f3 como miembro la Academia Mexicana de Ciencias (AMC) en el \u00c1rea Ciencias Sociales.<\/p>\n<p>Su inclusi\u00f3n y la de otros investigadores de esta casa de estudios a la AMC, es resultado de un proceso de evaluaci\u00f3n realizada por la Comisi\u00f3n de Membres\u00eda sobre su trayectoria de investigaci\u00f3n y trabajo acad\u00e9mico de los \u00faltimos a\u00f1os.<\/p>\n<p>\u201cEs un largo proceso de evaluaci\u00f3n de nuestros trabajos por nuestros pares nacionales. \u00c9ste no s\u00f3lo es un logro personal sino del instituto en el que trabajo; es resultado de conversaciones formales e informales con mi equipo de investigaci\u00f3n, el cuerpo acad\u00e9mico (CA) Estudios Sociopol\u00edticos y compa\u00f1eros investigadores del instituto. Pienso que tambi\u00e9n es un reconocimiento para la UV.\u201d<\/p>\n<p>Coment\u00f3 que el ingreso a la AMC lo obliga a innovar en sus objetos de investigaci\u00f3n, desarrollar proyectos interdisciplinarios, facilitar la multiplicaci\u00f3n de las redes acad\u00e9micas, formar recursos humanos de licenciatura y fundamentalmente de posgrado en el \u00e1rea de ciencias sociales; adem\u00e1s, posibilita la aplicaci\u00f3n a convocatorias de fondos internacionales para el impulso de proyectos.<\/p>\n<p>\u201cEl ingreso a la Academia Mexicana de Ciencias es un incentivo para multiplicar los trabajos de l\u00edneas de investigaci\u00f3n que actualmente desarrollo en torno a la pacificaci\u00f3n e inclusi\u00f3n social desde una perspectiva de sociolog\u00eda disposicional.\u201d<\/p>\n<p>Con respecto a sus trabajos, dijo que ha desplazado su objeto de investigaci\u00f3n de la seguridad ciudadana a la inclusi\u00f3n social y pacificaci\u00f3n.<\/p>\n<p>Agradeci\u00f3 a sus compa\u00f1eros de trabajo del IIH-S, en especial a los integrantes del CA Estudios Sociopol\u00edticos, con quienes desarrolla esta tem\u00e1tica y otras l\u00edneas de investigaci\u00f3n.<\/p>\n<p>Cabe mencionar que esta membres\u00eda a la AMC, en el \u00c1rea de Ciencias Sociales, tambi\u00e9n ha sido concedida a otros investigadores del IIH-S: F\u00e9lix B\u00e1ez-Jorge, Alberto Olvera Rivera y Ros\u00edo C\u00f3rdova Plaza.<\/p>\n<p>&nbsp;<\/p>\n<p><b>Universidad, principal instituci\u00f3n de socializaci\u00f3n<\/b><\/p>\n<p>Alfredo Zavaleta plante\u00f3 que la incursi\u00f3n al campo de las ciencias sociales fue por razones biogr\u00e1ficas, para comprender c\u00f3mo hab\u00eda sido su vida familiar en una ciudad media del estado de Veracruz.<\/p>\n<p>\u201cPorque era una biograf\u00eda diferente a la de los integrantes de mi familia, de las familias de mis amigos con los crec\u00ed, estudi\u00e9 y practiqu\u00e9 algunos deportes u oficios antes de ingresar a la Universidad Veracruzana.\u201d<\/p>\n<p>Record\u00f3 que llev\u00f3 el curso proped\u00e9utico que se llamaba \u201cIniciaci\u00f3n a la vida universitaria\u201d, el cual era importante para la inmersi\u00f3n a la cultura universitaria. Para \u00e9l, su ingreso a la Universidad cambi\u00f3 su vida completamente porque la cultura local en la que creci\u00f3 ahora le parec\u00eda min\u00fascula comparada con el universo de la cultura universitaria, ya que por primera vez experiment\u00f3 que las personas, estudiantes y profesores eran valorados por sus m\u00e9ritos y trabajos, y no por el capital econ\u00f3mico.<\/p>\n<p>\u201cLa Universidad para m\u00ed ha significado la principal instituci\u00f3n de socializaci\u00f3n que me permiti\u00f3 el reconocimiento de los problemas p\u00fablicos, del momento hist\u00f3rico y social en el que vivimos; estoy agradecido con la Universidad p\u00fablica por todo lo que me ha dado y creo que debemos defenderla porque es el espacio que ha permitido a diferentes generaciones \u2013y permitir\u00e1 a las futuras\u2013 garantizar su crecimiento personal y profesional.\u201d<\/p>\n<p>&nbsp;<\/p>\n<p><b>Pacificaci\u00f3n e inclusi\u00f3n social<\/b><\/p>\n<p>En a\u00f1os recientes, el acad\u00e9mico Alfredo Zavaleta incursion\u00f3 en los temas de pacificaci\u00f3n e inclusi\u00f3n social como objetos de investigaci\u00f3n; aunque tambi\u00e9n ha transitado por la tem\u00e1tica de seguridad ciudadana, ya que considera que este es justo el momento en el que se requiere explorar diferentes posibilidades de destensar los conflictos que vive el pa\u00eds.<\/p>\n<p>Mencion\u00f3 que esto obliga a los cient\u00edficos sociales a pensar de otra manera los viejos problemas, a comparar las experiencias nacionales e internacionales que han impulsado mecanismos de justicia transicional para controlar la violencia, a construir la paz y formar en una cultura de la paz.<\/p>\n<p>\u201cLos a\u00f1os que vienen obligan a los cient\u00edficos sociales, particularmente a historiadores y soci\u00f3logos, a pensar c\u00f3mo construir laboratorios de paz regionales, dado que las din\u00e1micas de los procesos de violencia, as\u00ed como la presencia del gobierno en los municipios y en las regiones, es muy heterog\u00e9nea, muy diferencial.\u201d<\/p>\n<p>Detall\u00f3 que estos laboratorios estar\u00edan ubicados en aquellos municipios y regiones del pa\u00eds donde el conflicto ha tenido una mayor intensidad, ayudar\u00e1n a comprender el fen\u00f3meno, a identificar a los actores sociales y pol\u00edticos que buscan la pacificaci\u00f3n del pa\u00eds, y a construir una alianza para la paz entre los grupos sociales, pol\u00edticos y diferentes niveles de gobierno.<\/p>\n<p>Zavaleta Betancourt subray\u00f3 que la agenda acad\u00e9mica debe concentrarse en explorar posibilidades de paz, ya se ha hablado durante mucho tiempo sobre la violencia, el control de la violencia, la gobernanza y la inseguridad.<\/p>\n<p>\u201cEs cierto que debe seguir habl\u00e1ndose de estos temas en la medida que son problemas que no se han resuelto completamente, pero creo que es el momento para dedicarnos a explorar las posibilidades de que este pa\u00eds sea pacificado.\u201d<\/p>\n<p>Actualmente trabaja en dos proyectos de investigaci\u00f3n: el primero sobre pacificaci\u00f3n y el segundo sobre inclusi\u00f3n social, este \u00faltimo se orienta por una sociolog\u00eda disposicional.<\/p>\n<p>La sociolog\u00eda disposicional, explic\u00f3, consiste en la observaci\u00f3n de la heterogeneidad y la diferenciaci\u00f3n de nuestras percepciones de ciertos problemas de violencia y de funcionamiento de instituciones, tambi\u00e9n sobre las trayectorias, biograf\u00edas y formas de socializaci\u00f3n primaria y secundaria que posibilitan la actuaci\u00f3n ante determinado tipo de problemas.<\/p>\n<p>\u201cTrabajamos en la reconceptualizaci\u00f3n de la idea de resiliencia como socializaci\u00f3n, al mismo tiempo que trabajamos en el dise\u00f1o de un modelo de laboratorio regional de paz con el prop\u00f3sito de que sea replicable en otras regiones del pa\u00eds en los pr\u00f3ximos a\u00f1os\u201d, finaliz\u00f3.<\/p>\n","protected":false},"excerpt":{"rendered":"<p>Es un incentivo para multiplicar los trabajos en torno a la pacificaci\u00f3n e inclusi\u00f3n social, se\u00f1al\u00f3 el integrante del Instituto de Investigaciones Hist\u00f3rico-Sociales de la UV<\/p>\n","protected":false},"author":1508,"featured_media":60092,"comment_status":"closed","ping_status":"closed","sticky":false,"template":"","format":"standard","meta":{"footnotes":""},"categories":[1],"tags":[],"class_list":["post-60283","post","type-post","status-publish","format-standard","has-post-thumbnail","hentry","category-general"],"_links":{"self":[{"href":"https:\/\/www.uv.mx\/prensa\/wp-json\/wp\/v2\/posts\/60283","targetHints":{"allow":["GET"]}}],"collection":[{"href":"https:\/\/www.uv.mx\/prensa\/wp-json\/wp\/v2\/posts"}],"about":[{"href":"https:\/\/www.uv.mx\/prensa\/wp-json\/wp\/v2\/types\/post"}],"author":[{"embeddable":true,"href":"https:\/\/www.uv.mx\/prensa\/wp-json\/wp\/v2\/users\/1508"}],"replies":[{"embeddable":true,"href":"https:\/\/www.uv.mx\/prensa\/wp-json\/wp\/v2\/comments?post=60283"}],"version-history":[{"count":0,"href":"https:\/\/www.uv.mx\/prensa\/wp-json\/wp\/v2\/posts\/60283\/revisions"}],"wp:featuredmedia":[{"embeddable":true,"href":"https:\/\/www.uv.mx\/prensa\/wp-json\/wp\/v2\/media\/60092"}],"wp:attachment":[{"href":"https:\/\/www.uv.mx\/prensa\/wp-json\/wp\/v2\/media?parent=60283"}],"wp:term":[{"taxonomy":"category","embeddable":true,"href":"https:\/\/www.uv.mx\/prensa\/wp-json\/wp\/v2\/categories?post=60283"},{"taxonomy":"post_tag","embeddable":true,"href":"https:\/\/www.uv.mx\/prensa\/wp-json\/wp\/v2\/tags?post=60283"}],"curies":[{"name":"wp","href":"https:\/\/api.w.org\/{rel}","templated":true}]}}