{"id":60256,"date":"2018-12-19T09:00:27","date_gmt":"2018-12-19T15:00:27","guid":{"rendered":"https:\/\/www.uv.mx\/prensa\/?p=60256"},"modified":"2019-01-09T11:24:46","modified_gmt":"2019-01-09T17:24:46","slug":"max-exhibe-el-luchador","status":"publish","type":"post","link":"https:\/\/www.uv.mx\/prensa\/general\/max-exhibe-el-luchador\/","title":{"rendered":"MAX exhibe <em>El Luchador<\/em>"},"content":{"rendered":"<ul>\n<li><i>Adem\u00e1s,<\/i><i> otras dos piezas de San Lorenzo Tenochtitlan <\/i><i>y una m\u00e1s de La Venta<\/i><i>, Tabasco<\/i><\/li>\n<li><i>Las cuatro piezas pertenecen al <\/i><i>Museo Nacional de Antropolog\u00eda<\/i><i> del INAH<\/i><\/li>\n<\/ul>\n<p>&nbsp;<\/p>\n<div id=\"attachment_60247\" style=\"width: 732px\" class=\"wp-caption aligncenter\"><a href=\"https:\/\/www.uv.mx\/prensa\/files\/2018\/12\/171218-KARINA-Piezas-del-Museo-Nacional-de-Antropologia-1.jpg\"><img loading=\"lazy\" decoding=\"async\" aria-describedby=\"caption-attachment-60247\" class=\"size-full wp-image-60247\" src=\"https:\/\/www.uv.mx\/prensa\/files\/2018\/12\/171218-KARINA-Piezas-del-Museo-Nacional-de-Antropologia-1.jpg\" alt=\"\" width=\"722\" height=\"480\" srcset=\"https:\/\/www.uv.mx\/prensa\/files\/2018\/12\/171218-KARINA-Piezas-del-Museo-Nacional-de-Antropologia-1.jpg 722w, https:\/\/www.uv.mx\/prensa\/files\/2018\/12\/171218-KARINA-Piezas-del-Museo-Nacional-de-Antropologia-1-300x199.jpg 300w\" sizes=\"auto, (max-width: 722px) 100vw, 722px\" \/><\/a><p id=\"caption-attachment-60247\" class=\"wp-caption-text\">\u201cEs una obra de arte olmeca incre\u00edble, pero tambi\u00e9n hay mucha pol\u00e9mica en su autenticidad\u201d<\/p><\/div>\n<p>&nbsp;<\/p>\n<p><b><i>Karina de la Paz Reyes D\u00edaz<\/i><\/b><\/p>\n<p><b><i>19\/12\/18, Xalapa, Ver.-<\/i><\/b> El Museo Nacional de Antropolog\u00eda (MNA) realiz\u00f3 un pr\u00e9stamo temporal en reciprocidad con el<a href=\"https:\/\/www.uv.mx\/max\/\"> Museo de Antropolog\u00eda de Xalapa<\/a> (MAX) de la Universidad Veracruzana (UV), y entre las cuatro esculturas que se exhiben a partir del martes 18 de diciembre y hasta la segunda quincena de abril del a\u00f1o pr\u00f3ximo est\u00e1 la famosa y pol\u00e9mica escultura olmeca conocida como <i>El Luchador<\/i>.<\/p>\n<p>La directora del MAX, Maura Ord\u00f3\u00f1ez Valenzuela, destac\u00f3 que es la primera vez que el MNA, del Instituto Nacional de Antropolog\u00eda e Historia (INAH), realiza un pr\u00e9stamo temporal en reciprocidad a la instituci\u00f3n. En esta ocasi\u00f3n, 16 piezas del MAX fueron elegidas para ser parte de la magna exposici\u00f3n <i>Golfo: Mosaico Ancestral<\/i>, que en pr\u00f3ximos d\u00edas ser\u00e1 inaugurada en la Ciudad de M\u00e9xico; entre las piezas del acervo de la UV que participar\u00e1n est\u00e1n cuatro de considerable tama\u00f1o llamadas \u201cConjunto escult\u00f3rico de El Azuzul\u201d.<\/p>\n<p>En reciprocidad, el MNA prest\u00f3 <i>El <\/i><i>L<\/i><i>uchador<\/i> de Antonio Plaza (en honor al nombre de la localidad donde lo encontraron). En palabras de Ord\u00f3\u00f1ez Valenzuela, es una pieza muy conocida y tambi\u00e9n pol\u00e9mica, \u201ces una obra de arte olmeca incre\u00edble, pero tambi\u00e9n hay mucha pol\u00e9mica en su autenticidad\u201d.<\/p>\n<p>&nbsp;<\/p>\n<div id=\"attachment_60242\" style=\"width: 732px\" class=\"wp-caption aligncenter\"><a href=\"https:\/\/www.uv.mx\/prensa\/files\/2018\/12\/171218-KARINA-Piezas-del-Museo-Nacional-de-Antropologia-2.jpg\"><img loading=\"lazy\" decoding=\"async\" aria-describedby=\"caption-attachment-60242\" class=\"size-full wp-image-60242\" src=\"https:\/\/www.uv.mx\/prensa\/files\/2018\/12\/171218-KARINA-Piezas-del-Museo-Nacional-de-Antropologia-2.jpg\" alt=\"\" width=\"722\" height=\"483\" srcset=\"https:\/\/www.uv.mx\/prensa\/files\/2018\/12\/171218-KARINA-Piezas-del-Museo-Nacional-de-Antropologia-2.jpg 722w, https:\/\/www.uv.mx\/prensa\/files\/2018\/12\/171218-KARINA-Piezas-del-Museo-Nacional-de-Antropologia-2-300x201.jpg 300w\" sizes=\"auto, (max-width: 722px) 100vw, 722px\" \/><\/a><p id=\"caption-attachment-60242\" class=\"wp-caption-text\">Maura Ord\u00f3\u00f1ez muestra el Monumento 34<\/p><\/div>\n<p>&nbsp;<\/p>\n<p>Asimismo, prestaron otras tres piezas m\u00e1s, todas ellas de la Sala Culturas del Golfo de M\u00e9xico del MNA: <i>Monumento 34<\/i> y <i>Monumento 12<\/i>, ambas originarias de San Lorenzo Tenochtitlan, as\u00ed como <i>Monumento 19<\/i>, una escultura en bajo relieve de La Venta, Tabasco.<\/p>\n<p>Las cuatro piezas llegaron al MAX la tarde-noche del viernes 14 de diciembre y despu\u00e9s de los trabajos de instalaci\u00f3n y montaje requeridos, ya se pueden apreciar en la Galer\u00eda Olmeca 1, hasta alrededor de la segunda semana de abril de 2019.<\/p>\n<p>\u201cEs la primera vez que nuestro hermano mayor, el Museo Nacional de Antropolog\u00eda, nos hace un pr\u00e9stamo en reciprocidad\u201d, remarc\u00f3 la funcionaria universitaria; es m\u00e1s, no descart\u00f3 que sea el antecedente para que tal pr\u00e1ctica contin\u00fae.<\/p>\n<p>&nbsp;<\/p>\n<div id=\"attachment_60243\" style=\"width: 732px\" class=\"wp-caption aligncenter\"><a href=\"https:\/\/www.uv.mx\/prensa\/files\/2018\/12\/171218-KARINA-Piezas-del-Museo-Nacional-de-Antropologia-3.jpg\"><img loading=\"lazy\" decoding=\"async\" aria-describedby=\"caption-attachment-60243\" class=\"size-full wp-image-60243\" src=\"https:\/\/www.uv.mx\/prensa\/files\/2018\/12\/171218-KARINA-Piezas-del-Museo-Nacional-de-Antropologia-3.jpg\" alt=\"\" width=\"722\" height=\"480\" srcset=\"https:\/\/www.uv.mx\/prensa\/files\/2018\/12\/171218-KARINA-Piezas-del-Museo-Nacional-de-Antropologia-3.jpg 722w, https:\/\/www.uv.mx\/prensa\/files\/2018\/12\/171218-KARINA-Piezas-del-Museo-Nacional-de-Antropologia-3-300x199.jpg 300w\" sizes=\"auto, (max-width: 722px) 100vw, 722px\" \/><\/a><p id=\"caption-attachment-60243\" class=\"wp-caption-text\">Las cuatro piezas del MNA se exhiben en la Galer\u00eda Olmeca 1<\/p><\/div>\n<p>&nbsp;<\/p>\n<p>Adelant\u00f3 que en el MAX ya trabajan en una exposici\u00f3n dedicada a la cultura Huasteca y no descarta que piezas de esa regi\u00f3n que son resguardadas por el MNA sean facilitadas para sumarse a la propuesta. \u201cLas autoridades del MNA, tanto Rebeca Gonz\u00e1lez, como el director, Antonio Saborit, est\u00e1n en la mejor disposici\u00f3n de compartir\u201d.<\/p>\n<p>Cabe aclarar que si bien la UV entrar\u00e1 en un periodo vacacional a partir del 20 de diciembre y hasta el 6 de enero de 2019, el MAX s\u00f3lo cerrar\u00e1 sus puertas los d\u00edas 25 de diciembre y 1 de enero del venidero a\u00f1o; como es habitual, los lunes no hay servicio al p\u00fablico pues est\u00e1 destinado al mantenimiento del acervo. El horario es de 9:00 a 17:00 horas.<\/p>\n<p>Para mayor informaci\u00f3n, consulte: <a href=\"https:\/\/www.uv.mx\/max\/\">https:\/\/www.uv.mx\/max\/<\/a>.<\/p>\n<p>&nbsp;<\/p>\n<div id=\"attachment_60240\" style=\"width: 732px\" class=\"wp-caption aligncenter\"><a href=\"https:\/\/www.uv.mx\/prensa\/files\/2018\/12\/171218-KARINA-Piezas-del-Museo-Nacional-de-Antropologia-4.jpg\"><img loading=\"lazy\" decoding=\"async\" aria-describedby=\"caption-attachment-60240\" class=\"size-full wp-image-60240\" src=\"https:\/\/www.uv.mx\/prensa\/files\/2018\/12\/171218-KARINA-Piezas-del-Museo-Nacional-de-Antropologia-4.jpg\" alt=\"\" width=\"722\" height=\"1087\" srcset=\"https:\/\/www.uv.mx\/prensa\/files\/2018\/12\/171218-KARINA-Piezas-del-Museo-Nacional-de-Antropologia-4.jpg 722w, https:\/\/www.uv.mx\/prensa\/files\/2018\/12\/171218-KARINA-Piezas-del-Museo-Nacional-de-Antropologia-4-199x300.jpg 199w, https:\/\/www.uv.mx\/prensa\/files\/2018\/12\/171218-KARINA-Piezas-del-Museo-Nacional-de-Antropologia-4-680x1024.jpg 680w\" sizes=\"auto, (max-width: 722px) 100vw, 722px\" \/><\/a><p id=\"caption-attachment-60240\" class=\"wp-caption-text\">Las piezas fueron recibidas en el MAX el 14 de diciembre<\/p><\/div>\n","protected":false},"excerpt":{"rendered":"<p>La escultura olmeca, junto con otras dos piezas de San Lorenzo Tenochtitlan y una m\u00e1s de La Venta, Tabasco, estar\u00e1n en exhibici\u00f3n hasta el 6 de enero en el recinto universitario<\/p>\n","protected":false},"author":1508,"featured_media":60276,"comment_status":"closed","ping_status":"closed","sticky":false,"template":"","format":"standard","meta":{"footnotes":""},"categories":[1],"tags":[],"class_list":["post-60256","post","type-post","status-publish","format-standard","has-post-thumbnail","hentry","category-general"],"_links":{"self":[{"href":"https:\/\/www.uv.mx\/prensa\/wp-json\/wp\/v2\/posts\/60256","targetHints":{"allow":["GET"]}}],"collection":[{"href":"https:\/\/www.uv.mx\/prensa\/wp-json\/wp\/v2\/posts"}],"about":[{"href":"https:\/\/www.uv.mx\/prensa\/wp-json\/wp\/v2\/types\/post"}],"author":[{"embeddable":true,"href":"https:\/\/www.uv.mx\/prensa\/wp-json\/wp\/v2\/users\/1508"}],"replies":[{"embeddable":true,"href":"https:\/\/www.uv.mx\/prensa\/wp-json\/wp\/v2\/comments?post=60256"}],"version-history":[{"count":0,"href":"https:\/\/www.uv.mx\/prensa\/wp-json\/wp\/v2\/posts\/60256\/revisions"}],"wp:featuredmedia":[{"embeddable":true,"href":"https:\/\/www.uv.mx\/prensa\/wp-json\/wp\/v2\/media\/60276"}],"wp:attachment":[{"href":"https:\/\/www.uv.mx\/prensa\/wp-json\/wp\/v2\/media?parent=60256"}],"wp:term":[{"taxonomy":"category","embeddable":true,"href":"https:\/\/www.uv.mx\/prensa\/wp-json\/wp\/v2\/categories?post=60256"},{"taxonomy":"post_tag","embeddable":true,"href":"https:\/\/www.uv.mx\/prensa\/wp-json\/wp\/v2\/tags?post=60256"}],"curies":[{"name":"wp","href":"https:\/\/api.w.org\/{rel}","templated":true}]}}