{"id":60233,"date":"2018-12-23T09:00:59","date_gmt":"2018-12-23T15:00:59","guid":{"rendered":"https:\/\/www.uv.mx\/prensa\/?p=60233"},"modified":"2019-01-08T13:45:57","modified_gmt":"2019-01-08T19:45:57","slug":"el-mediador-figura-clave-en-la-justicia-alternativa","status":"publish","type":"post","link":"https:\/\/www.uv.mx\/prensa\/general\/el-mediador-figura-clave-en-la-justicia-alternativa\/","title":{"rendered":"El mediador, figura clave en la justicia alternativa"},"content":{"rendered":"<ul>\n<li><i>El IIJ<\/i><i>-UV<\/i><i> y el CEJAV capacitaron a 35 abogados<\/i><\/li>\n<li><i>Se clausur\u00f3 <\/i><i>la segunda edici\u00f3n del \u201cDiplomado para la formaci\u00f3n y certificaci\u00f3n de mediadores-conciliadores-facilitadores<\/i><\/li>\n<\/ul>\n<p>&nbsp;<\/p>\n<div id=\"attachment_60104\" style=\"width: 732px\" class=\"wp-caption aligncenter\"><a href=\"https:\/\/www.uv.mx\/prensa\/files\/2018\/12\/141218-Couttolenc-Diplomado-mediadores-1.jpg\"><img loading=\"lazy\" decoding=\"async\" aria-describedby=\"caption-attachment-60104\" class=\"size-full wp-image-60104\" src=\"https:\/\/www.uv.mx\/prensa\/files\/2018\/12\/141218-Couttolenc-Diplomado-mediadores-1.jpg\" alt=\"\" width=\"722\" height=\"406\" srcset=\"https:\/\/www.uv.mx\/prensa\/files\/2018\/12\/141218-Couttolenc-Diplomado-mediadores-1.jpg 722w, https:\/\/www.uv.mx\/prensa\/files\/2018\/12\/141218-Couttolenc-Diplomado-mediadores-1-300x169.jpg 300w\" sizes=\"auto, (max-width: 722px) 100vw, 722px\" \/><\/a><p id=\"caption-attachment-60104\" class=\"wp-caption-text\">35 profesionales del derecho concluyeron el \u201cDiplomado para la formaci\u00f3n y certificaci\u00f3n como mediador-conciliador-facilitador\u201d<\/p><\/div>\n<p>&nbsp;<\/p>\n<p><b><i>Jos\u00e9 Luis <\/i><\/b><b><i>Couttolenc<\/i><\/b><b><i> Soto<\/i><\/b><\/p>\n<p><b><i>23\/12\/18<\/i><\/b><b><i>, Xalapa, Ver.-<\/i><\/b> Dentro de la justicia alternativa, el mediador-conciliador-facilitador constituye la piedra angular para alcanzar el restablecimiento de las relaciones interpersonales, y depende de sus capacidades t\u00e9cnicas y uso de herramientas encontrar la soluci\u00f3n de los conflictos, afirm\u00f3 Mar\u00eda Dolores Silva Obando, consejera presidenta del Centro Estatal de Justicia Alternativa de Veracruz (CEJAV).<\/p>\n<p>Lo anterior, el jueves 13 de diciembre al clausurar la segunda edici\u00f3n del \u201cDiplomado para la formaci\u00f3n y certificaci\u00f3n de mediadores-conciliadores-facilitadores\u201d que impartieron conjuntamente el<a href=\"https:\/\/www.uv.mx\/iij\/\"> Instituto de Investigaciones Jur\u00eddicas<\/a> (IIJ) de la Universidad Veracruzana (UV) y el CEJAV.<\/p>\n<p>Ante 35 profesionales del Derecho que durante tres meses recibieron capacitaci\u00f3n a trav\u00e9s de 12 m\u00f3dulos, la funcionaria se\u00f1al\u00f3 que \u201cen la vida siempre hay un antes y un despu\u00e9s\u201d y que en el caso de los abogados que cursaron el diplomado, previo a su formaci\u00f3n como mediadores consideraban que los conflictos pod\u00edan ser resueltos \u00fanicamente por la autoridad jurisdiccional, que en su sentencia definitiva dejaba insatisfechas a las partes intervinientes, por lo que se argumenta en las demandas y en la contestaci\u00f3n a las mismas.<\/p>\n<p>Ahora, dijo a los alumnos del diplomado, ustedes aprendieron la cultura de la paz y la importancia del di\u00e1logo, \u201cpues a trav\u00e9s de estas herramientas que se ponen en la mesa, las partes originadoras del conflicto pueden llegar a la construcci\u00f3n de acuerdos que permitan solucionar de manera r\u00e1pida, sencilla y pac\u00edfica los problemas interpersonales\u201d.<\/p>\n<p>Record\u00f3 que la justicia alternativa representa un procedimiento voluntario, confidencial y flexible, que evita el pleito judicial mediante acuerdos entre las partes en conflicto, utilizando para ello el di\u00e1logo conducido por un tercero neutral, que en este caso es el mediador-conciliador-facilitador, alternativa que representa un campo de oportunidad de mecanismos en la soluci\u00f3n de conflictos, que ayuda a elevar la calidad de vida al aprender a hacer positivo un problema.<\/p>\n<p>Al evento de entrega de certificaciones, efectuado en el auditorio de las instalaciones del Poder Judicial de Veracruz, asistieron los magistrados V\u00edctor Manuel C\u00e9sar Rinc\u00f3n, Patricia Montelongo Guerrero y Leonardo Cruz Casas; Arturo Miguel Chipuli Castillo, en representaci\u00f3n del IIJ; H\u00e9ctor Solorio Almaz\u00e1n y Clara Beatriz Gonz\u00e1lez Alarc\u00f3n, consejero y directora del CEJAV, respectivamente; Martha Violeta C\u00e1rdenas Bringas, del Instituto de Capacitaci\u00f3n del Poder Judicial de Veracruz, y Jos\u00e9 Alberto Mercado G\u00f3mez, de la Delegaci\u00f3n Estatal del Instituto Nacional del Fondo Para la Vivienda de los Trabajadores (<i>Infonavit<\/i>).<\/p>\n","protected":false},"excerpt":{"rendered":"<p>El Instituto de Investigaciones Jur\u00eddicas de la UV y el Centro Estatal de Justicia Alternativa de Veracruz impartieron la segunda edici\u00f3n del \u201cDiplomado para la formaci\u00f3n y certificaci\u00f3n de mediadores-conciliadores-facilitadores\u201d<\/p>\n","protected":false},"author":1508,"featured_media":60104,"comment_status":"closed","ping_status":"closed","sticky":false,"template":"","format":"standard","meta":{"footnotes":""},"categories":[1],"tags":[],"class_list":["post-60233","post","type-post","status-publish","format-standard","has-post-thumbnail","hentry","category-general"],"_links":{"self":[{"href":"https:\/\/www.uv.mx\/prensa\/wp-json\/wp\/v2\/posts\/60233","targetHints":{"allow":["GET"]}}],"collection":[{"href":"https:\/\/www.uv.mx\/prensa\/wp-json\/wp\/v2\/posts"}],"about":[{"href":"https:\/\/www.uv.mx\/prensa\/wp-json\/wp\/v2\/types\/post"}],"author":[{"embeddable":true,"href":"https:\/\/www.uv.mx\/prensa\/wp-json\/wp\/v2\/users\/1508"}],"replies":[{"embeddable":true,"href":"https:\/\/www.uv.mx\/prensa\/wp-json\/wp\/v2\/comments?post=60233"}],"version-history":[{"count":0,"href":"https:\/\/www.uv.mx\/prensa\/wp-json\/wp\/v2\/posts\/60233\/revisions"}],"wp:featuredmedia":[{"embeddable":true,"href":"https:\/\/www.uv.mx\/prensa\/wp-json\/wp\/v2\/media\/60104"}],"wp:attachment":[{"href":"https:\/\/www.uv.mx\/prensa\/wp-json\/wp\/v2\/media?parent=60233"}],"wp:term":[{"taxonomy":"category","embeddable":true,"href":"https:\/\/www.uv.mx\/prensa\/wp-json\/wp\/v2\/categories?post=60233"},{"taxonomy":"post_tag","embeddable":true,"href":"https:\/\/www.uv.mx\/prensa\/wp-json\/wp\/v2\/tags?post=60233"}],"curies":[{"name":"wp","href":"https:\/\/api.w.org\/{rel}","templated":true}]}}