{"id":60205,"date":"2018-12-20T09:00:14","date_gmt":"2018-12-20T15:00:14","guid":{"rendered":"https:\/\/www.uv.mx\/prensa\/?p=60205"},"modified":"2019-01-09T11:19:23","modified_gmt":"2019-01-09T17:19:23","slug":"academicos-del-ceoa-y-ciia-ganaron-premio-a-la-investigacion-interdisciplinaria","status":"publish","type":"post","link":"https:\/\/www.uv.mx\/prensa\/banner\/academicos-del-ceoa-y-ciia-ganaron-premio-a-la-investigacion-interdisciplinaria\/","title":{"rendered":"Acad\u00e9micos del CEOA y CIIA ganaron \u201cPremio a la investigaci\u00f3n interdisciplinaria\u201d"},"content":{"rendered":"<ul>\n<li><em><span class=\"TextRun SCXW195640305\" lang=\"ES-MX\" xml:lang=\"ES-MX\"><span class=\"NormalTextRun SCXW195640305\">Presentaron el <\/span><\/span><span class=\"TextRun SCXW195640305\" lang=\"ES-MX\" xml:lang=\"ES-MX\"><span class=\"NormalTextRun SCXW195640305\">proyecto <\/span><\/span><span class=\"TextRun SCXW195640305\" lang=\"ES-MX\" xml:lang=\"ES-MX\"><span class=\"NormalTextRun SCXW195640305\">\u201cSistema de monitoreo en redes sociales para detectar y prevenir brotes de violencia en M\u00e9xico\u201d<\/span><\/span><\/em><\/li>\n<\/ul>\n<p>&nbsp;<\/p>\n<div id=\"attachment_60201\" style=\"width: 732px\" class=\"wp-caption aligncenter\"><a href=\"https:\/\/www.uv.mx\/prensa\/files\/2018\/12\/191218-Investigadores-CIIA-ganan-premio-a-la-investigacion-interdisciplinaria.jpg\"><img loading=\"lazy\" decoding=\"async\" aria-describedby=\"caption-attachment-60201\" class=\"size-full wp-image-60201\" src=\"https:\/\/www.uv.mx\/prensa\/files\/2018\/12\/191218-Investigadores-CIIA-ganan-premio-a-la-investigacion-interdisciplinaria.jpg\" alt=\"\" width=\"722\" height=\"481\" srcset=\"https:\/\/www.uv.mx\/prensa\/files\/2018\/12\/191218-Investigadores-CIIA-ganan-premio-a-la-investigacion-interdisciplinaria.jpg 722w, https:\/\/www.uv.mx\/prensa\/files\/2018\/12\/191218-Investigadores-CIIA-ganan-premio-a-la-investigacion-interdisciplinaria-300x200.jpg 300w\" sizes=\"auto, (max-width: 722px) 100vw, 722px\" \/><\/a><p id=\"caption-attachment-60201\" class=\"wp-caption-text\">Homero R\u00edos, Carlos Pi\u00f1a y Ericka Rechy<\/p><\/div>\n<p>&nbsp;<\/p>\n<p><b><i>David Sandoval Rodr\u00edguez<\/i><\/b><\/p>\n<p><b><i>20\/12\/2018, Xalapa, Ver.-<\/i><\/b> Con el proyecto \u201cSistema de monitoreo en redes sociales para detectar y prevenir brotes de violencia en M\u00e9xico\u201d, acad\u00e9micos del Centro de Estudios de Opini\u00f3n y An\u00e1lisis (CEOA) y del <a href=\"https:\/\/www.uv.mx\/ciia\/\">Centro de Investigaci\u00f3n en Inteligencia Artificial<\/a> (CIIA) obtuvieron el \u201cPremio a la investigaci\u00f3n interdisciplinaria en torno al Plan de Restructuraci\u00f3n Estrat\u00e9gica del <i>Conacyt<\/i> (2018-2024)\u201d.<\/p>\n<p>Los galardonados, Ericka Janet Rechy Ram\u00edrez y Homero Vladimir R\u00edos Figueroa, del CIIA, y Carlos Adolfo Pi\u00f1a Garc\u00eda, coordinador del Laboratorio para el An\u00e1lisis de Informaci\u00f3n Generada a trav\u00e9s de Redes Sociales en Internet (LARSI), adscrito al CEOA, integraron la propuesta que fue uno de los ocho trabajos premiados por la m\u00e1xima casa de estudio de Veracruz.<\/p>\n<p>El prop\u00f3sito del premio es promover el desarrollo de proyectos de investigaci\u00f3n de alto nivel acad\u00e9mico, as\u00ed como fomentar el trabajo interdisciplinario; para ello, se destin\u00f3 un fondo econ\u00f3mico a las mejores propuestas integradas en grupos de trabajo para atender los 12 principios rectores del Plan de Restructuraci\u00f3n Estrat\u00e9gica del Consejo Nacional de Ciencia y Tecnolog\u00eda (<i>Conacyt<\/i>) para el periodo 2018-2024.<\/p>\n<p>Su proyecto se enmarca en el principio n\u00famero 12 \u201cInvestigaci\u00f3n social para prevenir la violencia\u201d, y destac\u00f3 por abordar el problema de manera interdisciplinaria. Est\u00e1 integrado por tres elementos: la ciencia de datos y redes sociales; visi\u00f3n por computadora; e interacci\u00f3n humano-computadora.<\/p>\n<p>Pi\u00f1a Garc\u00eda explic\u00f3 que su \u00e1rea de conocimiento es la ciencia de datos y el an\u00e1lisis de las redes sociales en Internet, principalmente en <i>Twitter<\/i>; \u201cestamos encargados de captar esta informaci\u00f3n, obtenerla, curarla y filtrarla para quedarnos con la que sea significativa y mencione la violencia\u201d.<\/p>\n<p>En Inglaterra existen sistemas similares que buscan anticiparse a los choques con las autoridades, y son las redes sociales donde las personas se auto-organizan para realizar movimientos sociales.<\/p>\n<p>\u201cEl objetivo principal es prevenir estos choques, por ello el sistema est\u00e1 basado en un monitoreo a nivel nacional, de ah\u00ed podemos tener una granularidad que nos permita ir en profundidad hacia una ciudad\u201d, detall\u00f3 el Coordinador del LARSI.<\/p>\n<p>Refiri\u00f3 la experiencia previa que se tiene en el pa\u00eds con la participaci\u00f3n en el tercer debate presidencial que organiz\u00f3 el Instituto Nacional Electoral (INE). \u201cCon esa experiencia nos involucramos en este proyecto, de tal forma que ya tenemos el conocimiento para hacer este tipo de an\u00e1lisis\u201d.<\/p>\n<p>Ahora las redes sociales nos brindan la posibilidad de transmitir im\u00e1genes, audio y hasta video, permitiendo hacer an\u00e1lisis de tales archivos y determinar si contienen rostros humanos, su posici\u00f3n y la ubicaci\u00f3n en la que se emitieron para poder identificarlos, coment\u00f3 R\u00edos Figueroa.<\/p>\n<p>Con el an\u00e1lisis de los videos en las redes sociales se puede determinar si est\u00e1n en movimiento y qu\u00e9 tipo de comportamiento tienen, ello de manera autom\u00e1tica, complementando as\u00ed la informaci\u00f3n textual y de georreferencia, es decir, su ubicaci\u00f3n geogr\u00e1fica.<\/p>\n<p>Por otro lado, existen avances tecnol\u00f3gicos que permiten tener sensores que registran el comportamiento de las personas, como relojes \u201cinteligentes\u201d aplicados a la salud.<\/p>\n<p>\u201cEn el CIIA tenemos sensores que nos permiten ver los comportamientos de las personas; por ejemplo, una diadema que facilita ver se\u00f1ales electroencefalogr\u00e1ficas, logrando as\u00ed ver las emociones de las personas y un <i>eye-tracker<\/i> que muestra hacia d\u00f3nde est\u00e1n dirigiendo su mirada\u201d, explic\u00f3 Rechy Ram\u00edrez.<\/p>\n<p>La finalidad del proyecto es que tenga un impacto social y se base en las tres \u00e1reas de investigaci\u00f3n: ciencia de datos aplicada a las redes sociales, visi\u00f3n computarizada para la informaci\u00f3n y la interacci\u00f3n humano-computadora, que tiene la finalidad de hacer dicha interacci\u00f3n m\u00e1s amigable, mediante el uso de dispositivos como los mencionados.<\/p>\n<p>Reconocieron el apoyo de la Direcci\u00f3n General de Tecnolog\u00eda de Informaci\u00f3n (DGTI) y su titular, Juan Carlos Jim\u00e9nez M\u00e1rquez, quien don\u00f3 un servidor para procesar la informaci\u00f3n que ser\u00e1 recibida y analizada.<\/p>\n<p>Uno de los resultados puede orientarse hacia la creaci\u00f3n de un sistema de prevenci\u00f3n de violencia para la ciudadan\u00eda o las autoridades, principalmente que repercuta en la sociedad, afirm\u00f3 Carlos Pi\u00f1a.<\/p>\n<p>En el proyecto tambi\u00e9n participa Jafet Soto, alumno de la Especialidad en Estudios de Opini\u00f3n del CEOA, quien desarrolla una tesis orientada a c\u00f3mo percibe la comunidad universitaria la violencia en sus colonias.<\/p>\n<p>Los acad\u00e9micos agradecieron a la UV por el reconocimiento y destacaron la importancia de fomentar la vinculaci\u00f3n entre investigadores de distintos centros, pero sobre todo que las propuestas tengan un impacto social y sus resultados atiendan problemas actuales.<\/p>\n","protected":false},"excerpt":{"rendered":"<p>Los galardonados son Ericka Janet Rechy y Homero Vladimir R\u00edos, del Centro de Investigaci\u00f3n en Inteligencia Artificial, y Carlos Adolfo Pi\u00f1a , del Centro de Estudios de Opini\u00f3n y An\u00e1lisis<\/p>\n","protected":false},"author":1508,"featured_media":60206,"comment_status":"closed","ping_status":"closed","sticky":false,"template":"","format":"standard","meta":{"footnotes":""},"categories":[61],"tags":[],"class_list":["post-60205","post","type-post","status-publish","format-standard","has-post-thumbnail","hentry","category-banner"],"_links":{"self":[{"href":"https:\/\/www.uv.mx\/prensa\/wp-json\/wp\/v2\/posts\/60205","targetHints":{"allow":["GET"]}}],"collection":[{"href":"https:\/\/www.uv.mx\/prensa\/wp-json\/wp\/v2\/posts"}],"about":[{"href":"https:\/\/www.uv.mx\/prensa\/wp-json\/wp\/v2\/types\/post"}],"author":[{"embeddable":true,"href":"https:\/\/www.uv.mx\/prensa\/wp-json\/wp\/v2\/users\/1508"}],"replies":[{"embeddable":true,"href":"https:\/\/www.uv.mx\/prensa\/wp-json\/wp\/v2\/comments?post=60205"}],"version-history":[{"count":0,"href":"https:\/\/www.uv.mx\/prensa\/wp-json\/wp\/v2\/posts\/60205\/revisions"}],"wp:featuredmedia":[{"embeddable":true,"href":"https:\/\/www.uv.mx\/prensa\/wp-json\/wp\/v2\/media\/60206"}],"wp:attachment":[{"href":"https:\/\/www.uv.mx\/prensa\/wp-json\/wp\/v2\/media?parent=60205"}],"wp:term":[{"taxonomy":"category","embeddable":true,"href":"https:\/\/www.uv.mx\/prensa\/wp-json\/wp\/v2\/categories?post=60205"},{"taxonomy":"post_tag","embeddable":true,"href":"https:\/\/www.uv.mx\/prensa\/wp-json\/wp\/v2\/tags?post=60205"}],"curies":[{"name":"wp","href":"https:\/\/api.w.org\/{rel}","templated":true}]}}