{"id":60123,"date":"2018-12-14T16:55:45","date_gmt":"2018-12-14T22:55:45","guid":{"rendered":"https:\/\/www.uv.mx\/prensa\/?p=60123"},"modified":"2018-12-14T16:55:45","modified_gmt":"2018-12-14T22:55:45","slug":"uv-reconocio-a-academicos-que-ingresaron-al-upes-de-la-sep","status":"publish","type":"post","link":"https:\/\/www.uv.mx\/prensa\/banner\/uv-reconocio-a-academicos-que-ingresaron-al-upes-de-la-sep\/","title":{"rendered":"UV reconoci\u00f3 a acad\u00e9micos que ingresaron al UPES de la SEP"},"content":{"rendered":"<ul>\n<li><i>La Universidad Veracruzana entreg\u00f3 reconocimientos a los profesores de tiempo completo que obtuvieron el apoyo del Programa de Carrera Docente en Universidades P\u00fablicas Estatales (UPES) U040<\/i><span>\u00a0<\/span><\/li>\n<li><i>\u201cA nombre de todas las profesoras y todos los profesores que represento no s\u00f3lo decimos gracias, tambi\u00e9n reconocemos y distinguimos el liderazgo\u201d: Liliana Cuervo, acad\u00e9mica de Tuxpan<\/i><\/li>\n<\/ul>\n<p>&nbsp;<\/p>\n<div id=\"attachment_60109\" style=\"width: 732px\" class=\"wp-caption aligncenter\"><a href=\"https:\/\/www.uv.mx\/prensa\/files\/2018\/12\/141218-carrera-docente-U040-1.jpg\"><img loading=\"lazy\" decoding=\"async\" aria-describedby=\"caption-attachment-60109\" class=\"size-full wp-image-60109\" src=\"https:\/\/www.uv.mx\/prensa\/files\/2018\/12\/141218-carrera-docente-U040-1.jpg\" alt=\"\" width=\"722\" height=\"481\" srcset=\"https:\/\/www.uv.mx\/prensa\/files\/2018\/12\/141218-carrera-docente-U040-1.jpg 722w, https:\/\/www.uv.mx\/prensa\/files\/2018\/12\/141218-carrera-docente-U040-1-300x200.jpg 300w\" sizes=\"auto, (max-width: 722px) 100vw, 722px\" \/><\/a><p id=\"caption-attachment-60109\" class=\"wp-caption-text\">Profesores de tiempo completo recibieron reconocimiento de las autoridades universitarias por el resultado obtenido<\/p><\/div>\n<p>&nbsp;<\/p>\n<p><b><i>David Sandoval Rodr\u00edguez<\/i><\/b><span>\u00a0<\/span><\/p>\n<p><b><i>14\/12\/<\/i><\/b><b><i>18 Xalapa, Ver.-<\/i><\/b> La Universidad Veracruzana (UV) reconoci\u00f3 a 463 acad\u00e9micos de las cinco regiones universitarias por haber obtenido el registro dentro del Programa de Carrera Docente en Universidades P\u00fablicas Estatales (UPES) U040-2018 que otorga la Secretar\u00eda de Educaci\u00f3n P\u00fablica (SEP) como un fondo extraordinario a nivel nacional.<span>\u00a0<\/span><\/p>\n<p>El viernes 14 de diciembre en la sala de videoconferencias de la Unidad de Servicios Bibliotecarios y de Informaci\u00f3n (USBI) se celebr\u00f3 de manera simult\u00e1nea y con transmisi\u00f3n en l\u00ednea a las cuatro regiones, la entrega de reconocimientos a los catedr\u00e1ticos de las cinco \u00e1reas acad\u00e9micas.<span>\u00a0<\/span><\/p>\n<p>Sara Ladr\u00f3n de Guevara, rectora de la UV, felicit\u00f3 a los acad\u00e9micos y recalc\u00f3: \u201cSin duda, la contribuci\u00f3n de todos ustedes ha sido fundamental; la productividad que con su quehacer cotidiano han generado sustenta parte de los indicadores que se requieren para solventar dichos procesos, de ah\u00ed la importancia de seguir dando m\u00e1s, para mantener la calidad de nuestros programas educativos\u201d.<span>\u00a0<\/span><\/p>\n<p>Asimismo, con este reconocimiento se da cuenta \u201cde la calidad del ejercicio de la docencia que caracteriza a nuestros acad\u00e9micos, asegurando as\u00ed la pertinencia de la formaci\u00f3n de nuestros estudiantes y una mejor respuesta a las demandas sociales del entorno\u201d.<span>\u00a0<\/span><\/p>\n<p>La Rectora explic\u00f3 que una de las metas nacionales contempladas en el Plan Nacional de Desarrollo 2013-2018 es incrementar la calidad de la educaci\u00f3n, con el fin de garantizar el desarrollo integral de todos los mexicanos, para de esa manera contar con capital humano preparado, que sea fuente de innovaci\u00f3n y que lleve a todos los estudiantes al desarrollo de su mayor potencial profesional, laboral y humano.<span>\u00a0<\/span><\/p>\n<p>\u201cSobre esta base se reconoce a los profesores de tiempo completo que han hecho aportaciones significativas al mejoramiento de los indicadores de los resultados de su casa de estudios, la Universidad Veracruzana, una universidad orgullosamente p\u00fablica y aut\u00f3noma.\u201d<span>\u00a0<\/span><\/p>\n<p>Detall\u00f3 que la distribuci\u00f3n de los recursos se realiz\u00f3 en funci\u00f3n de la productividad de la instituci\u00f3n en su conjunto, que se mide con base en varios indicadores como el n\u00famero de miembros del Sistema Nacional de Investigadores, profesores con reconocimiento y perfil deseable, profesores que forman parte de cuerpos acad\u00e9micos consolidados y en consolidaci\u00f3n, n\u00famero de publicaciones en revistas indizadas en la base de datos Scopus, n\u00famero de programas dentro del Padr\u00f3n Nacional de Posgrados de Calidad (PNPC), n\u00famero de programas de licenciatura reconocidos por su calidad acad\u00e9mica y n\u00famero de matr\u00edcula inscrita en el programa de licenciatura reconocido por su calidad.<span>\u00a0<\/span><\/p>\n<p>&nbsp;<\/p>\n<div id=\"attachment_60110\" style=\"width: 732px\" class=\"wp-caption aligncenter\"><a href=\"https:\/\/www.uv.mx\/prensa\/files\/2018\/12\/141218-carrera-docente-U040-2.jpg\"><img loading=\"lazy\" decoding=\"async\" aria-describedby=\"caption-attachment-60110\" class=\"size-full wp-image-60110\" src=\"https:\/\/www.uv.mx\/prensa\/files\/2018\/12\/141218-carrera-docente-U040-2.jpg\" alt=\"\" width=\"722\" height=\"481\" srcset=\"https:\/\/www.uv.mx\/prensa\/files\/2018\/12\/141218-carrera-docente-U040-2.jpg 722w, https:\/\/www.uv.mx\/prensa\/files\/2018\/12\/141218-carrera-docente-U040-2-300x200.jpg 300w\" sizes=\"auto, (max-width: 722px) 100vw, 722px\" \/><\/a><p id=\"caption-attachment-60110\" class=\"wp-caption-text\">La rectora Sara Ladr\u00f3n de Guevara encabez\u00f3 la entrega de reconocimientos<\/p><\/div>\n<p>&nbsp;<\/p>\n<p>En representaci\u00f3n de los profesores distinguidos, Liliana Cuervo L\u00f3pez, acad\u00e9mica de la Facultad de Ciencias Biol\u00f3gicas y Agropecuarias de la regi\u00f3n Poza Rica-Tuxpan, dirigi\u00f3 un mensaje por videoconferencia.<span>\u00a0<\/span><\/p>\n<p>Se\u00f1al\u00f3 que obtener estos resultados signific\u00f3 todo un reto para los profesores; no obstante, con el liderazgo institucional se propiciaron las condiciones administrativas y acad\u00e9micas para posibilitarlo, por lo que agradeci\u00f3 el apoyo de la Rector\u00eda, la Vicerrector\u00eda, la Direcci\u00f3n General de Desarrollo Acad\u00e9mico e Innovaci\u00f3n Educativa (DGDAIE) y las direcciones generales de las \u00e1reas acad\u00e9micas.<span>\u00a0<\/span><\/p>\n<p>\u201cA nombre de todos los profesores que represento no s\u00f3lo decimos gracias, tambi\u00e9n reconocemos y distinguimos el liderazgo\u201d, manifest\u00f3.<span>\u00a0<\/span><\/p>\n<p>Por su parte, Liliana Betancourt Trevedhan, titular de la DGDAIE, puntualiz\u00f3 que con la ceremonia se distingue a 463 acad\u00e9micos de tiempo completo de las cinco regiones universitarias.<span>\u00a0<\/span><\/p>\n<p>\u201cCon este beneficio, nuestra casa de estudios estimula los esfuerzos demostrados por docentes e investigadores para seguir impulsando la pol\u00edtica acad\u00e9mica hacia mejores referentes de calidad\u201d, afirm\u00f3.<span>\u00a0<\/span><\/p>\n<p>El est\u00edmulo otorgado constituye adem\u00e1s \u201cun ejercicio de autoevaluaci\u00f3n y genera informaci\u00f3n valiosa que permite reconocer fortalezas y \u00e1reas de oportunidad para atender en lo inmediato\u201d.<span>\u00a0<\/span><\/p>\n<p>Betancourt Trevedhan concluy\u00f3 que \u201cen esta ceremonia se reconoce a todos ustedes, que dan m\u00e1s para que nuestra Universidad avance en el cumplimiento de su compromiso social\u201d.<span>\u00a0<\/span><\/p>\n<p>Los vicerrectores de las regiones: Jos\u00e9 Luis Alan\u00eds M\u00e9ndez, de Poza Rica-Tuxpan; Alfonso Gerardo P\u00e9rez Morales, de Veracruz; Jos\u00e9 Eduardo Mart\u00ednez Canales, de Orizaba-C\u00f3rdoba, y Florentino Cruz Mart\u00ednez, secretario Acad\u00e9mico de Coatzacoalcos-Minatitl\u00e1n, entregaron simult\u00e1neamente los reconocimientos a sus docentes.<span>\u00a0<\/span><\/p>\n<p>En la regi\u00f3n Veracruz se entreg\u00f3 el est\u00edmulo a 90 beneficiarios; en Orizaba-C\u00f3rdoba, fueron 33; en Poza Rica-Tuxpan, 28; en Coatzacoalcos-Minatitl\u00e1n, 11, y en la regi\u00f3n Xalapa, 301.<span>\u00a0<\/span><\/p>\n<p>Acompa\u00f1aron la entrega de los reconocimientos: Magdalena Hern\u00e1ndez Alarc\u00f3n, secretaria Acad\u00e9mica; Salvador Tapia Spinoso, secretario de Administraci\u00f3n y Finanzas, y Octavio Ochoa Contreras, secretario de Desarrollo Institucional.<\/p>\n<p>&nbsp;<\/p>\n<div id=\"attachment_60111\" style=\"width: 732px\" class=\"wp-caption aligncenter\"><a href=\"https:\/\/www.uv.mx\/prensa\/files\/2018\/12\/141218-carrera-docente-U040-3.jpg\"><img loading=\"lazy\" decoding=\"async\" aria-describedby=\"caption-attachment-60111\" class=\"size-full wp-image-60111\" src=\"https:\/\/www.uv.mx\/prensa\/files\/2018\/12\/141218-carrera-docente-U040-3.jpg\" alt=\"\" width=\"722\" height=\"481\" srcset=\"https:\/\/www.uv.mx\/prensa\/files\/2018\/12\/141218-carrera-docente-U040-3.jpg 722w, https:\/\/www.uv.mx\/prensa\/files\/2018\/12\/141218-carrera-docente-U040-3-300x200.jpg 300w\" sizes=\"auto, (max-width: 722px) 100vw, 722px\" \/><\/a><p id=\"caption-attachment-60111\" class=\"wp-caption-text\">Liliana Betancourt, titular de la DGDAIE, felicit\u00f3 a los acad\u00e9micos<\/p><\/div>\n","protected":false},"excerpt":{"rendered":"<p>La Rectora Sara Ladr\u00f3n de Guevara destac\u00f3 que gracias a ellos la instituci\u00f3n consolida las metas establecidas para mantener la calidad de los programas educativos<\/p>\n","protected":false},"author":1508,"featured_media":60107,"comment_status":"closed","ping_status":"closed","sticky":false,"template":"","format":"standard","meta":{"footnotes":""},"categories":[61],"tags":[],"class_list":["post-60123","post","type-post","status-publish","format-standard","has-post-thumbnail","hentry","category-banner"],"_links":{"self":[{"href":"https:\/\/www.uv.mx\/prensa\/wp-json\/wp\/v2\/posts\/60123","targetHints":{"allow":["GET"]}}],"collection":[{"href":"https:\/\/www.uv.mx\/prensa\/wp-json\/wp\/v2\/posts"}],"about":[{"href":"https:\/\/www.uv.mx\/prensa\/wp-json\/wp\/v2\/types\/post"}],"author":[{"embeddable":true,"href":"https:\/\/www.uv.mx\/prensa\/wp-json\/wp\/v2\/users\/1508"}],"replies":[{"embeddable":true,"href":"https:\/\/www.uv.mx\/prensa\/wp-json\/wp\/v2\/comments?post=60123"}],"version-history":[{"count":0,"href":"https:\/\/www.uv.mx\/prensa\/wp-json\/wp\/v2\/posts\/60123\/revisions"}],"wp:featuredmedia":[{"embeddable":true,"href":"https:\/\/www.uv.mx\/prensa\/wp-json\/wp\/v2\/media\/60107"}],"wp:attachment":[{"href":"https:\/\/www.uv.mx\/prensa\/wp-json\/wp\/v2\/media?parent=60123"}],"wp:term":[{"taxonomy":"category","embeddable":true,"href":"https:\/\/www.uv.mx\/prensa\/wp-json\/wp\/v2\/categories?post=60123"},{"taxonomy":"post_tag","embeddable":true,"href":"https:\/\/www.uv.mx\/prensa\/wp-json\/wp\/v2\/tags?post=60123"}],"curies":[{"name":"wp","href":"https:\/\/api.w.org\/{rel}","templated":true}]}}