{"id":60119,"date":"2018-12-15T09:00:41","date_gmt":"2018-12-15T15:00:41","guid":{"rendered":"https:\/\/www.uv.mx\/prensa\/?p=60119"},"modified":"2018-12-17T11:58:39","modified_gmt":"2018-12-17T17:58:39","slug":"uv-posee-acervo-bibliografico-en-temas-de-genero","status":"publish","type":"post","link":"https:\/\/www.uv.mx\/prensa\/general\/uv-posee-acervo-bibliografico-en-temas-de-genero\/","title":{"rendered":"UV posee acervo bibliogr\u00e1fico en temas de g\u00e9nero"},"content":{"rendered":"<ul>\n<li><em><span class=\"TextRun SCXW159800523\" lang=\"ES-MX\" xml:lang=\"ES-MX\"><span class=\"NormalTextRun SCXW159800523\">Est\u00e1\u00a0<\/span><\/span><span class=\"TextRun SCXW159800523\" lang=\"ES-MX\" xml:lang=\"ES-MX\"><span class=\"NormalTextRun SCXW159800523\">a<\/span><\/span><span class=\"TextRun SCXW159800523\" lang=\"ES-MX\" xml:lang=\"ES-MX\"><span class=\"NormalTextRun SCXW159800523\"> disposici\u00f3n de la comunidad universitaria y p\u00fablico en general<\/span><\/span><span class=\"TextRun SCXW159800523\" lang=\"ES-MX\" xml:lang=\"ES-MX\"><span class=\"NormalTextRun SCXW159800523\">, <\/span><\/span><span class=\"TextRun SCXW159800523\" lang=\"ES-MX\" xml:lang=\"ES-MX\"><span class=\"NormalTextRun SCXW159800523\">en la USBI-Xalapa<\/span><\/span><\/em><\/li>\n<\/ul>\n<p>&nbsp;<\/p>\n<div id=\"attachment_59955\" style=\"width: 732px\" class=\"wp-caption aligncenter\"><a href=\"https:\/\/www.uv.mx\/prensa\/files\/2018\/12\/111218-KARINA-Acervo-de-genero-nota-stock-3.jpg\"><img loading=\"lazy\" decoding=\"async\" aria-describedby=\"caption-attachment-59955\" class=\"size-full wp-image-59955\" src=\"https:\/\/www.uv.mx\/prensa\/files\/2018\/12\/111218-KARINA-Acervo-de-genero-nota-stock-3.jpg\" alt=\"\" width=\"722\" height=\"542\" srcset=\"https:\/\/www.uv.mx\/prensa\/files\/2018\/12\/111218-KARINA-Acervo-de-genero-nota-stock-3.jpg 722w, https:\/\/www.uv.mx\/prensa\/files\/2018\/12\/111218-KARINA-Acervo-de-genero-nota-stock-3-300x225.jpg 300w\" sizes=\"auto, (max-width: 722px) 100vw, 722px\" \/><\/a><p id=\"caption-attachment-59955\" class=\"wp-caption-text\">En la USBI-Xalapa hay alrededor de 600 libros especializados en temas de g\u00e9nero<\/p><\/div>\n<p>&nbsp;<\/p>\n<p><b><i>Karina de la Paz Reyes D\u00edaz<\/i><\/b><\/p>\n<p><b><i>15\/12\/18, Xalapa, Ver.- <\/i><\/b>La Unidad de Servicios Bibliotecarios y de Informaci\u00f3n (USBI) de la Universidad Veracruzana (UV) tiene a disposici\u00f3n de la comunidad universitaria y p\u00fablico en general libros especializados en temas de g\u00e9nero, los cuales han sido reunidos durante la \u00faltima d\u00e9cada por el <a href=\"https:\/\/www.uv.mx\/ceguv\/\">Centro de Estudios de G\u00e9nero<\/a> (CEGUV) y las entidades y programas universitarios que le antecedieron.<\/p>\n<p>Mar\u00eda Eugenia Guadarrama Olivera, coordinadora del CEGUV, record\u00f3 que como responsable de 2010 a 2015 del proyecto \u201cFomento de la perspectiva de g\u00e9nero\u201d (que se desarroll\u00f3 con recursos federales concursados y ganados) emprendieron varias actividades, una de ellas fue precisamente la adquisici\u00f3n de libros especializados. A ello se sum\u00f3 el Programa de Estudios de G\u00e9nero de la Universidad Veracruzana (PEGUV), constituido en 2010 y antecedente del centro de estudios en menci\u00f3n, que data de junio de 2013.<\/p>\n<p>Cabe destacar que del total de t\u00edtulos que est\u00e1n distribuidos en la USBI-Xalapa (alrededor de 600), de 358 puede consultarse t\u00edtulo, autor, editorial y n\u00famero de clasificaci\u00f3n en un apartado de la p\u00e1gina oficial del CEGUV para una pronta identificaci\u00f3n: <a href=\"https:\/\/www.uv.mx\/ceguv\/libros-genero\/\">https:\/\/www.uv.mx\/ceguv\/libros-genero\/<\/a><\/p>\n<p>\u201cM\u00e1s que nombres, les digo que hay t\u00edtulos de autoras nacionales e internacionales que son indispensables cuando se inicia en los estudios de g\u00e9nero. Hay libros sobre teor\u00eda de g\u00e9nero y sobre metodolog\u00eda de g\u00e9nero, y los relacionados con alguna disciplina, como sociolog\u00eda, historia, filosof\u00eda, psicolog\u00eda, geograf\u00eda, entre otras\u201d, expuso la entrevistada.<\/p>\n<p>Algunos de los libros disponibles son: <i>Maternidad y pol\u00edticas de g\u00e9nero. La mujer en los estados de bienestar europeos 1880-1950<\/i>, de Nerea Aresti; <i>Los nuevos hombres nuevos<\/i><i>: los miedos de siempre en tiempos de igualdad<\/i>, de Miguel Lorente; <i>Las rutas de la masculinidad. Ensayos sobre el camino cultural y el mundo moderno<\/i>, de Rafael Montesinos; <i>Violenc<\/i><i>ia de g\u00e9nero en el cine espa\u00f1ol<\/i><i>: an\u00e1lisis <\/i><i>de los a\u00f1os 1998 a 2002 y gu\u00eda did\u00e1ctica<\/i>, de Asunci\u00f3n Bern\u00e1rdez Rodal, Irene Garc\u00eda Rubio y Soraya Gonz\u00e1lez Guerrero.<\/p>\n<p>El material, insisti\u00f3, es \u00fatil para personas de licenciatura, maestr\u00eda y doctorado interesadas o que est\u00e1n en proceso de desarrollo de una investigaci\u00f3n con perspectiva de g\u00e9nero, desde cualquier disciplina.<\/p>\n<p>Conforme pasan los a\u00f1os, cada vez hay m\u00e1s gente \u00e1vida de conocer la perspectiva de g\u00e9nero, por ello el inter\u00e9s del CEGUV de contribuir en el desarrollo de investigaciones de esta naturaleza. Incluso, dijo la entrevistada, tambi\u00e9n hay investigadoras e investigadores que est\u00e1n trabajando desde la biolog\u00eda, la ecolog\u00eda, o que realizan proyectos de investigaci\u00f3n aplicada con mujeres, y no saben que existen esos libros que podr\u00edan servirles.<\/p>\n<p>\u201cEsos libros no son s\u00f3lo para quienes estudian o son especialistas en este tema. Es un tema que nos deber\u00eda interesar a todas las personas; por ejemplo, el de violencia de g\u00e9nero est\u00e1 presente en la Universidad y dentro de la bibliograf\u00eda existen libros especializados al respecto, lo cual podr\u00eda resultar interesante para cualquier autoridad, director o directora de Facultad para que conozca c\u00f3mo poder enfrentar esta problem\u00e1tica en las entidades acad\u00e9micas\u201d, concluy\u00f3.<\/p>\n","protected":false},"excerpt":{"rendered":"<p>Hay t\u00edtulos de autoras nacionales e internacionales, que son b\u00e1sicos en los estudios de g\u00e9nero<\/p>\n","protected":false},"author":1508,"featured_media":59955,"comment_status":"closed","ping_status":"closed","sticky":false,"template":"","format":"standard","meta":{"footnotes":""},"categories":[1],"tags":[],"class_list":["post-60119","post","type-post","status-publish","format-standard","has-post-thumbnail","hentry","category-general"],"_links":{"self":[{"href":"https:\/\/www.uv.mx\/prensa\/wp-json\/wp\/v2\/posts\/60119","targetHints":{"allow":["GET"]}}],"collection":[{"href":"https:\/\/www.uv.mx\/prensa\/wp-json\/wp\/v2\/posts"}],"about":[{"href":"https:\/\/www.uv.mx\/prensa\/wp-json\/wp\/v2\/types\/post"}],"author":[{"embeddable":true,"href":"https:\/\/www.uv.mx\/prensa\/wp-json\/wp\/v2\/users\/1508"}],"replies":[{"embeddable":true,"href":"https:\/\/www.uv.mx\/prensa\/wp-json\/wp\/v2\/comments?post=60119"}],"version-history":[{"count":0,"href":"https:\/\/www.uv.mx\/prensa\/wp-json\/wp\/v2\/posts\/60119\/revisions"}],"wp:featuredmedia":[{"embeddable":true,"href":"https:\/\/www.uv.mx\/prensa\/wp-json\/wp\/v2\/media\/59955"}],"wp:attachment":[{"href":"https:\/\/www.uv.mx\/prensa\/wp-json\/wp\/v2\/media?parent=60119"}],"wp:term":[{"taxonomy":"category","embeddable":true,"href":"https:\/\/www.uv.mx\/prensa\/wp-json\/wp\/v2\/categories?post=60119"},{"taxonomy":"post_tag","embeddable":true,"href":"https:\/\/www.uv.mx\/prensa\/wp-json\/wp\/v2\/tags?post=60119"}],"curies":[{"name":"wp","href":"https:\/\/api.w.org\/{rel}","templated":true}]}}