{"id":59991,"date":"2018-12-16T09:05:57","date_gmt":"2018-12-16T15:05:57","guid":{"rendered":"https:\/\/www.uv.mx\/prensa\/?p=59991"},"modified":"2021-12-08T12:35:08","modified_gmt":"2021-12-08T18:35:08","slug":"ley-organica-uv-puede-sentar-precedente-a-nivel-nacional","status":"publish","type":"post","link":"https:\/\/www.uv.mx\/prensa\/general\/ley-organica-uv-puede-sentar-precedente-a-nivel-nacional\/","title":{"rendered":"Ley Org\u00e1nica UV puede sentar precedente a nivel nacional"},"content":{"rendered":"<ul>\n<li><i>Investigadores del <\/i>Cedegs <i>analizan la propuesta desde el punto <\/i><i>de vista <\/i><i>acad\u00e9mico<\/i><\/li>\n<li><i>Es esencial rejuvenecerla<\/i><i>,<\/i><i> incluyendo estatutos<\/i> <i>y sustentada en la teor\u00eda de principios y valores,<\/i> <i>no s\u00f3lo determinada por reglas<\/i><\/li>\n<\/ul>\n<div id=\"attachment_59992\" style=\"width: 732px\" class=\"wp-caption aligncenter\"><a href=\"https:\/\/www.uv.mx\/prensa\/files\/2018\/12\/161218-Cedegs-Ley-organica-100k.jpg\"><img loading=\"lazy\" decoding=\"async\" aria-describedby=\"caption-attachment-59992\" class=\"size-full wp-image-59992\" src=\"https:\/\/www.uv.mx\/prensa\/files\/2018\/12\/161218-Cedegs-Ley-organica-100k.jpg\" alt=\"\" width=\"722\" height=\"481\" srcset=\"https:\/\/www.uv.mx\/prensa\/files\/2018\/12\/161218-Cedegs-Ley-organica-100k.jpg 722w, https:\/\/www.uv.mx\/prensa\/files\/2018\/12\/161218-Cedegs-Ley-organica-100k-300x200.jpg 300w\" sizes=\"auto, (max-width: 722px) 100vw, 722px\" \/><\/a><p id=\"caption-attachment-59992\" class=\"wp-caption-text\">C\u00e9sar Armando Cruz y Mar\u00eda Isabel Arredondo, investigadores adscritos al Centro de Estudios sobre Derecho, Globalizaci\u00f3n y Seguridad<\/p><\/div>\n<p><b><i>Jos\u00e9 Luis <\/i><\/b><b><i>Couttolenc<\/i><\/b><b><i> Soto<\/i><\/b><\/p>\n<p><b><i>1<\/i><\/b><b><i>6<\/i><\/b><b><i>\/12\/18, Xalapa, <\/i><\/b><b><i>Ver.-<\/i><\/b> El proyecto final de la Ley Org\u00e1nica de la Universidad Veracruzana (UV) debe reflejar claramente los principios fundamentales de su constitucionalidad, a fin de obtener la correcta interpretaci\u00f3n jur\u00eddica y la justa ponderaci\u00f3n de sus normas, con base en la sustancia de los principios inalienables que la conforman, se\u00f1alaron los investigadores Mar\u00eda Isabel Arredondo Icardo y C\u00e9sar Amando Cruz Espino, al hablar de \u201cLa Ley Org\u00e1nica vista desde la academia\u201d.<\/p>\n<p>Adscritos al<a href=\"https:\/\/www.uv.mx\/cedegs\/\"> Centro de Estudios sobre Derecho, Globalizaci\u00f3n y Seguridad<\/a> (<i>C<\/i><i>edegs<\/i>) de la UV, los investigadores coincidieron en calificar como esencial \u201crejuvenecer la formaci\u00f3n de la Ley Org\u00e1nica, incluyendo sus estatutos, sustentada en la teor\u00eda de principios y valores, y no s\u00f3lo determinada por reglas\u201d.<\/p>\n<p>Arredondo Icardo opin\u00f3 que la oportunidad coyuntural de la autonom\u00eda universitaria presupone diversas propuestas de revisi\u00f3n de la Ley Org\u00e1nica, as\u00ed como de la sustituci\u00f3n de una o varias de sus normas \u201csin que para ello se tenga que modificar necesariamente su estructura, lo que deriva de otro tipo de exigencias como la respuesta adecuada al n\u00famero creciente de estudiantes que exigen un lugar en las aulas, ya sea para su formaci\u00f3n profesional o para satisfacer el inter\u00e9s natural por el saber\u201d.<\/p>\n<p>Se pronunci\u00f3 tambi\u00e9n porque la democratizaci\u00f3n y modernizaci\u00f3n de los estudios universitarios \u201csean la base m\u00e1s s\u00f3lida para la creaci\u00f3n de una sociedad tolerante, libre y responsable frente a los momentos aciagos por los que atraviesa la guarda de derechos humanos en nuestro pa\u00eds\u201d.<\/p>\n<p>A su vez, Cruz Espino propuso que \u201clos derechos humanos contin\u00faen siendo la gu\u00eda esencial y el bar\u00f3metro del benepl\u00e1cito de la buena gobernanza, donde el desarrollo cient\u00edfico, la formaci\u00f3n profesional y la extensi\u00f3n de la cultura, representen las funciones b\u00e1sicas para hacer frente a los m\u00faltiples retos sociales y econ\u00f3micos por venir\u201d.<\/p>\n<p>Por \u00faltimo, ambos investigadores externaron su confianza firme de que el proyecto final de la Ley Org\u00e1nica de la UV pueda ser un prototipo universitario nacional, en tanto el proceso de democratizaci\u00f3n y competencia manifiesta ahora a trav\u00e9s del Consejo Universitario General, previa consulta a la comunidad universitaria, asegura tal aspiraci\u00f3n.<\/p>\n","protected":false},"excerpt":{"rendered":"<p>Es esencial rejuvenecerla, sustent\u00e1ndola en la teor\u00eda de principios y valores y no s\u00f3lo determinada por reglas: acad\u00e9micos <\/p>\n","protected":false},"author":1775,"featured_media":59992,"comment_status":"closed","ping_status":"closed","sticky":false,"template":"","format":"standard","meta":{"footnotes":""},"categories":[1],"tags":[1701,1700,6143,4162,6141,6142],"class_list":["post-59991","post","type-post","status-publish","format-standard","has-post-thumbnail","hentry","category-general","tag-cedegs","tag-centro-de-estudios-sobre-derecho-globalizacion-y-seguridad","tag-cesar-amando-cruz-espino","tag-jose-luis-couttolenc-soto","tag-ley-organica","tag-maria-isabel-arredondo-icardo"],"_links":{"self":[{"href":"https:\/\/www.uv.mx\/prensa\/wp-json\/wp\/v2\/posts\/59991","targetHints":{"allow":["GET"]}}],"collection":[{"href":"https:\/\/www.uv.mx\/prensa\/wp-json\/wp\/v2\/posts"}],"about":[{"href":"https:\/\/www.uv.mx\/prensa\/wp-json\/wp\/v2\/types\/post"}],"author":[{"embeddable":true,"href":"https:\/\/www.uv.mx\/prensa\/wp-json\/wp\/v2\/users\/1775"}],"replies":[{"embeddable":true,"href":"https:\/\/www.uv.mx\/prensa\/wp-json\/wp\/v2\/comments?post=59991"}],"version-history":[{"count":1,"href":"https:\/\/www.uv.mx\/prensa\/wp-json\/wp\/v2\/posts\/59991\/revisions"}],"predecessor-version":[{"id":107016,"href":"https:\/\/www.uv.mx\/prensa\/wp-json\/wp\/v2\/posts\/59991\/revisions\/107016"}],"wp:featuredmedia":[{"embeddable":true,"href":"https:\/\/www.uv.mx\/prensa\/wp-json\/wp\/v2\/media\/59992"}],"wp:attachment":[{"href":"https:\/\/www.uv.mx\/prensa\/wp-json\/wp\/v2\/media?parent=59991"}],"wp:term":[{"taxonomy":"category","embeddable":true,"href":"https:\/\/www.uv.mx\/prensa\/wp-json\/wp\/v2\/categories?post=59991"},{"taxonomy":"post_tag","embeddable":true,"href":"https:\/\/www.uv.mx\/prensa\/wp-json\/wp\/v2\/tags?post=59991"}],"curies":[{"name":"wp","href":"https:\/\/api.w.org\/{rel}","templated":true}]}}