{"id":59947,"date":"2018-12-12T13:00:00","date_gmt":"2018-12-12T19:00:00","guid":{"rendered":"https:\/\/www.uv.mx\/prensa\/?p=59947"},"modified":"2018-12-12T13:22:15","modified_gmt":"2018-12-12T19:22:15","slug":"seleccion-femenil-de-handball-por-un-buen-lugar-en-universiada-2019","status":"publish","type":"post","link":"https:\/\/www.uv.mx\/prensa\/deportes\/seleccion-femenil-de-handball-por-un-buen-lugar-en-universiada-2019\/","title":{"rendered":"Selecci\u00f3n Femenil de <em>Handball<\/em>, por un buen lugar en Universiada 2019"},"content":{"rendered":"<ul>\n<li><i>Entr<\/i><i>enador y seleccionadas, motivado<\/i><i>s por el trabajo realizado<\/i><\/li>\n<\/ul>\n<p>&nbsp;<\/p>\n<div id=\"attachment_59952\" style=\"width: 732px\" class=\"wp-caption aligncenter\"><a href=\"https:\/\/www.uv.mx\/prensa\/files\/2018\/12\/111218-HANDABALL-1.jpg\"><img loading=\"lazy\" decoding=\"async\" aria-describedby=\"caption-attachment-59952\" class=\"wp-image-59952 size-full\" src=\"https:\/\/www.uv.mx\/prensa\/files\/2018\/12\/111218-HANDABALL-1.jpg\" alt=\"\" width=\"722\" height=\"482\" srcset=\"https:\/\/www.uv.mx\/prensa\/files\/2018\/12\/111218-HANDABALL-1.jpg 722w, https:\/\/www.uv.mx\/prensa\/files\/2018\/12\/111218-HANDABALL-1-300x200.jpg 300w\" sizes=\"auto, (max-width: 722px) 100vw, 722px\" \/><\/a><p id=\"caption-attachment-59952\" class=\"wp-caption-text\">El entrenador David Eduardo Dom\u00ednguez con las seleccionadas Mar\u00eda Paulina Carri\u00f3n y Shamid Elylu G\u00f3mez<\/p><\/div>\n<p>&nbsp;<\/p>\n<p><b><i>Santiago Morales Ortiz<\/i><\/b><\/p>\n<p><b><i>11\/12\/<\/i><\/b><b><i>18, <\/i><\/b><b><i>Xalapa<\/i><\/b><b><i>, Ver.-<\/i><\/b> La Selecci\u00f3n Femenil de <i>Handball<\/i> de la Universidad Veracruzana (UV) trabaja intensamente para lograr un buen papel en la Universiada Nacional 2019, destacaron el entrenador David Eduardo Dom\u00ednguez Aguilar y las jugadoras Mar\u00eda Paulina Carri\u00f3n Melchor y Shamid Elyl\u00fa G\u00f3mez Escamilla.<\/p>\n<p>Comentaron que el trabajo que realizan durante los entrenamientos es muy arduo, por lo que esperan llegar en \u00f3ptimas condiciones al m\u00e1ximo evento deportivo estudiantil.<\/p>\n<p>Luego de avanzar a la segunda ronda en la Universiada Nacional Toluca 2018 para terminar entre las mejores ocho instituciones del pa\u00eds, el conjunto de <i>Halcones<\/i> va con el deseo de colocarse a las finales y obtener una medalla en 2019.<\/p>\n<p>Al respecto, el entrenador se\u00f1al\u00f3 que \u201cen primer lugar tenemos que lograr el pase en la etapa Regional, que se llevar\u00e1 a cabo en esta ciudad, con muchas posibilidades por ser sede, y luego ir con todo a la Universiada Nacional\u201d.<\/p>\n<p>Recalc\u00f3 que el equipo llega completo, con jugadoras de las diferentes regiones, \u201cquienes se aplican bien en los entrenamientos y defienden con orgullo los colores de la Universidad\u201d.<\/p>\n<p>Reconoci\u00f3 que no es f\u00e1cil lograr una medalla, pues a nivel nacional hay instituciones de mucha calidad, \u201csobre todo las del norte que llevan muchos a\u00f1os de trabajo, pero la UV viene captando talentos desde la ni\u00f1ez\u201d.<\/p>\n<p>Por su parte, Mar\u00eda Paulina Carri\u00f3n, alumna del primer semestre de la Licenciatura en Ciencias Pol\u00edticas y Gesti\u00f3n P\u00fablica, enfatiz\u00f3 el trabajo que se realiza en los entrenamientos: \u201cSe ha mejorado el nivel y creo que vamos a llegar bien a la Universiada\u201d.<\/p>\n<p>En lo personal, apunt\u00f3 que buscar\u00e1 su primera universiada y est\u00e1 contenta de ser seleccionada. Asimismo, reconoci\u00f3 que no ha sido f\u00e1cil combinar el estudio con el deporte, \u201cpero trabajo much\u00edsimo con las tareas y los entrenamientos para salir adelante\u201d.<\/p>\n<p>Destac\u00f3 el apoyo de su familia y de las autoridades de la UV para lograr los objetivos.<\/p>\n<p>En tanto, Shamid Elylu G\u00f3mez, alumna del tercer semestre de la Licenciatura en Sistemas Computacionales y Administrativos, se\u00f1al\u00f3 que va por su segunda Universiada y por un mejor lugar \u201cpues como equipo tenemos la capacidad de aspirar a grandes cosas e ir por una medalla\u201d.<\/p>\n<p>Coincidi\u00f3 con su compa\u00f1era en que el trabajo ha sido intenso, \u201ccon un equipo muy unido que quiere trascender y que se prepara d\u00eda a d\u00eda\u201d.<\/p>\n<p>Agreg\u00f3 que es un orgullo representar a la UV como seleccionada y con el sue\u00f1o de alcanzar grandes cosas en este deporte, por lo que trabajar\u00e1 mucho para ello.<\/p>\n<p>Por \u00faltimo, agradeci\u00f3 el apoyo de las autoridades de la UV \u201cpues ha sido vital para alcanzar los logros, nos motiva a hacer las cosas bien y esforzarnos m\u00e1s\u201d.<\/p>\n","protected":false},"excerpt":{"rendered":"<p>\u201cEn primer lugar tenemos que lograr el pase en la etapa Regional, que se llevar\u00e1 a cabo en esta ciudad, con muchas posibilidades por ser sede, y luego ir con todo a la Universiada Nacional\u201d<\/p>\n","protected":false},"author":1869,"featured_media":59952,"comment_status":"closed","ping_status":"closed","sticky":false,"template":"","format":"standard","meta":{"footnotes":""},"categories":[12],"tags":[],"class_list":["post-59947","post","type-post","status-publish","format-standard","has-post-thumbnail","hentry","category-deportes"],"_links":{"self":[{"href":"https:\/\/www.uv.mx\/prensa\/wp-json\/wp\/v2\/posts\/59947","targetHints":{"allow":["GET"]}}],"collection":[{"href":"https:\/\/www.uv.mx\/prensa\/wp-json\/wp\/v2\/posts"}],"about":[{"href":"https:\/\/www.uv.mx\/prensa\/wp-json\/wp\/v2\/types\/post"}],"author":[{"embeddable":true,"href":"https:\/\/www.uv.mx\/prensa\/wp-json\/wp\/v2\/users\/1869"}],"replies":[{"embeddable":true,"href":"https:\/\/www.uv.mx\/prensa\/wp-json\/wp\/v2\/comments?post=59947"}],"version-history":[{"count":0,"href":"https:\/\/www.uv.mx\/prensa\/wp-json\/wp\/v2\/posts\/59947\/revisions"}],"wp:featuredmedia":[{"embeddable":true,"href":"https:\/\/www.uv.mx\/prensa\/wp-json\/wp\/v2\/media\/59952"}],"wp:attachment":[{"href":"https:\/\/www.uv.mx\/prensa\/wp-json\/wp\/v2\/media?parent=59947"}],"wp:term":[{"taxonomy":"category","embeddable":true,"href":"https:\/\/www.uv.mx\/prensa\/wp-json\/wp\/v2\/categories?post=59947"},{"taxonomy":"post_tag","embeddable":true,"href":"https:\/\/www.uv.mx\/prensa\/wp-json\/wp\/v2\/tags?post=59947"}],"curies":[{"name":"wp","href":"https:\/\/api.w.org\/{rel}","templated":true}]}}