{"id":5990,"date":"2015-12-18T07:03:51","date_gmt":"2015-12-18T13:03:51","guid":{"rendered":"https:\/\/www.uv.mx\/prensa\/?p=5990"},"modified":"2015-12-16T15:29:34","modified_gmt":"2015-12-16T21:29:34","slug":"la-respuesta-a-la-depresion-esta-en-las-neuronas","status":"publish","type":"post","link":"https:\/\/www.uv.mx\/prensa\/general\/la-respuesta-a-la-depresion-esta-en-las-neuronas\/","title":{"rendered":"La respuesta a la depresi\u00f3n est\u00e1 en las neuronas"},"content":{"rendered":"<p>&nbsp;<\/p>\n<ul>\n<li><em>Expuso investigador del Instituto de Neuroetolog\u00eda<\/em><\/li>\n<li><em>Los medicamentos antidepresivos no son la soluci\u00f3n a esta enfermedad, pues s\u00f3lo controlan los s\u00edntomas<\/em><\/li>\n<\/ul>\n<p>&nbsp;<\/p>\n<p><strong><em>Paola Cort\u00e9s P\u00e9rez<\/em><\/strong><\/p>\n<p>&nbsp;<\/p>\n<p>La respuesta a la depresi\u00f3n est\u00e1 en las neuronas y no \u00fanicamente en los medicamentos contra esta enfermedad, expuso Carlos Manuel Contreras P\u00e9rez, investigador adscrito al Instituto de Neuroetolog\u00eda de la Universidad Veracruzana (UV) y del Instituto de Investigaciones Biom\u00e9dicas de la Universidad Nacional Aut\u00f3noma de M\u00e9xico (UNAM).<\/p>\n<p>Al impartir la conferencia \u201cConducta afectiva\u201d, en el marco del II Simposio Internacional de Neuroetolog\u00eda \u201cNaturaleza, Cerebro y Conducta\u201d, el 17 de noviembre en el aula magna de la Facultad de Arquitectura, indic\u00f3 que las emociones son sensaciones muy subjetivas y, por lo mismo, dif\u00edciles de medir pero que han acompa\u00f1ado al hombre en todo momento.<\/p>\n<p>\u201cSeguramente a trav\u00e9s del proceso evolutivo nos ha ayudado a mantenernos vivos como individuos y como especie\u201d, subray\u00f3.<\/p>\n<p>Dijo que tendemos a pensar que la ansiedad es mala pero no, depende de su tipo; por ejemplo, la ansiedad adaptativa es la que nos acompa\u00f1a en todo momento y es la que nos rescata, la que nos mantiene a flote al tenernos en estado de alerta.<\/p>\n<p>En el pa\u00eds, detall\u00f3, el 14 por ciento de la poblaci\u00f3n es depresiva; no obstante, en la actualidad a\u00fan hay tratamientos falaces producto del desconocimiento de esta enfermedad del cerebro.<\/p>\n<div id=\"attachment_5992\" style=\"width: 310px\" class=\"wp-caption aligncenter\"><a href=\"https:\/\/www.uv.mx\/prensa\/files\/2015\/12\/Depresion.jpg\"><img loading=\"lazy\" decoding=\"async\" aria-describedby=\"caption-attachment-5992\" class=\"size-medium wp-image-5992\" src=\"https:\/\/www.uv.mx\/prensa\/files\/2015\/12\/Depresion-300x200.jpg\" alt=\"Carlos Manuel Contreras P\u00e9rez, investigador adscrito al Instituto de Neuroetolog\u00eda.\" width=\"300\" height=\"200\" srcset=\"https:\/\/www.uv.mx\/prensa\/files\/2015\/12\/Depresion-300x200.jpg 300w, https:\/\/www.uv.mx\/prensa\/files\/2015\/12\/Depresion-1024x684.jpg 1024w\" sizes=\"auto, (max-width: 300px) 100vw, 300px\" \/><\/a><p id=\"caption-attachment-5992\" class=\"wp-caption-text\">Carlos Manuel Contreras P\u00e9rez, investigador adscrito al Instituto de Neuroetolog\u00eda.<\/p><\/div>\n<p>Contreras P\u00e9rez explic\u00f3 que la depresi\u00f3n suele presentarse cuando la persona tiene una p\u00e9rdida, ya sea f\u00edsica o sentimental, y sufre. Cuando se tiene una p\u00e9rdida irreparable, hay deseos de violencia; de no ser resuelta la situaci\u00f3n de duelo se cae en una ansiedad patol\u00f3gica que mantiene al individuo paralizado, desconcentrado, con temblores y titubeos, hay respuestas vegetativas, entre otras caracter\u00edsticas.<\/p>\n<p>Hay una depresi\u00f3n mayor, dijo, cuando se presentan sentimientos de tristeza, p\u00e9rdida, enojo, frustraci\u00f3n, pero cuando tales manifestaciones afectan la personalidad del individuo, devienen en enfermedad.<\/p>\n<p>\u201cHay personas que viven as\u00ed durante a\u00f1os y pueden acostumbrarse a no dormir bien o a hacerlo demasiado, comer mucho o poco, estar cansados, sentirse in\u00fatiles, detestarse, sentirse culpables de todo, estar inactivos o distra\u00eddos, sentir desesperanza, perder placer en todo, e incluso piensan en el suicidio y el 25 por ciento lo intenta.\u201d<\/p>\n<p>Coment\u00f3 que los investigadores que estudian el tema est\u00e1n convencidos de que los f\u00e1rmacos antidepresivos realmente no combaten la enfermedad, sino que controlan los s\u00edntomas para darle tiempo al organismo a que se recupere del proceso est\u00e1tico, para restablecer la funci\u00f3n conductual.<\/p>\n<p>\u201cEstas enfermedades son los temas favoritos de los chamanes, brujos y magos; del uso de las pulseras de cobra; de las idas al Santo Se\u00f1or de Chalma. Sabemos que hay enfermedades que no tienen tratamiento curativo pero podemos controlar los s\u00edntomas, y hay otras en las que podemos lograr que no lleguen tan mal al final del padecimiento.\u201d<\/p>\n<p>Apunt\u00f3 que apenas se tienen 100 a\u00f1os de conocer c\u00f3mo funcionan las c\u00e9lulas del cerebro, ahora se sabe c\u00f3mo conectan, combinan y comunican a trav\u00e9s de mol\u00e9culas o transmisores. \u201cEn las neuronas est\u00e1n las respuestas\u201d.<\/p>\n","protected":false},"excerpt":{"rendered":"<p><strong><em>Paola Cort\u00e9s.-<\/em><\/strong>La respuesta a la depresi\u00f3n est\u00e1 en las neuronas y no \u00fanicamente en los medicamentos contra esta enfermedad, expuso Carlos Manuel Contreras P\u00e9rez, investigador adscrito al Instituto de Neuroetolog\u00eda de la Universidad Veracruzana (UV) y del Instituto de Investigaciones Biom\u00e9dicas de la Universidad Nacional Aut\u00f3noma de M\u00e9xico (UNAM).<\/p>\n","protected":false},"author":1810,"featured_media":5991,"comment_status":"closed","ping_status":"closed","sticky":false,"template":"","format":"standard","meta":{"footnotes":""},"categories":[1],"tags":[2],"class_list":["post-5990","post","type-post","status-publish","format-standard","has-post-thumbnail","hentry","category-general","tag-principal"],"_links":{"self":[{"href":"https:\/\/www.uv.mx\/prensa\/wp-json\/wp\/v2\/posts\/5990","targetHints":{"allow":["GET"]}}],"collection":[{"href":"https:\/\/www.uv.mx\/prensa\/wp-json\/wp\/v2\/posts"}],"about":[{"href":"https:\/\/www.uv.mx\/prensa\/wp-json\/wp\/v2\/types\/post"}],"author":[{"embeddable":true,"href":"https:\/\/www.uv.mx\/prensa\/wp-json\/wp\/v2\/users\/1810"}],"replies":[{"embeddable":true,"href":"https:\/\/www.uv.mx\/prensa\/wp-json\/wp\/v2\/comments?post=5990"}],"version-history":[{"count":0,"href":"https:\/\/www.uv.mx\/prensa\/wp-json\/wp\/v2\/posts\/5990\/revisions"}],"wp:featuredmedia":[{"embeddable":true,"href":"https:\/\/www.uv.mx\/prensa\/wp-json\/wp\/v2\/media\/5991"}],"wp:attachment":[{"href":"https:\/\/www.uv.mx\/prensa\/wp-json\/wp\/v2\/media?parent=5990"}],"wp:term":[{"taxonomy":"category","embeddable":true,"href":"https:\/\/www.uv.mx\/prensa\/wp-json\/wp\/v2\/categories?post=5990"},{"taxonomy":"post_tag","embeddable":true,"href":"https:\/\/www.uv.mx\/prensa\/wp-json\/wp\/v2\/tags?post=5990"}],"curies":[{"name":"wp","href":"https:\/\/api.w.org\/{rel}","templated":true}]}}