{"id":59844,"date":"2018-12-10T14:41:52","date_gmt":"2018-12-10T20:41:52","guid":{"rendered":"https:\/\/www.uv.mx\/prensa\/?p=59844"},"modified":"2018-12-10T14:56:19","modified_gmt":"2018-12-10T20:56:19","slug":"enfermeria-uv-recibio-reacreditacion-por-su-calidad-educativa","status":"publish","type":"post","link":"https:\/\/www.uv.mx\/prensa\/regiones\/enfermeria-uv-recibio-reacreditacion-por-su-calidad-educativa\/","title":{"rendered":"Enfermer\u00eda recibi\u00f3 reacreditaci\u00f3n de calidad"},"content":{"rendered":"<ul>\n<li><i>Cynthia Ibarra Gonz\u00e1lez, presidenta del <\/i><i>Comace<\/i><i>, subray\u00f3 que el P<\/i><i>rograma <\/i><i>Educativo <\/i><i>cumpli\u00f3 con el 92.9 por ciento de indicadores de calidad<\/i><\/li>\n<li><i>La rectora Sara Ladr\u00f3n de Guevara, destac\u00f3 que con este reconocimiento la meta de tener el 100 por ciento de sus PE acreditados est\u00e1 muy cerca<\/i><\/li>\n<\/ul>\n<ul>\n<li><i>L<\/i><i>a directora de la Faculta<\/i><i>d<\/i><i>, Claudia Enr\u00edquez Gonz\u00e1lez, inform\u00f3 que la acreditaci\u00f3n <\/i><i>tiene<\/i><i> una vigencia de octubre de 2018 a octubre de 2023<\/i><\/li>\n<\/ul>\n<p>&nbsp;<\/p>\n<p>&nbsp;<\/p>\n<div id=\"attachment_59834\" style=\"width: 732px\" class=\"wp-caption aligncenter\"><a href=\"https:\/\/www.uv.mx\/prensa\/files\/2018\/12\/101218-veracruz-acreditacion-enfermeria-1.jpg\"><img loading=\"lazy\" decoding=\"async\" aria-describedby=\"caption-attachment-59834\" class=\"size-full wp-image-59834\" src=\"https:\/\/www.uv.mx\/prensa\/files\/2018\/12\/101218-veracruz-acreditacion-enfermeria-1.jpg\" alt=\"\" width=\"722\" height=\"481\" srcset=\"https:\/\/www.uv.mx\/prensa\/files\/2018\/12\/101218-veracruz-acreditacion-enfermeria-1.jpg 722w, https:\/\/www.uv.mx\/prensa\/files\/2018\/12\/101218-veracruz-acreditacion-enfermeria-1-300x200.jpg 300w\" sizes=\"auto, (max-width: 722px) 100vw, 722px\" \/><\/a><p id=\"caption-attachment-59834\" class=\"wp-caption-text\">El PE de enfermer\u00eda recibi\u00f3 la reacreditaci\u00f3n del <em>Comace<\/em><\/p><\/div>\n<p>&nbsp;<\/p>\n<p><b><i>10\/12\/18, Veracruz, Ver.-<\/i><\/b> El Consejo Mexicano para la Acreditaci\u00f3n de la Enfermer\u00eda, A.C. (<i>C<\/i><i>omace<\/i>), adscrito al Consejo para la Acreditaci\u00f3n de la Educaci\u00f3n Superior, A.C. (<i>C<\/i><i>opaes<\/i>), entreg\u00f3 la reacreditaci\u00f3n al programa educativo (PE) de Enfermer\u00eda de la Universidad Veracruzana (UV), regi\u00f3n Veracruz.<\/p>\n<p>La rectora Sara Ladr\u00f3n de Guevara, destac\u00f3 que con este reconocimiento la UV se acerca a la meta de tener el 100 por ciento de sus PE acreditados, y comparti\u00f3 que en d\u00edas pasados esta casa de estudios recibi\u00f3 un reconocimiento de la Secretar\u00eda de Educaci\u00f3n P\u00fablica (SEP) por tener m\u00e1s del 95 por ciento de matr\u00edcula de calidad.<\/p>\n<p>En una emotiva ceremonia realizada en la Facultad de Enfermer\u00eda el lunes 10 de diciembre, la Rectora estuvo acompa\u00f1ada de autoridades universitarias y felicit\u00f3 a la comunidad de Enfermer\u00eda por su trabajo cotidiano y disciplina, reflejados en el reconocimiento por parte del <i>Comace<\/i>.<\/p>\n<p>Sara Ladr\u00f3n de Guevara inform\u00f3 que la acreditaci\u00f3n otorgada tiene un valor simb\u00f3lico, por la antig\u00fcedad y prestigio de la Facultad de Enfermer\u00eda, adem\u00e1s de un valor acad\u00e9mico e institucional, resultado del trabajo y compromiso de su comunidad.<\/p>\n<p>&nbsp;<\/p>\n<div id=\"attachment_59843\" style=\"width: 732px\" class=\"wp-caption aligncenter\"><a href=\"https:\/\/www.uv.mx\/prensa\/files\/2018\/12\/101218-veracruz-acreditacion-enfermeria-2.jpg\"><img loading=\"lazy\" decoding=\"async\" aria-describedby=\"caption-attachment-59843\" class=\"size-full wp-image-59843\" src=\"https:\/\/www.uv.mx\/prensa\/files\/2018\/12\/101218-veracruz-acreditacion-enfermeria-2.jpg\" alt=\"\" width=\"722\" height=\"482\" srcset=\"https:\/\/www.uv.mx\/prensa\/files\/2018\/12\/101218-veracruz-acreditacion-enfermeria-2.jpg 722w, https:\/\/www.uv.mx\/prensa\/files\/2018\/12\/101218-veracruz-acreditacion-enfermeria-2-300x200.jpg 300w\" sizes=\"auto, (max-width: 722px) 100vw, 722px\" \/><\/a><p id=\"caption-attachment-59843\" class=\"wp-caption-text\">La Rectora de la UV recibi\u00f3 el documento de reacreditaci\u00f3n<\/p><\/div>\n<p>&nbsp;<\/p>\n<p>Record\u00f3 que dicha entidad universitaria fue pionera en la evaluaci\u00f3n de la calidad, obteniendo su primer reconocimiento en 1994 por parte de los Comit\u00e9s Interinstitucionales para la Evaluaci\u00f3n Superior (CIEES); posteriormente, recibieron la acreditaci\u00f3n de <i>Copaes<\/i> y <i>Comace<\/i> en 2001, 2007 y 2013; en 2017 los CIEES evaluaron su calidad educativa y \u201cen 2018 nuevamente la dupla <i>Copaes<\/i>&#8211;<i>Comace<\/i> certific\u00f3 la calidad de la educaci\u00f3n que se imparte a los futuros profesionales de la enfermer\u00eda\u201d, sostuvo la Rectora.<\/p>\n<p>En coincidencia, Cynthia Ibarra Gonz\u00e1lez, presidenta del <i>Comace<\/i>, sostuvo que \u201ceste excelente logro es producto de la suma de esfuerzos\u201d y subray\u00f3 que el PE de Enfermer\u00eda cumpli\u00f3 con el 92.9 por ciento de indicadores de calidad.<\/p>\n<p>\u201cEl proceso que han vivido seguramente les permiti\u00f3 constatar que cuando la meta es com\u00fan, con una buena comunicaci\u00f3n y un buen trabajo colectivo los obst\u00e1culos se vuelven peque\u00f1os\u201d, coment\u00f3.<\/p>\n<p>&nbsp;<\/p>\n<div id=\"attachment_59835\" style=\"width: 732px\" class=\"wp-caption aligncenter\"><a href=\"https:\/\/www.uv.mx\/prensa\/files\/2018\/12\/101218-veracruz-acreditacion-enfermeria-3.jpg\"><img loading=\"lazy\" decoding=\"async\" aria-describedby=\"caption-attachment-59835\" class=\"size-full wp-image-59835\" src=\"https:\/\/www.uv.mx\/prensa\/files\/2018\/12\/101218-veracruz-acreditacion-enfermeria-3.jpg\" alt=\"\" width=\"722\" height=\"482\" srcset=\"https:\/\/www.uv.mx\/prensa\/files\/2018\/12\/101218-veracruz-acreditacion-enfermeria-3.jpg 722w, https:\/\/www.uv.mx\/prensa\/files\/2018\/12\/101218-veracruz-acreditacion-enfermeria-3-300x200.jpg 300w\" sizes=\"auto, (max-width: 722px) 100vw, 722px\" \/><\/a><p id=\"caption-attachment-59835\" class=\"wp-caption-text\">Claudia Enr\u00edquez agradeci\u00f3 el trabajo de toda la comunidad de Enfermer\u00eda<\/p><\/div>\n<p>&nbsp;<\/p>\n<p>Ibarra Gonz\u00e1lez finalmente exhort\u00f3 a estudiantes, profesores, investigadores, personal de apoyo y directivos, a seguir elevando la calidad del programa de licenciatura y a continuar dignificando esta profesi\u00f3n y a esta honorable instituci\u00f3n.<\/p>\n<p>Por su parte, la directora de la Facultad de Enfermer\u00eda, Claudia Enr\u00edquez Gonz\u00e1lez, inform\u00f3 que la acreditaci\u00f3n certifica la calidad educativa con una vigencia de octubre de 2018 a octubre de 2023.<\/p>\n<p>&nbsp;<\/p>\n<div id=\"attachment_59836\" style=\"width: 732px\" class=\"wp-caption aligncenter\"><a href=\"https:\/\/www.uv.mx\/prensa\/files\/2018\/12\/101218-veracruz-acreditacion-enfermeria-4.jpg\"><img loading=\"lazy\" decoding=\"async\" aria-describedby=\"caption-attachment-59836\" class=\"size-full wp-image-59836\" src=\"https:\/\/www.uv.mx\/prensa\/files\/2018\/12\/101218-veracruz-acreditacion-enfermeria-4.jpg\" alt=\"\" width=\"722\" height=\"482\" srcset=\"https:\/\/www.uv.mx\/prensa\/files\/2018\/12\/101218-veracruz-acreditacion-enfermeria-4.jpg 722w, https:\/\/www.uv.mx\/prensa\/files\/2018\/12\/101218-veracruz-acreditacion-enfermeria-4-300x200.jpg 300w\" sizes=\"auto, (max-width: 722px) 100vw, 722px\" \/><\/a><p id=\"caption-attachment-59836\" class=\"wp-caption-text\">Sara Ladr\u00f3n de Guevara felicit\u00f3 a la comunidad por su esfuerzo y compromiso<\/p><\/div>\n<p>&nbsp;<\/p>\n<p>Tambi\u00e9n refrend\u00f3 el compromiso de toda la comunidad por mantener los est\u00e1ndares de calidad y continuar brindando certidumbre social y profesional a los egresados de Enfermer\u00eda.<\/p>\n<p>La Rectora, la Presidenta del <i>Comace<\/i> y la Directora de la Facultad celebraron la reacreditaci\u00f3n del PE junto con las autoridades universitarias: Mar\u00eda Magdalena Hern\u00e1ndez Alarc\u00f3n, secretaria Acad\u00e9mica; Octavio Ochoa Contreras, secretario de Desarrollo Institucional; Alfonso Gerardo P\u00e9rez Morales, vicerrector de la regi\u00f3n Veracruz; Pedro Guti\u00e9rrez Aguilar, director general del \u00c1rea Acad\u00e9mica de Ciencias de la Salud; Laura Elena Mart\u00ednez M\u00e1rquez, directora de Planeaci\u00f3n Institucional, y Ulises Aguirre Orozco, secretario Acad\u00e9mico regional.<\/p>\n<p>&nbsp;<\/p>\n<div id=\"attachment_59838\" style=\"width: 732px\" class=\"wp-caption aligncenter\"><a href=\"https:\/\/www.uv.mx\/prensa\/files\/2018\/12\/101218-veracruz-acreditacion-enfermeria-5.jpg\"><img loading=\"lazy\" decoding=\"async\" aria-describedby=\"caption-attachment-59838\" class=\"size-full wp-image-59838\" src=\"https:\/\/www.uv.mx\/prensa\/files\/2018\/12\/101218-veracruz-acreditacion-enfermeria-5.jpg\" alt=\"\" width=\"722\" height=\"482\" srcset=\"https:\/\/www.uv.mx\/prensa\/files\/2018\/12\/101218-veracruz-acreditacion-enfermeria-5.jpg 722w, https:\/\/www.uv.mx\/prensa\/files\/2018\/12\/101218-veracruz-acreditacion-enfermeria-5-300x200.jpg 300w\" sizes=\"auto, (max-width: 722px) 100vw, 722px\" \/><\/a><p id=\"caption-attachment-59838\" class=\"wp-caption-text\">La comunidad de Enfermer\u00eda durante la entrega de reacreditaci\u00f3n<\/p><\/div>\n","protected":false},"excerpt":{"rendered":"<p>Nuevamente el Consejo Mexicano para la Acreditaci\u00f3n de la Enfermer\u00eda, adscrito al Consejo para la Acreditaci\u00f3n de la Educaci\u00f3n Superior, certific\u00f3 la calidad de la educaci\u00f3n que se imparte a los futuros profesionales de la enfermer\u00eda<\/p>\n","protected":false},"author":1869,"featured_media":59849,"comment_status":"closed","ping_status":"closed","sticky":false,"template":"","format":"standard","meta":{"footnotes":""},"categories":[61,32,55],"tags":[],"class_list":["post-59844","post","type-post","status-publish","format-standard","has-post-thumbnail","hentry","category-banner","category-regiones","category-veracruz"],"_links":{"self":[{"href":"https:\/\/www.uv.mx\/prensa\/wp-json\/wp\/v2\/posts\/59844","targetHints":{"allow":["GET"]}}],"collection":[{"href":"https:\/\/www.uv.mx\/prensa\/wp-json\/wp\/v2\/posts"}],"about":[{"href":"https:\/\/www.uv.mx\/prensa\/wp-json\/wp\/v2\/types\/post"}],"author":[{"embeddable":true,"href":"https:\/\/www.uv.mx\/prensa\/wp-json\/wp\/v2\/users\/1869"}],"replies":[{"embeddable":true,"href":"https:\/\/www.uv.mx\/prensa\/wp-json\/wp\/v2\/comments?post=59844"}],"version-history":[{"count":0,"href":"https:\/\/www.uv.mx\/prensa\/wp-json\/wp\/v2\/posts\/59844\/revisions"}],"wp:featuredmedia":[{"embeddable":true,"href":"https:\/\/www.uv.mx\/prensa\/wp-json\/wp\/v2\/media\/59849"}],"wp:attachment":[{"href":"https:\/\/www.uv.mx\/prensa\/wp-json\/wp\/v2\/media?parent=59844"}],"wp:term":[{"taxonomy":"category","embeddable":true,"href":"https:\/\/www.uv.mx\/prensa\/wp-json\/wp\/v2\/categories?post=59844"},{"taxonomy":"post_tag","embeddable":true,"href":"https:\/\/www.uv.mx\/prensa\/wp-json\/wp\/v2\/tags?post=59844"}],"curies":[{"name":"wp","href":"https:\/\/api.w.org\/{rel}","templated":true}]}}