{"id":59708,"date":"2018-12-10T09:00:39","date_gmt":"2018-12-10T15:00:39","guid":{"rendered":"https:\/\/www.uv.mx\/prensa\/?p=59708"},"modified":"2018-12-10T09:59:59","modified_gmt":"2018-12-10T15:59:59","slug":"escuela-para-estudiantes-extranjeros-incremento-matricula-en-el-ultimo-periodo","status":"publish","type":"post","link":"https:\/\/www.uv.mx\/prensa\/general\/escuela-para-estudiantes-extranjeros-incremento-matricula-en-el-ultimo-periodo\/","title":{"rendered":"Escuela para Estudiantes Extranjeros increment\u00f3 matr\u00edcula en el \u00faltimo periodo"},"content":{"rendered":"<ul>\n<li><i>Se llev\u00f3 a cabo el <\/i><i>Informe 2017-2018 de la Direcci\u00f3n<\/i><\/li>\n<li><i>Trabaja para la creaci\u00f3n de un diplomado y una licenciatura en espa\u00f1ol<\/i><i>,<\/i><i> as\u00ed como en la rehabilitaci\u00f3n y mantenimiento de su infraestructura<\/i><\/li>\n<\/ul>\n<p>&nbsp;<\/p>\n<div id=\"attachment_59631\" style=\"width: 732px\" class=\"wp-caption aligncenter\"><a href=\"https:\/\/www.uv.mx\/prensa\/files\/2018\/12\/051218-DAVID-Informe-de-actividades-de-la-EEE-1.jpg\"><img loading=\"lazy\" decoding=\"async\" aria-describedby=\"caption-attachment-59631\" class=\"size-full wp-image-59631\" src=\"https:\/\/www.uv.mx\/prensa\/files\/2018\/12\/051218-DAVID-Informe-de-actividades-de-la-EEE-1.jpg\" alt=\"\" width=\"722\" height=\"481\" srcset=\"https:\/\/www.uv.mx\/prensa\/files\/2018\/12\/051218-DAVID-Informe-de-actividades-de-la-EEE-1.jpg 722w, https:\/\/www.uv.mx\/prensa\/files\/2018\/12\/051218-DAVID-Informe-de-actividades-de-la-EEE-1-300x200.jpg 300w\" sizes=\"auto, (max-width: 722px) 100vw, 722px\" \/><\/a><p id=\"caption-attachment-59631\" class=\"wp-caption-text\">Celia Contreras, directora de la EEE, rindi\u00f3 su primer informe de actividades<\/p><\/div>\n<p>&nbsp;<\/p>\n<p><b><i>David Sandoval Rodr\u00edguez<\/i><\/b><\/p>\n<p><b><i>10\/12\/<\/i><\/b><b><i>18<\/i><\/b><b><i>,<\/i><\/b><b><i> Xalapa, Ver.- <\/i><\/b>En el periodo del 26 de octubre de 2017 a noviembre del presente a\u00f1o, la <a href=\"https:\/\/www.uv.mx\/eee\/\">Escuela para Estudiantes Extranjeros<\/a> (EEE) de la Universidad Veracruzana (UV) increment\u00f3 su oferta educativa y el n\u00famero de estudiantes, y adem\u00e1s trabaja en la rehabilitaci\u00f3n de sus instalaciones, expres\u00f3 la directora Celia Cristina Contreras Asturias, al rendir su primer informe de actividades el mi\u00e9rcoles 5 de diciembre.<\/p>\n<p>Coment\u00f3 que \u00e9ste es un primer a\u00f1o de aprendizaje y de compromiso para mejorar y superar las expectativas en 2019. En el mismo sentido, manifest\u00f3 y entreg\u00f3 un reconocimiento particular a todo el personal acad\u00e9mico, administrativo y de apoyo.<\/p>\n<p>Mario Oliva Su\u00e1rez, titular de la Direcci\u00f3n General de Relaciones Internacionales (DGRI), destac\u00f3 el trabajo de Contreras Asturias en un \u201ca\u00f1o at\u00edpico\u201d, en el cual hubo un incremento significativo en la oferta de programas y experiencias educativas.<\/p>\n<p>\u201cRealmente hemos ampliado la oferta educativa y, a la par, analizado hacia d\u00f3nde se puede expandir\u201d, coment\u00f3 Oliva Su\u00e1rez, quien adelant\u00f3 que se ha fortalecido la relaci\u00f3n con universidades chinas a trav\u00e9s del <a href=\"https:\/\/www.uv.mx\/chinaveracruz\">Centro de Estudios China-Veracruz<\/a> (<i>Cechiver<\/i>) y para 2019 se espera la visita de una delegaci\u00f3n de estudiantes de universidades rusas.<\/p>\n<p>Resalt\u00f3 la inversi\u00f3n realizada para la recuperaci\u00f3n del patrimonio que significa la EEE para la Universidad y reconoci\u00f3 que se debe seguir trabajando en la creaci\u00f3n de opciones educativas en l\u00ednea.<\/p>\n<p>Por su parte, la Directora de la EEE precis\u00f3 que aument\u00f3 el n\u00famero de cursos de espa\u00f1ol, de habilidades espec\u00edficas, talleres en todos los niveles, literatura mexicana, as\u00ed como la oferta de cursos de formaci\u00f3n integral, de m\u00fasica veracruzana, cocina mexicana, yoga, n\u00e1huatl, bailes latinos, manualidades.<\/p>\n<p>Asimismo, se cre\u00f3 el proyecto de impartici\u00f3n de talleres libres en el Centro de Autoacceso con el apoyo de los prestadores de servicio social; talleres de lectura en voz alta, cuenta-cuentos, fotograf\u00eda y otros que surgen a partir de la demanda de los estudiantes extranjeros.<\/p>\n<p>Se ampli\u00f3 la oferta educativa del Programa de Estudios de Am\u00e9rica del Norte (PEAN) en periodos intersemestrales dentro del \u00c1rea de Formaci\u00f3n de Elecci\u00f3n Libre (AFEL).<\/p>\n<p>&nbsp;<\/p>\n<div id=\"attachment_59633\" style=\"width: 732px\" class=\"wp-caption aligncenter\"><a href=\"https:\/\/www.uv.mx\/prensa\/files\/2018\/12\/051218-DAVID-Informe-de-actividades-de-la-EEE-2.jpg\"><img loading=\"lazy\" decoding=\"async\" aria-describedby=\"caption-attachment-59633\" class=\"size-full wp-image-59633\" src=\"https:\/\/www.uv.mx\/prensa\/files\/2018\/12\/051218-DAVID-Informe-de-actividades-de-la-EEE-2.jpg\" alt=\"\" width=\"722\" height=\"481\" srcset=\"https:\/\/www.uv.mx\/prensa\/files\/2018\/12\/051218-DAVID-Informe-de-actividades-de-la-EEE-2.jpg 722w, https:\/\/www.uv.mx\/prensa\/files\/2018\/12\/051218-DAVID-Informe-de-actividades-de-la-EEE-2-300x200.jpg 300w\" sizes=\"auto, (max-width: 722px) 100vw, 722px\" \/><\/a><p id=\"caption-attachment-59633\" class=\"wp-caption-text\">Se entregaron reconocimientos al personal acad\u00e9mico, administrativo y de apoyo de la dependencia<\/p><\/div>\n<p>&nbsp;<\/p>\n<p>En total, a las actividades detalladas por la titular de la EEE han asistido un total de 480 estudiantes a los diversos cursos ofertados durante el periodo ante citado.<\/p>\n<p>Hay en marcha proyectos de vinculaci\u00f3n y extensi\u00f3n con las facultades de Artes Pl\u00e1sticas, Pedagog\u00eda, Idiomas, los Centros de Idiomas de Xalapa y Coatzacoalcos, el Instituto de Investigaciones en Educaci\u00f3n (IIE), la Universidad Tecnol\u00f3gica de Guti\u00e9rrez Zamora, el Instituto de Ense\u00f1anza de Lenguas Extranjeras en Acayucan y el Centro de Idiomas y Cultura de Banderilla, entre otros.<\/p>\n<p>En cuanto al fortalecimiento acad\u00e9mico, se apoy\u00f3 la presentaci\u00f3n de ponencias y asistencias a eventos en Brasil, Irlanda y Argentina.<\/p>\n<p>Respecto a la innovaci\u00f3n en la generaci\u00f3n del conocimiento y sus aplicaciones, Contreras Asturias detall\u00f3 que \u201cse contin\u00faa trabajando en el proyecto de implementaci\u00f3n en l\u00ednea del Diplomado en Did\u00e1ctica del Espa\u00f1ol como Lengua Extranjera, con el apoyo de la Direcci\u00f3n del Sistema de Ense\u00f1anza Abierta (SEA)\u201d.<\/p>\n<p>Inici\u00f3 la planeaci\u00f3n para la creaci\u00f3n de una licenciatura en espa\u00f1ol en l\u00ednea, con la gu\u00eda de la Direcci\u00f3n General de Desarrollo Acad\u00e9mico e Innovaci\u00f3n Educativa (DGDAIE).<\/p>\n<p>Se trabaja con la Universidad de Changzhou de China para la elaboraci\u00f3n de una gu\u00eda intercultural M\u00e9xico-China, en colaboraci\u00f3n con acad\u00e9micos de dicha universidad y el <i>Cechiver<\/i>, la EEE, el Centro de Idiomas, la Facultad de Idiomas y la Facultad de Letras Espa\u00f1olas.<\/p>\n<p>Al d\u00eda de hoy est\u00e1n registrados cuatro proyectos de vinculaci\u00f3n en el Sistema de Informaci\u00f3n para la Vinculaci\u00f3n Universitaria (SIVU), as\u00ed como un proyecto de investigaci\u00f3n en el Sistema de Registro y Evaluaci\u00f3n de la Investigaci\u00f3n (<i>S<\/i><i>irei<\/i>).<\/p>\n<p>En el rubro de gesti\u00f3n flexible y transparente en el apoyo a funciones sustantivas, destac\u00f3 la colaboraci\u00f3n estrecha con la DGRI para la obtenci\u00f3n de recursos para el mejoramiento de la infraestructura y mobiliario, contando con el apoyo de la Secretar\u00eda Acad\u00e9mica y la Rector\u00eda; en ese sentido se dio mantenimiento y reparaci\u00f3n a las instalaciones, y habilitado diversos espacios.<\/p>\n<p>Detall\u00f3 que los fondos generados por las experiencias educativas, talleres y cursos autofinanciables e intersemestrales resultan en un ingreso neto de un mill\u00f3n 312 mil 828 pesos, y un egreso total por 850 mil 775 pesos, por lo cual se obtuvo un remanente de 462 mil 52 pesos.<\/p>\n<p>Contreras Asturias expres\u00f3 un agradecimiento a la rectora Sara Ladr\u00f3n de Guevara por su solidaridad y apoyo a las necesidades de mantenimiento e infraestructura de la EEE al otorgar 320 mil pesos, gestionados a trav\u00e9s de la Secretar\u00eda de Administraci\u00f3n y Finanzas, para la segunda etapa de mejoramiento de las instalaciones.<\/p>\n<p>&nbsp;<\/p>\n<div id=\"attachment_59635\" style=\"width: 732px\" class=\"wp-caption aligncenter\"><a href=\"https:\/\/www.uv.mx\/prensa\/files\/2018\/12\/051218-DAVID-Informe-de-actividades-de-la-EEE-3.jpg\"><img loading=\"lazy\" decoding=\"async\" aria-describedby=\"caption-attachment-59635\" class=\"size-full wp-image-59635\" src=\"https:\/\/www.uv.mx\/prensa\/files\/2018\/12\/051218-DAVID-Informe-de-actividades-de-la-EEE-3.jpg\" alt=\"\" width=\"722\" height=\"481\" srcset=\"https:\/\/www.uv.mx\/prensa\/files\/2018\/12\/051218-DAVID-Informe-de-actividades-de-la-EEE-3.jpg 722w, https:\/\/www.uv.mx\/prensa\/files\/2018\/12\/051218-DAVID-Informe-de-actividades-de-la-EEE-3-300x200.jpg 300w\" sizes=\"auto, (max-width: 722px) 100vw, 722px\" \/><\/a><p id=\"caption-attachment-59635\" class=\"wp-caption-text\">Acad\u00e9micos y directivos de otras entidades universitarias acompa\u00f1aron a la Directora de la EEE<\/p><\/div>\n","protected":false},"excerpt":{"rendered":"<p>Mario Oliva Su\u00e1rez, titular de la Direcci\u00f3n General de Relaciones Internacionales, destac\u00f3 el trabajo de Celia Contreras Asturias como directora de la Escuela para Estudiantes Extranjeros<\/p>\n","protected":false},"author":1508,"featured_media":59631,"comment_status":"closed","ping_status":"closed","sticky":false,"template":"","format":"standard","meta":{"footnotes":""},"categories":[1],"tags":[],"class_list":["post-59708","post","type-post","status-publish","format-standard","has-post-thumbnail","hentry","category-general"],"_links":{"self":[{"href":"https:\/\/www.uv.mx\/prensa\/wp-json\/wp\/v2\/posts\/59708","targetHints":{"allow":["GET"]}}],"collection":[{"href":"https:\/\/www.uv.mx\/prensa\/wp-json\/wp\/v2\/posts"}],"about":[{"href":"https:\/\/www.uv.mx\/prensa\/wp-json\/wp\/v2\/types\/post"}],"author":[{"embeddable":true,"href":"https:\/\/www.uv.mx\/prensa\/wp-json\/wp\/v2\/users\/1508"}],"replies":[{"embeddable":true,"href":"https:\/\/www.uv.mx\/prensa\/wp-json\/wp\/v2\/comments?post=59708"}],"version-history":[{"count":0,"href":"https:\/\/www.uv.mx\/prensa\/wp-json\/wp\/v2\/posts\/59708\/revisions"}],"wp:featuredmedia":[{"embeddable":true,"href":"https:\/\/www.uv.mx\/prensa\/wp-json\/wp\/v2\/media\/59631"}],"wp:attachment":[{"href":"https:\/\/www.uv.mx\/prensa\/wp-json\/wp\/v2\/media?parent=59708"}],"wp:term":[{"taxonomy":"category","embeddable":true,"href":"https:\/\/www.uv.mx\/prensa\/wp-json\/wp\/v2\/categories?post=59708"},{"taxonomy":"post_tag","embeddable":true,"href":"https:\/\/www.uv.mx\/prensa\/wp-json\/wp\/v2\/tags?post=59708"}],"curies":[{"name":"wp","href":"https:\/\/api.w.org\/{rel}","templated":true}]}}