{"id":59696,"date":"2018-12-12T09:00:39","date_gmt":"2018-12-12T15:00:39","guid":{"rendered":"https:\/\/www.uv.mx\/prensa\/?p=59696"},"modified":"2018-12-12T11:00:06","modified_gmt":"2018-12-12T17:00:06","slug":"premio-arte-ciencia-luz-impulsa-investigacion-de-calidad-tamara-semeria","status":"publish","type":"post","link":"https:\/\/www.uv.mx\/prensa\/banner\/premio-arte-ciencia-luz-impulsa-investigacion-de-calidad-tamara-semeria\/","title":{"rendered":"Premio \u201cArte, Ciencia, Luz\u201d impulsa investigaci\u00f3n de calidad: Tamara Semeria"},"content":{"rendered":"<ul>\n<li><i>La egresada<\/i> <i>de la Facultad de <\/i><i>Bioan\u00e1lisis<\/i> <i>gan\u00f3 el premio que entrega la UV, <\/i><i>en la categor\u00eda de <\/i><i>L<\/i><i>icenciatura<\/i><\/li>\n<li><i>\u201cN<\/i><i>o <\/i><i>debemos hacer<\/i><i> tesis <\/i><i>s\u00f3lo <\/i><i>por titular<\/i><i>nos<\/i><i>, si<\/i><i>no para generar conocimiento <\/i><i>para<\/i> <i>nosotros<\/i> <i>y<\/i> <i>para<\/i><i> los dem\u00e1s<\/i><i>\u201d<\/i><\/li>\n<\/ul>\n<p>&nbsp;<\/p>\n<div id=\"attachment_59317\" style=\"width: 732px\" class=\"wp-caption aligncenter\"><a href=\"https:\/\/www.uv.mx\/prensa\/files\/2018\/11\/291118-PAOLA-Entrevista-Tamara-Semeria-1-e1544146552916.jpg\"><img loading=\"lazy\" decoding=\"async\" aria-describedby=\"caption-attachment-59317\" class=\"size-full wp-image-59317\" src=\"https:\/\/www.uv.mx\/prensa\/files\/2018\/11\/291118-PAOLA-Entrevista-Tamara-Semeria-1-e1544146552916.jpg\" alt=\"\" width=\"722\" height=\"541\" srcset=\"https:\/\/www.uv.mx\/prensa\/files\/2018\/11\/291118-PAOLA-Entrevista-Tamara-Semeria-1-e1544146552916.jpg 722w, https:\/\/www.uv.mx\/prensa\/files\/2018\/11\/291118-PAOLA-Entrevista-Tamara-Semeria-1-e1544146552916-300x225.jpg 300w\" sizes=\"auto, (max-width: 722px) 100vw, 722px\" \/><\/a><p id=\"caption-attachment-59317\" class=\"wp-caption-text\">Tamara Amneris Semeria<\/p><\/div>\n<p>&nbsp;<\/p>\n<p><b><i>Paola Cort\u00e9s P\u00e9rez<\/i><\/b><\/p>\n<p><b><i>12<\/i><\/b><b><i>\/12\/18, Xalapa, Ver.-<\/i><\/b> Tamara Amneris Semeria Maitre, egresada de la Licenciatura en Qu\u00edmica Cl\u00ednica de la <a href=\"https:\/\/www.uv.mx\/bioanalisis\/\">Facultad de Bioan\u00e1lisis de la Universidad Veracruzana<\/a> (UV), expres\u00f3 que estudi\u00f3 este programa educativo (PE) porque quiere mejorar los mecanismos de diagn\u00f3stico y con ello impactar positivamente en los tratamientos m\u00e9dicos.<\/p>\n<p>La universitaria gan\u00f3 el Premio \u201cArte, Ciencia, Luz\u201d 2018, en la categor\u00eda de Licenciatura, con la tesis \u201cEstudio comparativo de la inmovilizaci\u00f3n de la lipasa termoalcal\u00f3fila recombinante LipMatCCR11 de Geobacillus thermoleovorans CCR11 por dos m\u00e9todos de inmovilizaci\u00f3n\u201d.<\/p>\n<p>Coment\u00f3 que le interes\u00f3 estudiar Qu\u00edmica Cl\u00ednica para explicar c\u00f3mo tener un buen diagn\u00f3stico que impacte positivamente en el tratamiento m\u00e9dico.<\/p>\n<p>\u201cLa Facultad tiene un buen nivel acad\u00e9mico, mis maestros son personas muy preparadas en sus \u00e1reas de investigaci\u00f3n, esto me ayud\u00f3 a saber lo que realmente me gusta: hacer investigaci\u00f3n.\u201d<\/p>\n<p>Al concluir sus estudios de licenciatura, continu\u00f3 con su formaci\u00f3n profesional e ingres\u00f3 al posgrado en Biotecnolog\u00eda Aplicada en el Centro de Investigaci\u00f3n en Biotecnolog\u00eda Aplicada (CIBA) del Instituto Polit\u00e9cnico Nacional (IPN) Unidad Tlaxcala.<\/p>\n<p>Coment\u00f3 que se enter\u00f3 del Premio \u201cArte, Ciencia, Luz\u201d a trav\u00e9s de la p\u00e1gina de la UV y decidi\u00f3 inscribir su tesis. \u201cEstuve a la espera de que publicaran los resultados, la chequ\u00e9 y ah\u00ed estaba el t\u00edtulo de mi tesis, hab\u00eda sido premiada\u201d.<\/p>\n<p>Dijo que recibir un reconocimiento por parte de su alma m\u00e1ter la hace sentir orgullosa a nivel personal, y a nivel profesional eleva sus est\u00e1ndares para desarrollar su pr\u00f3xima investigaci\u00f3n de tesis.<\/p>\n<p>\u201cMe parece que este premio es un gran est\u00edmulo para los egresados, a nivel profesional y personal, ya que nos impulsa a ser mejores. En mi caso, me dan ganas de seguir esforz\u00e1ndome y realizar mejores trabajos.\u201d<\/p>\n<p>&nbsp;<\/p>\n<div id=\"attachment_59318\" style=\"width: 732px\" class=\"wp-caption aligncenter\"><a href=\"https:\/\/www.uv.mx\/prensa\/files\/2018\/11\/291118-PAOLA-Entrevista-Tamara-Semeria-2.jpg\"><img loading=\"lazy\" decoding=\"async\" aria-describedby=\"caption-attachment-59318\" class=\"size-full wp-image-59318\" src=\"https:\/\/www.uv.mx\/prensa\/files\/2018\/11\/291118-PAOLA-Entrevista-Tamara-Semeria-2.jpg\" alt=\"\" width=\"722\" height=\"542\" srcset=\"https:\/\/www.uv.mx\/prensa\/files\/2018\/11\/291118-PAOLA-Entrevista-Tamara-Semeria-2.jpg 722w, https:\/\/www.uv.mx\/prensa\/files\/2018\/11\/291118-PAOLA-Entrevista-Tamara-Semeria-2-300x225.jpg 300w\" sizes=\"auto, (max-width: 722px) 100vw, 722px\" \/><\/a><p id=\"caption-attachment-59318\" class=\"wp-caption-text\">Su investigaci\u00f3n se enfoc\u00f3 en el mejoramiento del diagn\u00f3stico de triglic\u00e9ridos en la sangre<\/p><\/div>\n<p>&nbsp;<\/p>\n<p><b>G<\/b><b>enerar m\u00e1s conocimiento<\/b><\/p>\n<p>Tamara Amneris dijo que las tesis no deben ser vistas s\u00f3lo como un requisito para titularse, sino como generadoras de conocimiento que ser\u00e1 ben\u00e9fico para los estudiantes, la Universidad y la sociedad.<\/p>\n<p>\u201cA los compa\u00f1eros que pr\u00f3ximamente har\u00e1n su tesis y a los que apenas ingresaron, les dir\u00eda que escojan un tema que les apasione y no escatimen en el tiempo que le dedicar\u00e1n, que busquen que su trabajo sea de calidad para que sea un referente confiable para los compa\u00f1eros de sus \u00e1reas.\u201d<\/p>\n<p>Respecto de la investigaci\u00f3n que desarroll\u00f3, dijo que decidi\u00f3 abordar este tema a nivel pr\u00e1ctico. Consiste en la inmovilizaci\u00f3n de una lipasa (enzima similar a la que tiene nuestro organismo para disgregar las grasas de los alimentos de manera que se puedan absorber) que es resistente a temperaturas por arriba de 37 grados cent\u00edgrados y a pH alcalinos.<\/p>\n<p>\u201cSe trata de inmovilizar una enzima. Inmovilizar quiere decir atrapar a una enzima o cualquier mol\u00e9cula en alg\u00fan espacio f\u00edsico o confinarla en un solo lugar, que se quede ah\u00ed y no se mueva.\u201d<\/p>\n<p>La enzima que se emple\u00f3 en este caso fue una lipasa proveniente de una bacteria que es estable a temperaturas mayores a las del cuerpo humano (37 grados cent\u00edgrados).<\/p>\n<p>Explic\u00f3 que para inmovilizar la lipasa se emplearon dos m\u00e9todos diferentes de inmovilizaci\u00f3n o confinamiento: un soporte, material que actuaba como una red y conten\u00eda la enzima; y el segundo consisti\u00f3 en la \u201cconstrucci\u00f3n\u201d de una red a trav\u00e9s de la uni\u00f3n de lipasas entre s\u00ed o con otras mol\u00e9culas, para atrapar la lipasa.<\/p>\n<p>\u201cEstos m\u00e9todos nos ayudan a observar la afectaci\u00f3n de la capacidad y funcionalidad de la lipasa al degradar grasas, y elegir el que nos diera m\u00e1s ventajas al compararlos entre s\u00ed o con enzima sin inmovilizar.\u201d<\/p>\n<p>Tambi\u00e9n buscaba que el procedimiento se realizara a un costo menor, que incrementar\u00e1 la capacidad de degradaci\u00f3n de grasas, darle una mejor resistencia durante el uso y estabilidad durante el tiempo (una especie de vida de anaquel o fecha de caducidad prolongada).<\/p>\n<p>Se\u00f1al\u00f3 que las lipasas son importantes para la qu\u00edmica cl\u00ednica porque ayudan a diagnosticar los triglic\u00e9ridos elevados en la sangre de una persona.<\/p>\n<p>Actualmente las lipasas empleadas para diagn\u00f3sticos son desechadas, por lo que para abaratar los costos de los ex\u00e1menes cl\u00ednicos se usan biosensores, como el de la glucosa.<\/p>\n<p>\u201cCuando alguna persona se hace un examen r\u00e1pido de az\u00facar, se realiza con un aparato peque\u00f1o de bolsillo, se pincha el dedo y sale el valor de az\u00facar o glucosa en ese momento; \u00e9se es un biosensor y se pueden construir para decirnos el nivel de triglic\u00e9ridos o grasa que tenemos en la sangre.<\/p>\n<p>\u201dEste trabajo es s\u00f3lo la punta del <i>iceberg<\/i> de lo que en el futuro podr\u00eda convertirse en un aparato similar al gluc\u00f3metro, adem\u00e1s generar\u00edamos menos desperdicios porque no se desechar\u00edan muchas tiras que son usadas en el laboratorio cl\u00ednico.\u201d<\/p>\n<p>De tal manera, destac\u00f3 que su investigaci\u00f3n es el primer paso para desarrollar en un futuro un biosensor que se emplee para la determinaci\u00f3n de triglic\u00e9ridos, lo que abaratar\u00eda su diagn\u00f3stico y los reactivos ser\u00edan m\u00e1s durables.<\/p>\n<p>&nbsp;<\/p>\n<div id=\"attachment_59319\" style=\"width: 732px\" class=\"wp-caption aligncenter\"><a href=\"https:\/\/www.uv.mx\/prensa\/files\/2018\/11\/291118-PAOLA-Entrevista-Tamara-Semeria-3.jpg\"><img loading=\"lazy\" decoding=\"async\" aria-describedby=\"caption-attachment-59319\" class=\"size-full wp-image-59319\" src=\"https:\/\/www.uv.mx\/prensa\/files\/2018\/11\/291118-PAOLA-Entrevista-Tamara-Semeria-3.jpg\" alt=\"\" width=\"722\" height=\"518\" srcset=\"https:\/\/www.uv.mx\/prensa\/files\/2018\/11\/291118-PAOLA-Entrevista-Tamara-Semeria-3.jpg 722w, https:\/\/www.uv.mx\/prensa\/files\/2018\/11\/291118-PAOLA-Entrevista-Tamara-Semeria-3-300x215.jpg 300w\" sizes=\"auto, (max-width: 722px) 100vw, 722px\" \/><\/a><p id=\"caption-attachment-59319\" class=\"wp-caption-text\">Inmovilizaci\u00f3n de la lipasa, enzima que degrada la grasa<\/p><\/div>\n","protected":false},"excerpt":{"rendered":"<p>La egresada de la Facultad de Bioan\u00e1lisis gan\u00f3 el premio que entrega la UV, en la categor\u00eda de Licenciatura<\/p>\n","protected":false},"author":1508,"featured_media":59941,"comment_status":"closed","ping_status":"closed","sticky":false,"template":"","format":"standard","meta":{"footnotes":""},"categories":[61],"tags":[],"class_list":["post-59696","post","type-post","status-publish","format-standard","has-post-thumbnail","hentry","category-banner"],"_links":{"self":[{"href":"https:\/\/www.uv.mx\/prensa\/wp-json\/wp\/v2\/posts\/59696","targetHints":{"allow":["GET"]}}],"collection":[{"href":"https:\/\/www.uv.mx\/prensa\/wp-json\/wp\/v2\/posts"}],"about":[{"href":"https:\/\/www.uv.mx\/prensa\/wp-json\/wp\/v2\/types\/post"}],"author":[{"embeddable":true,"href":"https:\/\/www.uv.mx\/prensa\/wp-json\/wp\/v2\/users\/1508"}],"replies":[{"embeddable":true,"href":"https:\/\/www.uv.mx\/prensa\/wp-json\/wp\/v2\/comments?post=59696"}],"version-history":[{"count":0,"href":"https:\/\/www.uv.mx\/prensa\/wp-json\/wp\/v2\/posts\/59696\/revisions"}],"wp:featuredmedia":[{"embeddable":true,"href":"https:\/\/www.uv.mx\/prensa\/wp-json\/wp\/v2\/media\/59941"}],"wp:attachment":[{"href":"https:\/\/www.uv.mx\/prensa\/wp-json\/wp\/v2\/media?parent=59696"}],"wp:term":[{"taxonomy":"category","embeddable":true,"href":"https:\/\/www.uv.mx\/prensa\/wp-json\/wp\/v2\/categories?post=59696"},{"taxonomy":"post_tag","embeddable":true,"href":"https:\/\/www.uv.mx\/prensa\/wp-json\/wp\/v2\/tags?post=59696"}],"curies":[{"name":"wp","href":"https:\/\/api.w.org\/{rel}","templated":true}]}}