{"id":59666,"date":"2018-12-08T09:00:13","date_gmt":"2018-12-08T15:00:13","guid":{"rendered":"https:\/\/www.uv.mx\/prensa\/?p=59666"},"modified":"2018-12-10T10:56:38","modified_gmt":"2018-12-10T16:56:38","slug":"ejercitarse-ayuda-a-clarificar-la-mente-jose-francisco-baez","status":"publish","type":"post","link":"https:\/\/www.uv.mx\/prensa\/deportes\/ejercitarse-ayuda-a-clarificar-la-mente-jose-francisco-baez\/","title":{"rendered":"Ejercitarse ayuda a clarificar la mente: Jos\u00e9 Francisco B\u00e1ez"},"content":{"rendered":"<ul>\n<li><em>El investigador adscrito al Instituto de Investigaciones Jur\u00eddicas practica carreras de fondo y busca participar en la Ultra Trail de Mont-Blanc, Francia<\/em><\/li>\n<\/ul>\n<p>&nbsp;<\/p>\n<div id=\"attachment_59557\" style=\"width: 732px\" class=\"wp-caption aligncenter\"><a href=\"https:\/\/www.uv.mx\/prensa\/files\/2018\/12\/051218-Entrevista-a-Baez-Corona-1-100k.jpg\"><img loading=\"lazy\" decoding=\"async\" aria-describedby=\"caption-attachment-59557\" class=\"size-full wp-image-59557\" src=\"https:\/\/www.uv.mx\/prensa\/files\/2018\/12\/051218-Entrevista-a-Baez-Corona-1-100k.jpg\" alt=\"\" width=\"722\" height=\"482\" srcset=\"https:\/\/www.uv.mx\/prensa\/files\/2018\/12\/051218-Entrevista-a-Baez-Corona-1-100k.jpg 722w, https:\/\/www.uv.mx\/prensa\/files\/2018\/12\/051218-Entrevista-a-Baez-Corona-1-100k-300x200.jpg 300w\" sizes=\"auto, (max-width: 722px) 100vw, 722px\" \/><\/a><p id=\"caption-attachment-59557\" class=\"wp-caption-text\">Jos\u00e9 Francisco B\u00e1ez Corona, investigador adscrito al IIJ<\/p><\/div>\n<p>&nbsp;<\/p>\n<p><b><i>Jos\u00e9 Luis <\/i><\/b><b><i>Couttolenc<\/i><\/b><b><i> Soto<\/i><\/b><\/p>\n<p><b><i>08\/12<\/i><\/b><b><i>\/18<\/i><\/b><b><i>, Xalapa, Ver.-<\/i><\/b> Jos\u00e9 Francisco B\u00e1ez Corona, investigador adscrito al <a href=\"https:\/\/www.uv.mx\/iij\/\">Instituto de Investigaciones Jur\u00eddicas<\/a> (IIJ) de la Universidad Veracruzana (UV), se dice convencido de que la pr\u00e1ctica del ejercicio f\u00edsico ayuda a clarificar la mente para el desarrollo de los proyectos que se est\u00e9n llevando a cabo.<\/p>\n<p>\u201cComo lo refleja el Modelo Educativo Integral y Flexible (MEIF) de la UV, nosotros como acad\u00e9micos debemos ser puntuales en el cumplimiento de nuestras actividades de docencia, investigaci\u00f3n y tutor\u00eda, sin dejar de lado nuestro estado f\u00edsico para preservar nuestra salud\u201d, se\u00f1al\u00f3 el investigador.<\/p>\n<p>Participante asiduo a los eventos deportivos dise\u00f1ados para el personal acad\u00e9mico, B\u00e1ez Corona refiri\u00f3 que enmarcado en el MEIF siempre busca atender sus actividades de docencia, investigaci\u00f3n y tutor\u00eda, vincul\u00e1ndolas con la preparaci\u00f3n f\u00edsica que le ha dado grandes satisfacciones en el \u00e1mbito del atletismo.<\/p>\n<p>Refiri\u00f3 que ha participado en diferentes competencias pedestres en el pa\u00eds, la m\u00e1s reciente fue en el Marat\u00f3n Lala 2019 que tuvo lugar en marzo en Torre\u00f3n, Coahuila, con un recorrido de 42 kil\u00f3metros 195 metros y que cont\u00f3 con el aval de la Federaci\u00f3n Mexicana de Asociaciones de Atletismo y de la Asociaci\u00f3n Internacional de Federaciones Atl\u00e9ticas, ya que es un evento clasificatorio para el Marat\u00f3n de Boston, Estados Unidos.<\/p>\n<p>El acad\u00e9mico dijo que ha participado tambi\u00e9n en carreras de ultra marat\u00f3n, con recorridos de monta\u00f1a superiores a los 42 kil\u00f3metros como el Ultra Trail M\u00e9xico (sendero), que se realiza en Huasca de Ocampo, Hidalgo, y que otorga puntos para poder formar parte de otros maratones del mundo, por lo que en \u00e9l participan corredores de diversos pa\u00edses.<\/p>\n<p>\u201cEn la carrera de Torre\u00f3n, en la que participaron mil 500 competidores de Costa Rica, Guatemala, Estados Unidos y M\u00e9xico, se tuvo un ascenso importante con un clima fr\u00edo, y el recorrido fue bajo el sistema de la International Trail Running Association, que da puntaje para otros eventos.<\/p>\n<p>Apunt\u00f3 que su participaci\u00f3n fue como \u201ccorredor recreativo, porque lo tomo como un complemento a mi actividad acad\u00e9mica; no obstante, busco ir bajando mi propio tiempo y terminar la competencia entre los 100 primeros lugares, eso para m\u00ed es muy satisfactorio porque me enfrento a corredores profesionales, a personas dedicadas al cien por ciento a esta actividad\u201d.<\/p>\n<p>Sin embargo, dijo que entre sus prop\u00f3sitos para el pr\u00f3ximo a\u00f1o est\u00e1 reunir los puntos necesarios para tomar parte en la Ultra Trail de Mont-Blanc, Francia, que se realiza en agosto de cada a\u00f1o, con un recorrido de 172 kil\u00f3metros en los Alpes atravesando Francia, Italia y Suiza.<\/p>\n<p>\u201cTengo la intenci\u00f3n de continuar complementando mis actividades acad\u00e9micas con el deporte, seguir acumulando experiencias a trav\u00e9s de otras competiciones de talla internacional\u201d, concluy\u00f3.<\/p>\n<p>&nbsp;<\/p>\n<div id=\"attachment_59558\" style=\"width: 732px\" class=\"wp-caption aligncenter\"><a href=\"https:\/\/www.uv.mx\/prensa\/files\/2018\/12\/051218-Entrevista-Baez-Corona-2-100k.jpg\"><img loading=\"lazy\" decoding=\"async\" aria-describedby=\"caption-attachment-59558\" class=\"size-full wp-image-59558\" src=\"https:\/\/www.uv.mx\/prensa\/files\/2018\/12\/051218-Entrevista-Baez-Corona-2-100k.jpg\" alt=\"\" width=\"722\" height=\"481\" srcset=\"https:\/\/www.uv.mx\/prensa\/files\/2018\/12\/051218-Entrevista-Baez-Corona-2-100k.jpg 722w, https:\/\/www.uv.mx\/prensa\/files\/2018\/12\/051218-Entrevista-Baez-Corona-2-100k-300x200.jpg 300w\" sizes=\"auto, (max-width: 722px) 100vw, 722px\" \/><\/a><p id=\"caption-attachment-59558\" class=\"wp-caption-text\">Ha participado en diferentes competencias pedestres en el pa\u00eds<\/p><\/div>\n","protected":false},"excerpt":{"rendered":"<p>El investigador adscrito al Instituto de Investigaciones Jur\u00eddicas practica carreras de fondo y busca participar en la Ultra Trail de Mont-Blanc, Francia<\/p>\n","protected":false},"author":1508,"featured_media":59557,"comment_status":"closed","ping_status":"closed","sticky":false,"template":"","format":"standard","meta":{"footnotes":""},"categories":[12],"tags":[],"class_list":["post-59666","post","type-post","status-publish","format-standard","has-post-thumbnail","hentry","category-deportes"],"_links":{"self":[{"href":"https:\/\/www.uv.mx\/prensa\/wp-json\/wp\/v2\/posts\/59666","targetHints":{"allow":["GET"]}}],"collection":[{"href":"https:\/\/www.uv.mx\/prensa\/wp-json\/wp\/v2\/posts"}],"about":[{"href":"https:\/\/www.uv.mx\/prensa\/wp-json\/wp\/v2\/types\/post"}],"author":[{"embeddable":true,"href":"https:\/\/www.uv.mx\/prensa\/wp-json\/wp\/v2\/users\/1508"}],"replies":[{"embeddable":true,"href":"https:\/\/www.uv.mx\/prensa\/wp-json\/wp\/v2\/comments?post=59666"}],"version-history":[{"count":0,"href":"https:\/\/www.uv.mx\/prensa\/wp-json\/wp\/v2\/posts\/59666\/revisions"}],"wp:featuredmedia":[{"embeddable":true,"href":"https:\/\/www.uv.mx\/prensa\/wp-json\/wp\/v2\/media\/59557"}],"wp:attachment":[{"href":"https:\/\/www.uv.mx\/prensa\/wp-json\/wp\/v2\/media?parent=59666"}],"wp:term":[{"taxonomy":"category","embeddable":true,"href":"https:\/\/www.uv.mx\/prensa\/wp-json\/wp\/v2\/categories?post=59666"},{"taxonomy":"post_tag","embeddable":true,"href":"https:\/\/www.uv.mx\/prensa\/wp-json\/wp\/v2\/tags?post=59666"}],"curies":[{"name":"wp","href":"https:\/\/api.w.org\/{rel}","templated":true}]}}