{"id":59475,"date":"2018-12-03T21:00:31","date_gmt":"2018-12-04T03:00:31","guid":{"rendered":"https:\/\/www.uv.mx\/prensa\/?p=59475"},"modified":"2018-12-04T10:49:37","modified_gmt":"2018-12-04T16:49:37","slug":"el-cine-sensibiliza-sobre-la-problematica-migratoria","status":"publish","type":"post","link":"https:\/\/www.uv.mx\/prensa\/cultura\/el-cine-sensibiliza-sobre-la-problematica-migratoria\/","title":{"rendered":"El cine sensibiliza sobre la problem\u00e1tica migratoria"},"content":{"rendered":"<ul>\n<li><em><span class=\"TextRun SCXW94687338\" lang=\"ES-MX\" xml:lang=\"ES-MX\"><span class=\"NormalTextRun SCXW94687338\">La documentalista Alejandra Islas present\u00f3 <\/span><\/span><\/em><span class=\"TextRun SCXW94687338\" lang=\"ES-MX\" xml:lang=\"ES-MX\"><span class=\"NormalTextRun SCXW94687338\">El Albergue<\/span><\/span><\/li>\n<\/ul>\n<p>&nbsp;<\/p>\n<div id=\"attachment_59409\" style=\"width: 732px\" class=\"wp-caption aligncenter\"><a href=\"https:\/\/www.uv.mx\/prensa\/files\/2018\/12\/301118-CARLOS-Documental-El-albergue.jpg\"><img loading=\"lazy\" decoding=\"async\" aria-describedby=\"caption-attachment-59409\" class=\"wp-image-59409 size-full\" src=\"https:\/\/www.uv.mx\/prensa\/files\/2018\/12\/301118-CARLOS-Documental-El-albergue.jpg\" alt=\"\" width=\"722\" height=\"481\" srcset=\"https:\/\/www.uv.mx\/prensa\/files\/2018\/12\/301118-CARLOS-Documental-El-albergue.jpg 722w, https:\/\/www.uv.mx\/prensa\/files\/2018\/12\/301118-CARLOS-Documental-El-albergue-300x200.jpg 300w\" sizes=\"auto, (max-width: 722px) 100vw, 722px\" \/><\/a><p id=\"caption-attachment-59409\" class=\"wp-caption-text\">Alejandra Islas Caro<\/p><\/div>\n<p>&nbsp;<\/p>\n<p><b><i>Carlos Hugo Hermida Rosales<\/i><\/b><span>\u00a0<\/span><\/p>\n<p><span>\u00a0<\/span><b><i>03\/12\/18, Xalapa, Ver.- <\/i><\/b>Alejandra Islas Caro, directora y guionista de cine, present\u00f3 el 29 de noviembre en la Universidad Veracruzana (UV) el documental <i>El Albergue, <\/i>que gira en torno a la casa del migrante que funciona en Ixtepec, Oaxaca, coordinado por el sacerdote Alejandro Solalinde.<span>\u00a0<\/span><\/p>\n<p>Invitada por el Departamento de Cinematograf\u00eda, a cargo de Ricardo Benet, Islas Caro dialog\u00f3 en el Aula Clavijero acerca de esta producci\u00f3n realizada en 2011 y estrenada un a\u00f1o despu\u00e9s, y que est\u00e1 disponible en l\u00ednea a trav\u00e9s de la plataforma Filminlatino en <a href=\"https:\/\/bit.ly\/2RsnwFr\">https:\/\/bit.ly\/2RsnwFr<\/a>.<span>\u00a0<\/span><\/p>\n<p>En la charla tambi\u00e9n abord\u00f3 la problem\u00e1tica que se vive en M\u00e9xico a ra\u00edz del \u00e9xodo centroamericano que ha tra\u00eddo a nuestro pa\u00eds a cientos de migrantes, a quienes no se les debe ver como malhechores ni buscadores de pleitos, sino como gente con deseos de superarse.<span>\u00a0<\/span><\/p>\n<p>\u201cLas caravanas de migrantes centroamericanos est\u00e1n compuestas en su mayor\u00eda por gente muy pobre que fue expulsada de su propio pa\u00eds. Estas personas merecen respeto por tener el valor de caminar cientos de kil\u00f3metros en busca de una vida mejor\u201d, asever\u00f3.<span>\u00a0<\/span><\/p>\n<p>Respecto de <i>El albergue<\/i>, Alejandra Islas mencion\u00f3 que el documental recoge testimonios de las vicisitudes, dramas y situaciones dif\u00edciles que atraviesan los migrantes en el pa\u00eds. \u201cEstos hechos no han dejado de ocurrir y actualmente los vivimos en todo su esplendor\u201d, enfatiz\u00f3.<span>\u00a0<\/span><\/p>\n<p>La realizadora confes\u00f3 que jam\u00e1s pens\u00f3 en hacer un documental sobre migrantes, pero que cuando visit\u00f3 el albergue \u00abHermanos en el camino\u201d, a invitaci\u00f3n de un amigo, el sacerdote la recibi\u00f3 de una manera muy abierta e interesante.<span>\u00a0<\/span><\/p>\n<p>\u201cEl cura me present\u00f3 con unas \u2018maras\u2019 y desde ese momento me di cuenta que exist\u00eda el material necesario para realizar un documental. Solalinde es una persona con una gran calidad humana, as\u00ed como con un fuerte compromiso con la justicia\u201d, enunci\u00f3.<span>\u00a0<\/span><\/p>\n<p>Alejandra Islas explic\u00f3 que los actuales problemas que han tenido los migrantes centroamericanos al atravesar M\u00e9xico se deben a que los flujos migratorios no convienen a los gobiernos al considerarlos personas inc\u00f3modas, lo cual aviva los prejuicios en torno a ellos.\u00a0<span>\u00a0<\/span><\/p>\n<p>\u201cEl mundo atraviesa una \u00e9poca en que la parte conservadora y racista de la gente se agudiza, por ello actualmente hay un auge de la derecha en muchos pa\u00edses.\u201d<span>\u00a0<\/span><\/p>\n<p>Mencion\u00f3 que el cine es una gran herramienta para que las personas se interesen y sensibilicen al conocer las historias personales de los migrantes y para desaparecer prejuicios en torno a ellos.<span>\u00a0<\/span><\/p>\n<p>\u201cTodos debemos ser m\u00e1s sensibles a las situaciones ajenas, as\u00ed como preguntarnos qu\u00e9 har\u00edamos si estuvi\u00e9ramos en las mismas condiciones\u201d, concluy\u00f3.<\/p>\n","protected":false},"excerpt":{"rendered":"<p>La documentalista Alejandra Islas present\u00f3 <em>El Albergue<\/em> en el Aula Clavijero<\/p>\n","protected":false},"author":1508,"featured_media":59409,"comment_status":"closed","ping_status":"closed","sticky":false,"template":"","format":"standard","meta":{"footnotes":""},"categories":[11],"tags":[],"class_list":["post-59475","post","type-post","status-publish","format-standard","has-post-thumbnail","hentry","category-cultura"],"_links":{"self":[{"href":"https:\/\/www.uv.mx\/prensa\/wp-json\/wp\/v2\/posts\/59475","targetHints":{"allow":["GET"]}}],"collection":[{"href":"https:\/\/www.uv.mx\/prensa\/wp-json\/wp\/v2\/posts"}],"about":[{"href":"https:\/\/www.uv.mx\/prensa\/wp-json\/wp\/v2\/types\/post"}],"author":[{"embeddable":true,"href":"https:\/\/www.uv.mx\/prensa\/wp-json\/wp\/v2\/users\/1508"}],"replies":[{"embeddable":true,"href":"https:\/\/www.uv.mx\/prensa\/wp-json\/wp\/v2\/comments?post=59475"}],"version-history":[{"count":0,"href":"https:\/\/www.uv.mx\/prensa\/wp-json\/wp\/v2\/posts\/59475\/revisions"}],"wp:featuredmedia":[{"embeddable":true,"href":"https:\/\/www.uv.mx\/prensa\/wp-json\/wp\/v2\/media\/59409"}],"wp:attachment":[{"href":"https:\/\/www.uv.mx\/prensa\/wp-json\/wp\/v2\/media?parent=59475"}],"wp:term":[{"taxonomy":"category","embeddable":true,"href":"https:\/\/www.uv.mx\/prensa\/wp-json\/wp\/v2\/categories?post=59475"},{"taxonomy":"post_tag","embeddable":true,"href":"https:\/\/www.uv.mx\/prensa\/wp-json\/wp\/v2\/tags?post=59475"}],"curies":[{"name":"wp","href":"https:\/\/api.w.org\/{rel}","templated":true}]}}