{"id":59381,"date":"2018-12-02T09:00:26","date_gmt":"2018-12-02T15:00:26","guid":{"rendered":"https:\/\/www.uv.mx\/prensa\/?p=59381"},"modified":"2018-12-04T09:07:38","modified_gmt":"2018-12-04T15:07:38","slug":"capsulas-juridico-politicas-tienen-mas-de-800-mil-vistas-en-redes-sociales","status":"publish","type":"post","link":"https:\/\/www.uv.mx\/prensa\/general\/capsulas-juridico-politicas-tienen-mas-de-800-mil-vistas-en-redes-sociales\/","title":{"rendered":"C\u00e1psulas Jur\u00eddico-Pol\u00edticas tienen m\u00e1s de 800 mil vistas en redes sociales"},"content":{"rendered":"<ul>\n<li><em><span class=\"TextRun SCXW143029729\" lang=\"ES-ES\" xml:lang=\"ES-ES\"><span class=\"NormalTextRun SCXW143029729\">A trav\u00e9s de ellas, expertos dan a conocer<\/span><\/span> <span class=\"TextRun SCXW143029729\" lang=\"ES-ES\" xml:lang=\"ES-ES\"><span class=\"NormalTextRun SCXW143029729\">los de<\/span><\/span><span class=\"TextRun SCXW143029729\" lang=\"ES-ES\" xml:lang=\"ES-ES\"><span class=\"NormalTextRun SCXW143029729\">rechos <\/span><\/span><span class=\"TextRun SCXW143029729\" lang=\"ES-ES\" xml:lang=\"ES-ES\"><span class=\"NormalTextRun SCXW143029729\">y obligaciones del ciudad<\/span><\/span><span class=\"TextRun SCXW143029729\" lang=\"ES-ES\" xml:lang=\"ES-ES\"><span class=\"NormalTextRun SCXW143029729\">ano<\/span><\/span><\/em><\/li>\n<\/ul>\n<p>&nbsp;<\/p>\n<div id=\"attachment_59213\" style=\"width: 732px\" class=\"wp-caption aligncenter\"><a href=\"https:\/\/www.uv.mx\/prensa\/files\/2018\/11\/281118-Capsulas-Juridico-Politicas-1-100k.jpg\"><img loading=\"lazy\" decoding=\"async\" aria-describedby=\"caption-attachment-59213\" class=\"size-full wp-image-59213\" src=\"https:\/\/www.uv.mx\/prensa\/files\/2018\/11\/281118-Capsulas-Juridico-Politicas-1-100k.jpg\" alt=\"\" width=\"722\" height=\"482\" srcset=\"https:\/\/www.uv.mx\/prensa\/files\/2018\/11\/281118-Capsulas-Juridico-Politicas-1-100k.jpg 722w, https:\/\/www.uv.mx\/prensa\/files\/2018\/11\/281118-Capsulas-Juridico-Politicas-1-100k-300x200.jpg 300w\" sizes=\"auto, (max-width: 722px) 100vw, 722px\" \/><\/a><p id=\"caption-attachment-59213\" class=\"wp-caption-text\">Roberto Cabrera, David Garc\u00eda y V\u00edctor Manuel Trino Hern\u00e1ndez, encargados de la producci\u00f3n y difusi\u00f3n<\/p><\/div>\n<p>&nbsp;<\/p>\n<p><b><i>Jos\u00e9 Luis <\/i><\/b><b><i>Couttolenc<\/i><\/b><b><i> Soto<\/i><\/b><\/p>\n<p><b><i>02<\/i><\/b><b><i>\/12<\/i><\/b><b><i>\/18<\/i><\/b><b><i>, Xalapa, Ver.-<\/i><\/b> El <a href=\"https:\/\/www.uv.mx\/iij\/\">Instituto de Investigaciones Jur\u00eddicas<\/a> (IIJ) de la Universidad Veracruzana (UV) puso en marcha el 26 de septiembre pasado un espacio de difusi\u00f3n denominado C\u00e1psulas Jur\u00eddico-Pol\u00edticas, en el que a trav\u00e9s de las redes sociales expertos dan a conocer al ciudadano sus derechos y obligaciones desde el punto de vista jur\u00eddico y pol\u00edtico, inform\u00f3 el coordinador del proyecto, David Garc\u00eda Delgado.<\/p>\n<p>El t\u00e9cnico acad\u00e9mico del IIJ precis\u00f3 que a la fecha el espacio informativo cuenta con m\u00e1s de 800 mil visitas y explic\u00f3 que en un lapso no mayor a los tres minutos, acad\u00e9micos e investigadores invitados desarrollan de manera precisa y concreta el tema que corresponda, utilizando un lenguaje accesible para el p\u00fablico.<\/p>\n<p>A la fecha, dijo, se han transmitido 10 c\u00e1psulas en las que expertos han hablado sobre la participaci\u00f3n del ciudadano en la pol\u00edtica; derechos humanos; el derecho fundamental del ciudadano; ratificaci\u00f3n del convenio de trabajo; corrupci\u00f3n y derechos humanos; derecho a la educaci\u00f3n; seguridad econ\u00f3mica; nuevo sistema penal acusatorio; agentes y subagentes municipales en el estado de Veracruz; y por qu\u00e9 vivimos tiempos de cambio.<\/p>\n<p>Refiri\u00f3 que por semana se suben a las redes dos c\u00e1psulas, la primera de ellas los d\u00edas lunes a las 9:00 horas, y los jueves a la misma hora se baja ese material e inmediatamente se inserta uno nuevo, procedimiento que continuar\u00e1 en el periodo vacacional de invierno.<\/p>\n<p>Para ello se tiene grabado el material correspondiente, que en esta ocasi\u00f3n incluir\u00e1 entrevistas a no acad\u00e9micos, entre ellos el presidente de un partido pol\u00edtico, un deportista de alto rendimiento, un campesino y un lustrador de calzado del Parque Ju\u00e1rez de Xalapa, quien relatar\u00e1 sus vivencias a trav\u00e9s del tiempo en ese espacio de recreo, en donde ha dado lustre a los zapatos de ex gobernadores, pol\u00edticos y otras personalidades que han transitado por el parque.<\/p>\n<p>La producci\u00f3n y transmisi\u00f3n de las C\u00e1psulas Jur\u00eddico-Pol\u00edticas est\u00e1n a cargo de David Garc\u00eda Delgado, V\u00edctor Manuel Trino Hern\u00e1ndez Carrera y Roberto Cabrera Lara; pueden seguirse a trav\u00e9s de <i>Instagram<\/i>: capsulas juridicopoliticas; <i>Facebook<\/i>: capsulasjuridico-politicas; <i>Twitter<\/i>: capsulas-politicas, y a partir del 3 de diciembre por <i>You<\/i><i>Tube<\/i>.<\/p>\n","protected":false},"excerpt":{"rendered":"<p>Son producidas por el Instituto de Investigaciones Jur\u00eddicas y pueden seguirse a trav\u00e9s de <em>Instagram<\/em>, <em>Facebook<\/em>, <em>Twitter<\/em> y, a partir del 3 de diciembre, por <em>YouTube<\/em><\/p>\n","protected":false},"author":1508,"featured_media":59213,"comment_status":"closed","ping_status":"closed","sticky":false,"template":"","format":"standard","meta":{"footnotes":""},"categories":[1],"tags":[],"class_list":["post-59381","post","type-post","status-publish","format-standard","has-post-thumbnail","hentry","category-general"],"_links":{"self":[{"href":"https:\/\/www.uv.mx\/prensa\/wp-json\/wp\/v2\/posts\/59381","targetHints":{"allow":["GET"]}}],"collection":[{"href":"https:\/\/www.uv.mx\/prensa\/wp-json\/wp\/v2\/posts"}],"about":[{"href":"https:\/\/www.uv.mx\/prensa\/wp-json\/wp\/v2\/types\/post"}],"author":[{"embeddable":true,"href":"https:\/\/www.uv.mx\/prensa\/wp-json\/wp\/v2\/users\/1508"}],"replies":[{"embeddable":true,"href":"https:\/\/www.uv.mx\/prensa\/wp-json\/wp\/v2\/comments?post=59381"}],"version-history":[{"count":0,"href":"https:\/\/www.uv.mx\/prensa\/wp-json\/wp\/v2\/posts\/59381\/revisions"}],"wp:featuredmedia":[{"embeddable":true,"href":"https:\/\/www.uv.mx\/prensa\/wp-json\/wp\/v2\/media\/59213"}],"wp:attachment":[{"href":"https:\/\/www.uv.mx\/prensa\/wp-json\/wp\/v2\/media?parent=59381"}],"wp:term":[{"taxonomy":"category","embeddable":true,"href":"https:\/\/www.uv.mx\/prensa\/wp-json\/wp\/v2\/categories?post=59381"},{"taxonomy":"post_tag","embeddable":true,"href":"https:\/\/www.uv.mx\/prensa\/wp-json\/wp\/v2\/tags?post=59381"}],"curies":[{"name":"wp","href":"https:\/\/api.w.org\/{rel}","templated":true}]}}