{"id":59355,"date":"2018-11-30T16:55:33","date_gmt":"2018-11-30T22:55:33","guid":{"rendered":"https:\/\/www.uv.mx\/prensa\/?p=59355"},"modified":"2018-12-04T10:11:37","modified_gmt":"2018-12-04T16:11:37","slug":"cuates-del-max-terminan-ciclo-dedicado-a-los-juguetes","status":"publish","type":"post","link":"https:\/\/www.uv.mx\/prensa\/eventos\/cuates-del-max-terminan-ciclo-dedicado-a-los-juguetes\/","title":{"rendered":"<em>Cuates<\/em> del MAX terminan ciclo dedicado a los juguetes"},"content":{"rendered":"<div id=\"attachment_52362\" style=\"width: 732px\" class=\"wp-caption aligncenter\"><a href=\"https:\/\/www.uv.mx\/prensa\/files\/2018\/08\/270818-CARLOS-Cuates-del-Max-3-100k.jpg\"><img loading=\"lazy\" decoding=\"async\" aria-describedby=\"caption-attachment-52362\" class=\"size-full wp-image-52362\" src=\"https:\/\/www.uv.mx\/prensa\/files\/2018\/08\/270818-CARLOS-Cuates-del-Max-3-100k.jpg\" alt=\"\" width=\"722\" height=\"381\" srcset=\"https:\/\/www.uv.mx\/prensa\/files\/2018\/08\/270818-CARLOS-Cuates-del-Max-3-100k.jpg 722w, https:\/\/www.uv.mx\/prensa\/files\/2018\/08\/270818-CARLOS-Cuates-del-Max-3-100k-300x158.jpg 300w\" sizes=\"auto, (max-width: 722px) 100vw, 722px\" \/><\/a><p id=\"caption-attachment-52362\" class=\"wp-caption-text\">La cita es el domingo 2 de diciembre a las 11 horas<\/p><\/div>\n<p>&nbsp;<\/p>\n<p><b><i>30\/11\/18, Xalapa, Ver.- <\/i><\/b>El <a href=\"https:\/\/www.uv.mx\/max\/\">Museo de Antropolog\u00eda de Xalapa<\/a> (MAX) invita a todos los <i>Cuates<\/i> que tengan entre cuatro y 12 a\u00f1os de edad a terminar con su ciclo dedicado a los juguetes de antes y ahora, este domingo 2 de diciembre a las 11:00 horas.<\/p>\n<p>Para esta sesi\u00f3n, los <i>Cuates<\/i> del MAX elaborar\u00e1n una mini pi\u00f1ata con materiales reciclados. Antiguamente, la pi\u00f1ata se realizaba con ollas de barro, adornada de papel de colores y en forma de picos; en la actualidad se elabora con cart\u00f3n y papel mach\u00e9, adem\u00e1s de una diversidad de formas. Para concluir la jornada har\u00e1n una manualidad navide\u00f1a, culminando con ello este ciclo.<\/p>\n<p>Las reuniones se desarrollan los domingos de 11:00 a 13:30 horas en el Museo de Antropolog\u00eda de Xalapa y la entrada es gratuita.<\/p>\n<p><span class=\"TextRun SCXW105078713\" lang=\"ES-MX\" xml:lang=\"ES-MX\"><span class=\"NormalTextRun SCXW105078713\">El M<\/span><\/span><span class=\"TextRun SCXW105078713\" lang=\"ES-MX\" xml:lang=\"ES-MX\"><span class=\"NormalTextRun SCXW105078713\">AX<\/span><\/span><span class=\"TextRun SCXW105078713\" lang=\"ES-MX\" xml:lang=\"ES-MX\"><span class=\"NormalTextRun SCXW105078713\"> se puede visitar de martes a domingo, de 9:00 a 17:00 hora, y a las 11:30 se realizan recorridos guiados gratuitos.<\/span><\/span><\/p>\n","protected":false},"excerpt":{"rendered":"<p>En la sesi\u00f3n del domingo 2 de diciembre, los <em>Cuates<\/em> elaborar\u00e1n una mini pi\u00f1ata con materiales reciclados<\/p>\n","protected":false},"author":1508,"featured_media":52362,"comment_status":"closed","ping_status":"closed","sticky":false,"template":"","format":"standard","meta":{"footnotes":""},"categories":[47],"tags":[],"class_list":["post-59355","post","type-post","status-publish","format-standard","has-post-thumbnail","hentry","category-eventos"],"_links":{"self":[{"href":"https:\/\/www.uv.mx\/prensa\/wp-json\/wp\/v2\/posts\/59355","targetHints":{"allow":["GET"]}}],"collection":[{"href":"https:\/\/www.uv.mx\/prensa\/wp-json\/wp\/v2\/posts"}],"about":[{"href":"https:\/\/www.uv.mx\/prensa\/wp-json\/wp\/v2\/types\/post"}],"author":[{"embeddable":true,"href":"https:\/\/www.uv.mx\/prensa\/wp-json\/wp\/v2\/users\/1508"}],"replies":[{"embeddable":true,"href":"https:\/\/www.uv.mx\/prensa\/wp-json\/wp\/v2\/comments?post=59355"}],"version-history":[{"count":0,"href":"https:\/\/www.uv.mx\/prensa\/wp-json\/wp\/v2\/posts\/59355\/revisions"}],"wp:featuredmedia":[{"embeddable":true,"href":"https:\/\/www.uv.mx\/prensa\/wp-json\/wp\/v2\/media\/52362"}],"wp:attachment":[{"href":"https:\/\/www.uv.mx\/prensa\/wp-json\/wp\/v2\/media?parent=59355"}],"wp:term":[{"taxonomy":"category","embeddable":true,"href":"https:\/\/www.uv.mx\/prensa\/wp-json\/wp\/v2\/categories?post=59355"},{"taxonomy":"post_tag","embeddable":true,"href":"https:\/\/www.uv.mx\/prensa\/wp-json\/wp\/v2\/tags?post=59355"}],"curies":[{"name":"wp","href":"https:\/\/api.w.org\/{rel}","templated":true}]}}