{"id":59353,"date":"2018-12-01T09:00:46","date_gmt":"2018-12-01T15:00:46","guid":{"rendered":"https:\/\/www.uv.mx\/prensa\/?p=59353"},"modified":"2018-12-04T09:24:47","modified_gmt":"2018-12-04T15:24:47","slug":"proyecto-de-gobierno-de-amlo-va-directo-a-un-presidencialismo-absoluto","status":"publish","type":"post","link":"https:\/\/www.uv.mx\/prensa\/general\/proyecto-de-gobierno-de-amlo-va-directo-a-un-presidencialismo-absoluto\/","title":{"rendered":"Proyecto de gobierno de AMLO va directo a un presidencialismo absoluto"},"content":{"rendered":"<ul>\n<li><em><span class=\"TextRun SCXW119648318\" lang=\"ES-MX\" xml:lang=\"ES-MX\"><span class=\"NormalTextRun SCXW119648318\">Jairo L\u00f3pez <\/span><\/span><span class=\"TextRun SCXW119648318\" lang=\"ES-MX\" xml:lang=\"ES-MX\"><span class=\"NormalTextRun SCXW119648318\">dijo que el Plan Nacional de Paz y Seguridad es<\/span><\/span><span class=\"TextRun SCXW119648318\" lang=\"ES-MX\" xml:lang=\"ES-MX\"><span class=\"NormalTextRun SCXW119648318\"> la continuidad de una pol\u00edtica que se <\/span><\/span><span class=\"TextRun SCXW119648318\" lang=\"ES-MX\" xml:lang=\"ES-MX\"><span class=\"NormalTextRun SCXW119648318\">impuso<\/span><\/span><span class=\"TextRun SCXW119648318\" lang=\"ES-MX\" xml:lang=\"ES-MX\"><span class=\"NormalTextRun SCXW119648318\"> en el pa\u00eds en las \u00faltimas dos d\u00e9cadas<\/span><\/span><\/em><\/li>\n<\/ul>\n<p>&nbsp;<\/p>\n<div id=\"attachment_59320\" style=\"width: 732px\" class=\"wp-caption aligncenter\"><a href=\"https:\/\/www.uv.mx\/prensa\/files\/2018\/11\/291118-PAOLA-Mesa-militarizacion.jpg\"><img loading=\"lazy\" decoding=\"async\" aria-describedby=\"caption-attachment-59320\" class=\"size-full wp-image-59320\" src=\"https:\/\/www.uv.mx\/prensa\/files\/2018\/11\/291118-PAOLA-Mesa-militarizacion.jpg\" alt=\"\" width=\"722\" height=\"481\" srcset=\"https:\/\/www.uv.mx\/prensa\/files\/2018\/11\/291118-PAOLA-Mesa-militarizacion.jpg 722w, https:\/\/www.uv.mx\/prensa\/files\/2018\/11\/291118-PAOLA-Mesa-militarizacion-300x200.jpg 300w\" sizes=\"auto, (max-width: 722px) 100vw, 722px\" \/><\/a><p id=\"caption-attachment-59320\" class=\"wp-caption-text\">Jairo L\u00f3pez, Carlos Flores, Alberto Olvera y V\u00edctor Andrade analizaron el Plan Nacional de Paz y Seguridad<\/p><\/div>\n<p>&nbsp;<\/p>\n<p><b><i>Paola Cort\u00e9s P\u00e9rez<\/i><\/b><\/p>\n<p><b><i>01\/12\/18, Xalapa, Ver.-<\/i><\/b> El proyecto del gobierno federal encabezado por Andr\u00e9s Manuel L\u00f3pez Obrador (AMLO) va dirigido a la reconstrucci\u00f3n del presidencialismo absoluto, advirti\u00f3 Alberto Olvera Rivera, integrante del <a href=\"https:\/\/www.uv.mx\/iihs\/\">Instituto de Investigaciones Hist\u00f3rico-Sociales<\/a> (IIH-S) de la Universidad Veracruzana (UV), al participar en la mesa redonda \u201cLa militarizaci\u00f3n de la Seguridad P\u00fablica\u201d.<\/p>\n<p>El evento se llev\u00f3 a cabo la tarde del mi\u00e9rcoles 28 de noviembre en el IIH-S, con la participaci\u00f3n de Jairo Antonio L\u00f3pez Pacheco, profesor-investigador de la Universidad Aut\u00f3noma de Zacatecas; Carlos Flores, investigador del Centro de Investigaciones y Estudios Superiores en Antropolog\u00eda Sociales (CIESAS) Unidad Golfo, y V\u00edctor Andrade Guevara, investigador del IIH-S.<\/p>\n<p>Olvera Rivera coment\u00f3 que el proyecto de gobierno encabezado por AMLO es la reconstrucci\u00f3n del presidencialismo absoluto y su justificaci\u00f3n pol\u00edtica es en dos sentidos: una es la pragm\u00e1tica, pensar que no hay otra opci\u00f3n porque el Estado mexicano est\u00e1 desecho y la soluci\u00f3n es re-centralizarlo para imponer un nuevo orden.<\/p>\n<p>La segunda justificaci\u00f3n es la moral, \u201cAMLO s\u00ed es un hombre moralmente s\u00f3lido a diferencia del resto de los presidentes, entonces se piensa que si el presidente es recto todo en autom\u00e1tico se recompone, pero los pol\u00edticos convocados a gobernar son pol\u00edticos reciclados con diversas causas y acusaciones de corrupci\u00f3n\u201d.<\/p>\n<p>En materia militar y de seguridad p\u00fablica, el investigador se\u00f1al\u00f3 que el reci\u00e9n nombrado secretario de la Defensa Nacional, Luis C. Sandoval, ya fue comandante militar en varias plazas del pa\u00eds, entre ellas Coahuila, Tamaulipas y Guerrero, lo que indica que ha sido operador territorial de la pol\u00edtica implantada desde Felipe Calder\u00f3n Hinojosa.<\/p>\n<p>\u201cSi analizamos estrictamente lo que pas\u00f3 cuando fue jefe militar en esas zonas, encontramos que hubo muchas acusaciones por violaciones a los derechos humanos.\u201d<\/p>\n<p>Por lo tanto, indic\u00f3 que estamos en una situaci\u00f3n complicada en la que los ciudadanos tendr\u00e1n un papel relevante, as\u00ed que recomend\u00f3 estar atentos a los procesos que se avecinan y tener una concepci\u00f3n cr\u00edtica no para destruir el proyecto de gobierno sino para mejorarlo, de lo contrario el pa\u00eds vivir\u00e1 una situaci\u00f3n peor que la actual.<\/p>\n<p>Con respecto al Plan Nacional de Paz y Seguridad del gobierno federal entrante, Jairo L\u00f3pez destac\u00f3 que no es el inicio de la militarizaci\u00f3n del pa\u00eds, sino la continuidad de una pol\u00edtica que se ha impuesto en las \u00faltimas dos d\u00e9cadas.<\/p>\n<p>\u201cVivimos en un proceso de militarizaci\u00f3n desde los a\u00f1os noventa y ha venido en aumento; tampoco es un programa de desmilitarizaci\u00f3n sino la continuidad de una pol\u00edtica que se impuso desde hace dos d\u00e9cadas, con la diferencia de que es una pol\u00edtica de centralizaci\u00f3n de la seguridad p\u00fablica que no pudieron lograr Felipe Calder\u00f3n y Enrique Pe\u00f1a Nieto.\u201d<\/p>\n<p>Resalt\u00f3 que el punto a favor es que el plan, conformado por ocho puntos, busca la pacificaci\u00f3n, lo que debe reconocerse, pero le resta responsabilidad a las fuerzas armadas y militares en casos de violaci\u00f3n ocurridos en los \u00faltimos 12 a\u00f1os.<\/p>\n<p>En tanto, V\u00edctor Andrade dijo que la polic\u00eda no se ha hecho responsable de garantizar la seguridad ciudadana sino cuidar que no se altere el orden p\u00fablico (disolver aquellos movimientos sociales que desestabilicen pol\u00edticamente al pa\u00eds y al Estado).<\/p>\n<p>\u201cLo cierto es que le dejan una polic\u00eda desmantelada y corrupta, pero el ej\u00e9rcito no est\u00e1 preparado para resolver la situaci\u00f3n de inseguridad y violencia, vemos que se han elevado los \u00edndices de violencia, homicidios y fosas clandestinas.\u201d<\/p>\n<p>Por \u00faltimo, Carlos Flores mencion\u00f3 que el punto grave es que a las fuerzas militares se les pretende condonar todo tipo de responsabilidad en los casos de violaci\u00f3n a los derechos humanos.<\/p>\n<p>\u201cLa inseguridad que hay en el pa\u00eds no es un problema derivado s\u00f3lo del tr\u00e1fico de drogas sino de violencia armada, ya que se ha desvanecido el Estado de derecho funcional, aunque en realidad nunca estuvo tan s\u00f3lido.\u201d<\/p>\n","protected":false},"excerpt":{"rendered":"<p>\u201cSe piensa que si el Presidente es recto, todo se recompone, pero los pol\u00edticos convocados a gobernar son reciclados, con diversas causas y acusaciones de corrupci\u00f3n\u201d<\/p>\n","protected":false},"author":1508,"featured_media":59320,"comment_status":"closed","ping_status":"closed","sticky":false,"template":"","format":"standard","meta":{"footnotes":""},"categories":[1],"tags":[],"class_list":["post-59353","post","type-post","status-publish","format-standard","has-post-thumbnail","hentry","category-general"],"_links":{"self":[{"href":"https:\/\/www.uv.mx\/prensa\/wp-json\/wp\/v2\/posts\/59353","targetHints":{"allow":["GET"]}}],"collection":[{"href":"https:\/\/www.uv.mx\/prensa\/wp-json\/wp\/v2\/posts"}],"about":[{"href":"https:\/\/www.uv.mx\/prensa\/wp-json\/wp\/v2\/types\/post"}],"author":[{"embeddable":true,"href":"https:\/\/www.uv.mx\/prensa\/wp-json\/wp\/v2\/users\/1508"}],"replies":[{"embeddable":true,"href":"https:\/\/www.uv.mx\/prensa\/wp-json\/wp\/v2\/comments?post=59353"}],"version-history":[{"count":0,"href":"https:\/\/www.uv.mx\/prensa\/wp-json\/wp\/v2\/posts\/59353\/revisions"}],"wp:featuredmedia":[{"embeddable":true,"href":"https:\/\/www.uv.mx\/prensa\/wp-json\/wp\/v2\/media\/59320"}],"wp:attachment":[{"href":"https:\/\/www.uv.mx\/prensa\/wp-json\/wp\/v2\/media?parent=59353"}],"wp:term":[{"taxonomy":"category","embeddable":true,"href":"https:\/\/www.uv.mx\/prensa\/wp-json\/wp\/v2\/categories?post=59353"},{"taxonomy":"post_tag","embeddable":true,"href":"https:\/\/www.uv.mx\/prensa\/wp-json\/wp\/v2\/tags?post=59353"}],"curies":[{"name":"wp","href":"https:\/\/api.w.org\/{rel}","templated":true}]}}