{"id":59306,"date":"2018-12-01T09:00:36","date_gmt":"2018-12-01T15:00:36","guid":{"rendered":"https:\/\/www.uv.mx\/prensa\/?p=59306"},"modified":"2018-12-04T09:26:15","modified_gmt":"2018-12-04T15:26:15","slug":"academica-realizo-estancia-en-sudafrica","status":"publish","type":"post","link":"https:\/\/www.uv.mx\/prensa\/general\/academica-realizo-estancia-en-sudafrica\/","title":{"rendered":"Acad\u00e9mica realiz\u00f3 estancia en Sud\u00e1frica"},"content":{"rendered":"<ul>\n<li><i>Rosa Guadalupe Mendoza <\/i><i>Zuany<\/i><i>, acad\u00e9mica del Instituto de Investigaciones en Educaci\u00f3n<\/i>, h<i>izo investigaci\u00f3n, trabajo de campo y seminarios<\/i><\/li>\n<li><i>A<\/i><i>dem\u00e1s coeditar\u00e1 una revista que publica <\/i><i>la Universidad de <\/i><i>Rhodes<\/i><\/li>\n<\/ul>\n<p>&nbsp;<\/p>\n<div id=\"attachment_59214\" style=\"width: 732px\" class=\"wp-caption aligncenter\"><a href=\"https:\/\/www.uv.mx\/prensa\/files\/2018\/11\/281118-Guadalupe-Mendoza-100k.jpg\"><img loading=\"lazy\" decoding=\"async\" aria-describedby=\"caption-attachment-59214\" class=\"size-full wp-image-59214\" src=\"https:\/\/www.uv.mx\/prensa\/files\/2018\/11\/281118-Guadalupe-Mendoza-100k.jpg\" alt=\"\" width=\"722\" height=\"481\" srcset=\"https:\/\/www.uv.mx\/prensa\/files\/2018\/11\/281118-Guadalupe-Mendoza-100k.jpg 722w, https:\/\/www.uv.mx\/prensa\/files\/2018\/11\/281118-Guadalupe-Mendoza-100k-300x200.jpg 300w\" sizes=\"auto, (max-width: 722px) 100vw, 722px\" \/><\/a><p id=\"caption-attachment-59214\" class=\"wp-caption-text\">Rosa Guadalupe Mendoza Zuany, acad\u00e9mica del IIE<\/p><\/div>\n<p>&nbsp;<\/p>\n<p><b><i>David Sandoval Rodr\u00edguez<\/i><\/b><\/p>\n<p><b><i>01\/12\/<\/i><\/b><b><i>18<\/i><\/b><b><i>,<\/i><\/b><b><i> Xalapa, Ver.-<\/i><\/b> Rosa Guadalupe Mendoza Zuany, acad\u00e9mica del <a href=\"https:\/\/www.uv.mx\/iie\/\">Instituto de Investigaciones en Educaci\u00f3n<\/a> (IIE) de la Universidad Veracruzana (UV), realiz\u00f3 una estancia en dos universidades sudafricanas a trav\u00e9s del Programa Habilitaci\u00f3n del Perfil Internacional para Acad\u00e9micos de la Universidad Veracruzana (HAPI-UV).<\/p>\n<p>Dicha iniciativa de la Direcci\u00f3n General de Desarrollo Acad\u00e9mico e Innovaci\u00f3n Educativa (DGDAIE) y la Direcci\u00f3n General de Relaciones Internacionales (DGRI) permiti\u00f3 a la investigadora viajar al pa\u00eds africano y efectuar diversas actividades.<\/p>\n<p>La intenci\u00f3n de su estancia, que abarc\u00f3 del 1 al 18 de noviembre, consisti\u00f3 en fortalecer v\u00ednculos con investigadores africanos, fortalecer las redes de colaboraci\u00f3n en temas como la educaci\u00f3n para la sustentabilidad, la decolonialidad desde el \u00e1mbito educativo y una l\u00ednea llamada aprendizaje transgresivo y expansivo, cuyo prop\u00f3sito es que todos los procesos de investigaci\u00f3n tengan un impacto en los colaboradores, detonando el aprendizaje en sus procesos.<\/p>\n<p>Su estancia se dividi\u00f3 entre la Universidad de Sud\u00e1frica (UNISA) situada en la ciudad de Pretoria, colaborando con Esther Kibuka, investigadora del Instituto de Estudios del Renacimiento Africano, y Heila Lotz-Sisitka, acad\u00e9mica del Centro de Investigaci\u00f3n de Aprendizaje Ambiental de la Universidad de Rhodes, localizada en Grahamstown.<\/p>\n<p>Mendoza Zuany realiz\u00f3 diversas actividades como un seminario con alumnos de posgrado e investigadores en cada universidad; asimismo, comparti\u00f3 los resultados de su investigaci\u00f3n sobre inclusi\u00f3n educativa y c\u00f3mo las pol\u00edticas educativas tienden a borrar los sistemas diferenciados como la educaci\u00f3n ind\u00edgena y la educaci\u00f3n especial para impartir una educaci\u00f3n m\u00e1s homog\u00e9nea.<\/p>\n<p>\u201cEncontr\u00e9 muchas resonancias porque all\u00e1 enfrentan situaciones muy similares, eso nos permiti\u00f3 pensar en un proyecto conjunto de investigaci\u00f3n que trate sobre los sentidos que se le atribuyen a la calidad de la educaci\u00f3n en pa\u00edses como el nuestro que fue una colonia y que, de muchas maneras sigue siendo colonial, dependiente de pol\u00edticas en muchos \u00e1mbitos\u201d, expres\u00f3.<\/p>\n<p>\u201cLa reflexi\u00f3n los llev\u00f3 a plantear c\u00f3mo generar pol\u00edticas educativas y nociones de calidad m\u00e1s contextuales que se relacionen mejor con las necesidades y prioridades de ambos pa\u00edses.\u201d<\/p>\n<p>Adem\u00e1s, la acad\u00e9mica participa como co-editora en un n\u00famero especial sobre conocimiento ind\u00edgena en una revista que publica la Universidad de Rhodes, la <i>R<\/i><i>evista de <\/i><i>Ed<\/i><i>ucaci\u00f3n <\/i><i>Ambiental de<\/i> <i>S<\/i><i>u<\/i><i>d\u00e1<\/i><i>frica<\/i>, que saldr\u00e1 en marzo de 2019 y en la que colaboran acad\u00e9micos de la UV con varios cap\u00edtulos.<\/p>\n<p>Destac\u00f3 que \u201ces importante tener una agenda de investigaci\u00f3n del Sur, con may\u00fascula, del sur global donde se tienen otras preocupaciones y otras formas de construir conocimiento y de aplicarlo, no s\u00f3lo mirar a lo que est\u00e1n haciendo los europeos o norteamericanos\u201d.<\/p>\n<p>Como parte de su estancia, tambi\u00e9n efectu\u00f3 trabajo de campo en comunidades cercanas a las universidades, con el acompa\u00f1amiento de las investigadoras mencionadas.<\/p>\n<p>Consider\u00f3 que su experiencia fue beneficiosa no s\u00f3lo para su investigaci\u00f3n, sino que impacta tambi\u00e9n a los investigadores con quienes colabora y ello redunda en la formaci\u00f3n de los universitarios.<\/p>\n<p>Mendoza Zuany puntualiz\u00f3 que existe un gran potencial de colaboraci\u00f3n con las instituciones de \u00c1frica y esta primera estancia busc\u00f3 \u201cintentar contribuir a la pol\u00edtica de internacionalizaci\u00f3n de la UV, me parece que hasta el momento no se tiene convenio con ninguna universidad sudafricana o del continente y creo que es muy importante construir redes porque cuentan con una excelente calidad educativa\u201d.<\/p>\n","protected":false},"excerpt":{"rendered":"<p>Rosa Guadalupe Mendoza Zuany, del Instituto de Investigaciones en Educaci\u00f3n, estuvo en las universidades de Sud\u00e1frica, en Pretoria, y de Rhodes, localizada en Grahamstown<\/p>\n","protected":false},"author":1508,"featured_media":59307,"comment_status":"closed","ping_status":"closed","sticky":false,"template":"","format":"standard","meta":{"footnotes":""},"categories":[1],"tags":[],"class_list":["post-59306","post","type-post","status-publish","format-standard","has-post-thumbnail","hentry","category-general"],"_links":{"self":[{"href":"https:\/\/www.uv.mx\/prensa\/wp-json\/wp\/v2\/posts\/59306","targetHints":{"allow":["GET"]}}],"collection":[{"href":"https:\/\/www.uv.mx\/prensa\/wp-json\/wp\/v2\/posts"}],"about":[{"href":"https:\/\/www.uv.mx\/prensa\/wp-json\/wp\/v2\/types\/post"}],"author":[{"embeddable":true,"href":"https:\/\/www.uv.mx\/prensa\/wp-json\/wp\/v2\/users\/1508"}],"replies":[{"embeddable":true,"href":"https:\/\/www.uv.mx\/prensa\/wp-json\/wp\/v2\/comments?post=59306"}],"version-history":[{"count":0,"href":"https:\/\/www.uv.mx\/prensa\/wp-json\/wp\/v2\/posts\/59306\/revisions"}],"wp:featuredmedia":[{"embeddable":true,"href":"https:\/\/www.uv.mx\/prensa\/wp-json\/wp\/v2\/media\/59307"}],"wp:attachment":[{"href":"https:\/\/www.uv.mx\/prensa\/wp-json\/wp\/v2\/media?parent=59306"}],"wp:term":[{"taxonomy":"category","embeddable":true,"href":"https:\/\/www.uv.mx\/prensa\/wp-json\/wp\/v2\/categories?post=59306"},{"taxonomy":"post_tag","embeddable":true,"href":"https:\/\/www.uv.mx\/prensa\/wp-json\/wp\/v2\/tags?post=59306"}],"curies":[{"name":"wp","href":"https:\/\/api.w.org\/{rel}","templated":true}]}}