{"id":59247,"date":"2018-11-29T19:10:55","date_gmt":"2018-11-30T01:10:55","guid":{"rendered":"https:\/\/www.uv.mx\/prensa\/?p=59247"},"modified":"2018-11-30T15:50:00","modified_gmt":"2018-11-30T21:50:00","slug":"fundacion-uv-entrego-95-becas-a-estudiantes","status":"publish","type":"post","link":"https:\/\/www.uv.mx\/prensa\/regiones\/veracruz\/fundacion-uv-entrego-95-becas-a-estudiantes\/","title":{"rendered":"Fundaci\u00f3n UV entreg\u00f3 95 becas a estudiantes"},"content":{"rendered":"<ul>\n<li><em><span class=\"TextRun SCXW202724815\" lang=\"ES-MX\" xml:lang=\"ES-MX\"><span class=\"NormalTextRun SCXW202724815\">El mo<\/span><\/span><span class=\"TextRun SCXW202724815\" lang=\"ES-MX\" xml:lang=\"ES-MX\"><span class=\"NormalTextRun SCXW202724815\">nto asciende a los 456<\/span><\/span><span class=\"TextRun SCXW202724815\" lang=\"ES-MX\" xml:lang=\"ES-MX\"><span class=\"NormalTextRun SCXW202724815\"> mil pesos<\/span><\/span><\/em><\/li>\n<\/ul>\n<p>&nbsp;<\/p>\n<div id=\"attachment_59248\" style=\"width: 732px\" class=\"wp-caption aligncenter\"><a href=\"https:\/\/www.uv.mx\/prensa\/files\/2018\/11\/291118-veracruz-Becas-Fundacion-1.jpg\"><img loading=\"lazy\" decoding=\"async\" aria-describedby=\"caption-attachment-59248\" class=\"size-full wp-image-59248\" src=\"https:\/\/www.uv.mx\/prensa\/files\/2018\/11\/291118-veracruz-Becas-Fundacion-1.jpg\" alt=\"\" width=\"722\" height=\"338\" srcset=\"https:\/\/www.uv.mx\/prensa\/files\/2018\/11\/291118-veracruz-Becas-Fundacion-1.jpg 722w, https:\/\/www.uv.mx\/prensa\/files\/2018\/11\/291118-veracruz-Becas-Fundacion-1-300x140.jpg 300w\" sizes=\"auto, (max-width: 722px) 100vw, 722px\" \/><\/a><p id=\"caption-attachment-59248\" class=\"wp-caption-text\">Becarios con la red de donantes y autoridades<\/p><\/div>\n<p><b><i>29\/11\/18, Boca del R\u00edo, Ver.- <\/i><\/b>La Fundaci\u00f3n de la Universidad Veracruzana (UV), a trav\u00e9s del Comit\u00e9 Regional de Becas de Veracruz, entreg\u00f3 95 becas a estudiantes en situaci\u00f3n de vulnerabilidad econ\u00f3mica que tienen un promedio sobresaliente, en evento realizado el 29 de noviembre en la sala de videoconferencias de la Unidad de Servicios Bibliotecarios y de Informaci\u00f3n (USBI).<\/p>\n<p>Gracias a la suma de voluntades y al apoyo de la red de donantes de la Fundaci\u00f3n UV, se entregaron 456 mil pesos concernientes al periodo Agosto 2018-Enero 2019.<\/p>\n<p>En la ceremonia, el presidente del Comit\u00e9 Regional de Becas, Antonio Chedraui Mafud, expres\u00f3 su alegr\u00eda por el reconocimiento al esfuerzo y dedicaci\u00f3n de los estudiantes, de igual manera hizo un llamado a los donantes y sociedad en general para unirse y luchar juntos por los sue\u00f1os de los estudiantes.<\/p>\n<p>No obstante, tambi\u00e9n manifest\u00f3 su inconformidad por la indiferencia social ante las necesidades actuales, como es la falta de apoyo a los estudiantes para que culminen sus estudios.<\/p>\n<p>Chedraui Mafud exhort\u00f3 a todos a conducirse con coraje para levantarse ante cualquier circunstancia, para que \u2013con nuestras acciones\u2013 M\u00e9xico y Veracruz sean cada d\u00eda mejor.<\/p>\n<p>&nbsp;<\/p>\n<div id=\"attachment_59249\" style=\"width: 732px\" class=\"wp-caption aligncenter\"><a href=\"https:\/\/www.uv.mx\/prensa\/files\/2018\/11\/291118-veracruz-Becas-Fundacion-2.jpg\"><img loading=\"lazy\" decoding=\"async\" aria-describedby=\"caption-attachment-59249\" class=\"size-full wp-image-59249\" src=\"https:\/\/www.uv.mx\/prensa\/files\/2018\/11\/291118-veracruz-Becas-Fundacion-2.jpg\" alt=\"\" width=\"722\" height=\"482\" srcset=\"https:\/\/www.uv.mx\/prensa\/files\/2018\/11\/291118-veracruz-Becas-Fundacion-2.jpg 722w, https:\/\/www.uv.mx\/prensa\/files\/2018\/11\/291118-veracruz-Becas-Fundacion-2-300x200.jpg 300w\" sizes=\"auto, (max-width: 722px) 100vw, 722px\" \/><\/a><p id=\"caption-attachment-59249\" class=\"wp-caption-text\">Antonio Chedraui entreg\u00f3 becas a los estudiantes<\/p><\/div>\n<p>&nbsp;<\/p>\n<p>Por su parte, el vicerrector Alfonso P\u00e9rez Morales agradeci\u00f3 la sensibilidad, empat\u00eda y apoyo de los donantes, e invit\u00f3 a los becarios a continuar explorando las posibilidades que tienen y empe\u00f1arse para superarse cada d\u00eda.<\/p>\n<p>El Vicerrector comparti\u00f3 el cuento de Anton Ch\u00e9jov \u201cEl estudiante\u201d, que narra unas horas de vida de Iv\u00e1n, un alumno de la academia eclesi\u00e1stica rusa.<\/p>\n<p>Posteriormente ley\u00f3 los deseos de la rectora Sara Ladr\u00f3n de Guevara para los becarios: \u201cQue un sentimiento de juventud, de salud, de fuerza y una inefable y dulce esperanza de felicidad se apoderen de ustedes y que la vida les parezca despu\u00e9s, y a pesar de todo, admirable, encantadora y llena de un elevado sentido\u201d.<\/p>\n<p>Diana Edith Vargas Reyes, estudiante del programa educativo de Nutrici\u00f3n, originaria de Uxpanapa, afirm\u00f3 que la ayuda econ\u00f3mica que recibe es de gran ayuda para solventar los gastos que implican vivir fuera de su ciudad de origen.<\/p>\n<p>&nbsp;<\/p>\n<div id=\"attachment_59250\" style=\"width: 732px\" class=\"wp-caption aligncenter\"><a href=\"https:\/\/www.uv.mx\/prensa\/files\/2018\/11\/291118-veracruz-Becas-Fundacion-3.jpg\"><img loading=\"lazy\" decoding=\"async\" aria-describedby=\"caption-attachment-59250\" class=\"size-full wp-image-59250\" src=\"https:\/\/www.uv.mx\/prensa\/files\/2018\/11\/291118-veracruz-Becas-Fundacion-3.jpg\" alt=\"\" width=\"722\" height=\"482\" srcset=\"https:\/\/www.uv.mx\/prensa\/files\/2018\/11\/291118-veracruz-Becas-Fundacion-3.jpg 722w, https:\/\/www.uv.mx\/prensa\/files\/2018\/11\/291118-veracruz-Becas-Fundacion-3-300x200.jpg 300w\" sizes=\"auto, (max-width: 722px) 100vw, 722px\" \/><\/a><p id=\"caption-attachment-59250\" class=\"wp-caption-text\">Alfonso P\u00e9rez felicit\u00f3 a los becarios<\/p><\/div>\n<p>&nbsp;<\/p>\n<p>Facundo Pacheco Rojas, director de la Fundaci\u00f3n UV, detall\u00f3\u00a0 que el Comit\u00e9 Regional de Becas, desde sus inicios en 2011, ha procurado m\u00e1s de siete millones y medio de pesos, beneficiando a 528 estudiantes.<\/p>\n<p>En el acto estuvieron presentes: V\u00edctor Aguilar Pizarro, presidente de la Junta Directiva de la Fundaci\u00f3n UV; Gustavo Sousa Escamilla y Luis Rafael Hinojosa Moreno, vicepresidente y secretario del Comit\u00e9 Regional de Becas, respectivamente; Ulises Aguirre Orozco, secretario Acad\u00e9mico regional.<\/p>\n<p>Adem\u00e1s Ver\u00f3nica Blanco, en representaci\u00f3n del alcalde de Boca del R\u00edo Humberto Alonso Morelli; Carlos Alfonso P\u00e9rez Hern\u00e1ndez, de la fundaci\u00f3n BBVA Bancomer; Rosa Elena P\u00e9rez, de Tenaris TAMSA, y Jos\u00e9 Jaime Estrada J\u00e1come, de Kimberly Clark.<\/p>\n<p>&nbsp;<\/p>\n<div id=\"attachment_59344\" style=\"width: 732px\" class=\"wp-caption aligncenter\"><a href=\"https:\/\/www.uv.mx\/prensa\/files\/2018\/11\/291118-veracruz-Becas-Fundacion-4.jpg\"><img loading=\"lazy\" decoding=\"async\" aria-describedby=\"caption-attachment-59344\" class=\"size-full wp-image-59344\" src=\"https:\/\/www.uv.mx\/prensa\/files\/2018\/11\/291118-veracruz-Becas-Fundacion-4.jpg\" alt=\"\" width=\"722\" height=\"482\" srcset=\"https:\/\/www.uv.mx\/prensa\/files\/2018\/11\/291118-veracruz-Becas-Fundacion-4.jpg 722w, https:\/\/www.uv.mx\/prensa\/files\/2018\/11\/291118-veracruz-Becas-Fundacion-4-300x200.jpg 300w\" sizes=\"auto, (max-width: 722px) 100vw, 722px\" \/><\/a><p id=\"caption-attachment-59344\" class=\"wp-caption-text\">Diana Edith Vargas Reyes<\/p><\/div>\n","protected":false},"excerpt":{"rendered":"<p>Gracias a la suma de voluntades y al apoyo de la red de donantes de la Fundaci\u00f3n UV, se entregaron 456 mil pesos, correspondientes al periodo Agosto 2018-Enero 2019<\/p>\n","protected":false},"author":1508,"featured_media":59248,"comment_status":"closed","ping_status":"closed","sticky":false,"template":"","format":"standard","meta":{"footnotes":""},"categories":[55],"tags":[],"class_list":["post-59247","post","type-post","status-publish","format-standard","has-post-thumbnail","hentry","category-veracruz"],"_links":{"self":[{"href":"https:\/\/www.uv.mx\/prensa\/wp-json\/wp\/v2\/posts\/59247","targetHints":{"allow":["GET"]}}],"collection":[{"href":"https:\/\/www.uv.mx\/prensa\/wp-json\/wp\/v2\/posts"}],"about":[{"href":"https:\/\/www.uv.mx\/prensa\/wp-json\/wp\/v2\/types\/post"}],"author":[{"embeddable":true,"href":"https:\/\/www.uv.mx\/prensa\/wp-json\/wp\/v2\/users\/1508"}],"replies":[{"embeddable":true,"href":"https:\/\/www.uv.mx\/prensa\/wp-json\/wp\/v2\/comments?post=59247"}],"version-history":[{"count":0,"href":"https:\/\/www.uv.mx\/prensa\/wp-json\/wp\/v2\/posts\/59247\/revisions"}],"wp:featuredmedia":[{"embeddable":true,"href":"https:\/\/www.uv.mx\/prensa\/wp-json\/wp\/v2\/media\/59248"}],"wp:attachment":[{"href":"https:\/\/www.uv.mx\/prensa\/wp-json\/wp\/v2\/media?parent=59247"}],"wp:term":[{"taxonomy":"category","embeddable":true,"href":"https:\/\/www.uv.mx\/prensa\/wp-json\/wp\/v2\/categories?post=59247"},{"taxonomy":"post_tag","embeddable":true,"href":"https:\/\/www.uv.mx\/prensa\/wp-json\/wp\/v2\/tags?post=59247"}],"curies":[{"name":"wp","href":"https:\/\/api.w.org\/{rel}","templated":true}]}}