{"id":59176,"date":"2018-11-29T11:39:02","date_gmt":"2018-11-29T17:39:02","guid":{"rendered":"https:\/\/www.uv.mx\/prensa\/?p=59176"},"modified":"2021-12-08T12:27:37","modified_gmt":"2021-12-08T18:27:37","slug":"orteuv-estrena-la-cuarta-transformacion-zombie-em","status":"publish","type":"post","link":"https:\/\/www.uv.mx\/prensa\/eventos\/orteuv-estrena-la-cuarta-transformacion-zombie-em\/","title":{"rendered":"<em>Orteuv<\/em> estrena <em>La cuarta transformaci\u00f3n zombie<\/em>"},"content":{"rendered":"<ul>\n<li><i>Es<\/i> <i>un<\/i><i>a revista pol\u00edtica <\/i><i>que <\/i><i>s\u00f3lo <\/i><i>tendr\u00e1 <\/i><i>tres<\/i><i> funciones: 30 de noviembre, 1 y 2 de diciembre<\/i><i>, en el Teatro La Caja<\/i><\/li>\n<\/ul>\n<div id=\"attachment_59177\" style=\"width: 504px\" class=\"wp-caption aligncenter\"><a href=\"https:\/\/www.uv.mx\/prensa\/files\/2018\/11\/291118-Obra-Orteuv-100k.jpg\"><img loading=\"lazy\" decoding=\"async\" aria-describedby=\"caption-attachment-59177\" class=\"size-full wp-image-59177\" src=\"https:\/\/www.uv.mx\/prensa\/files\/2018\/11\/291118-Obra-Orteuv-100k.jpg\" alt=\"\" width=\"494\" height=\"722\" srcset=\"https:\/\/www.uv.mx\/prensa\/files\/2018\/11\/291118-Obra-Orteuv-100k.jpg 494w, https:\/\/www.uv.mx\/prensa\/files\/2018\/11\/291118-Obra-Orteuv-100k-205x300.jpg 205w\" sizes=\"auto, (max-width: 494px) 100vw, 494px\" \/><\/a><p id=\"caption-attachment-59177\" class=\"wp-caption-text\">La obra tiene una duraci\u00f3n de 45 minutos y es apta para todo p\u00fablico<\/p><\/div>\n<p><b><i>2<\/i><\/b><b><i>9<\/i><\/b><b><i>\/11\/18, Xalapa, Ver.- <\/i><\/b>La Organizaci\u00f3n Teatral de la Universidad Veracruzana (<i>Orteuv<\/i>) estrena su corta temporada \u201330 de noviembre y 1 y 2 de diciembre\u2013 de <i>La<\/i> <i>cuarta transformaci\u00f3n <\/i><i>zombie<\/i> en el Teatro La Caja, ubicado en Calle de la P\u00e9rgola sin n\u00famero, en la zona universitaria.<\/p>\n<p>El 2018 quedar\u00e1 marcado como el a\u00f1o de la transformaci\u00f3n del pa\u00eds, el problema es que a\u00fan no se sabe qu\u00e9 clase de transformaci\u00f3n ser\u00e1. El misterio se desvelar\u00e1 muy pronto, aunque ya corren por algunos medios de dudosa reputaci\u00f3n noticias de que un ej\u00e9rcito de muertos vivientes est\u00e1 por invadir los estados del pa\u00eds para dar un golpe de tim\u00f3n y anunciar la cuarta transformaci\u00f3n zombie.<\/p>\n<p>Este fin de semana se sabr\u00e1 si las que corren son <i>true <\/i><i>news<\/i> o <i>fake<\/i> <i>news<\/i>, mientras tanto la <i>Orteuv<\/i> hace un homenaje a aquel periodo previo a la Revoluci\u00f3n Mexicana en el que las revistas pol\u00edticas presagiaban con humor la descomposici\u00f3n de una naci\u00f3n a punto de su \u201ctercera transformaci\u00f3n\u201d.<\/p>\n<p>En ese contexto, se asume con entusiasmo el cambio y mientras m\u00e1s cr\u00edtico y lejos del poder, el mejor aliado ser\u00e1 el teatro de cualquier transformaci\u00f3n.<\/p>\n<p>Con duraci\u00f3n de 45 minutos y apta para todo p\u00fablico, <i>La cuarta transformaci\u00f3n <\/i><i>zombie<\/i> estar\u00e1 en cartelera el viernes 30 de noviembre a las 20:00 horas, el s\u00e1bado 1 de diciembre a las 19:00 y el domingo 2 a las 18:00.<\/p>\n<p>La entrada es libre con cupo limitado. Los boletos se entregar\u00e1n desde 60 minutos previos hasta agotar localidades. \u00a1\u00danico fin de semana! (si los zombies no disponen otra cosa).<\/p>\n","protected":false},"excerpt":{"rendered":"<p>Se presentar\u00e1 el 30 de noviembre a las 20:00 horas, el s\u00e1bado 1 de diciembre a las 19:00 y el domingo 2 a las 18:00 horas <\/p>\n","protected":false},"author":1775,"featured_media":59178,"comment_status":"closed","ping_status":"closed","sticky":false,"template":"","format":"standard","meta":{"footnotes":""},"categories":[47,61],"tags":[6042,6133,180,5244,166],"class_list":["post-59176","post","type-post","status-publish","format-standard","has-post-thumbnail","hentry","category-eventos","category-banner","tag-la-caja","tag-organizacion-teatral","tag-orteuv","tag-s-c","tag-teatro"],"_links":{"self":[{"href":"https:\/\/www.uv.mx\/prensa\/wp-json\/wp\/v2\/posts\/59176","targetHints":{"allow":["GET"]}}],"collection":[{"href":"https:\/\/www.uv.mx\/prensa\/wp-json\/wp\/v2\/posts"}],"about":[{"href":"https:\/\/www.uv.mx\/prensa\/wp-json\/wp\/v2\/types\/post"}],"author":[{"embeddable":true,"href":"https:\/\/www.uv.mx\/prensa\/wp-json\/wp\/v2\/users\/1775"}],"replies":[{"embeddable":true,"href":"https:\/\/www.uv.mx\/prensa\/wp-json\/wp\/v2\/comments?post=59176"}],"version-history":[{"count":1,"href":"https:\/\/www.uv.mx\/prensa\/wp-json\/wp\/v2\/posts\/59176\/revisions"}],"predecessor-version":[{"id":107013,"href":"https:\/\/www.uv.mx\/prensa\/wp-json\/wp\/v2\/posts\/59176\/revisions\/107013"}],"wp:featuredmedia":[{"embeddable":true,"href":"https:\/\/www.uv.mx\/prensa\/wp-json\/wp\/v2\/media\/59178"}],"wp:attachment":[{"href":"https:\/\/www.uv.mx\/prensa\/wp-json\/wp\/v2\/media?parent=59176"}],"wp:term":[{"taxonomy":"category","embeddable":true,"href":"https:\/\/www.uv.mx\/prensa\/wp-json\/wp\/v2\/categories?post=59176"},{"taxonomy":"post_tag","embeddable":true,"href":"https:\/\/www.uv.mx\/prensa\/wp-json\/wp\/v2\/tags?post=59176"}],"curies":[{"name":"wp","href":"https:\/\/api.w.org\/{rel}","templated":true}]}}