{"id":59159,"date":"2018-11-29T10:27:11","date_gmt":"2018-11-29T16:27:11","guid":{"rendered":"https:\/\/www.uv.mx\/prensa\/?p=59159"},"modified":"2018-11-29T12:01:40","modified_gmt":"2018-11-29T18:01:40","slug":"citro-inauguro-invernadero-xanat","status":"publish","type":"post","link":"https:\/\/www.uv.mx\/prensa\/general\/citro-inauguro-invernadero-xanat\/","title":{"rendered":"<em>Citro<\/em> inaugur\u00f3 invernadero Xanat"},"content":{"rendered":"<ul>\n<li><i>Rebeca Menchaca explic\u00f3 que est\u00e1 destinado al crecimiento, investigaci\u00f3n y repatriaci\u00f3n de <\/i><i>diversas <\/i><i>especies de vainilla<\/i><\/li>\n<\/ul>\n<p>&nbsp;<\/p>\n<div id=\"attachment_59058\" style=\"width: 732px\" class=\"wp-caption aligncenter\"><a href=\"https:\/\/www.uv.mx\/prensa\/files\/2018\/11\/271118-PAOLA-Inauguracion-Xanat-1-100k.jpg\"><img loading=\"lazy\" decoding=\"async\" aria-describedby=\"caption-attachment-59058\" class=\"size-full wp-image-59058\" src=\"https:\/\/www.uv.mx\/prensa\/files\/2018\/11\/271118-PAOLA-Inauguracion-Xanat-1-100k.jpg\" alt=\"\" width=\"722\" height=\"481\" srcset=\"https:\/\/www.uv.mx\/prensa\/files\/2018\/11\/271118-PAOLA-Inauguracion-Xanat-1-100k.jpg 722w, https:\/\/www.uv.mx\/prensa\/files\/2018\/11\/271118-PAOLA-Inauguracion-Xanat-1-100k-300x200.jpg 300w\" sizes=\"auto, (max-width: 722px) 100vw, 722px\" \/><\/a><p id=\"caption-attachment-59058\" class=\"wp-caption-text\">Domingo Canales inaugur\u00f3 el vivero Xanat<\/p><\/div>\n<p>&nbsp;<\/p>\n<p>&nbsp;<\/p>\n<p><b><i>Paola Cort\u00e9s P\u00e9rez<\/i><\/b><\/p>\n<p><b><i>2<\/i><\/b><b><i>9<\/i><\/b><b><i>\/11\/18, Xalapa, <\/i><\/b><b><i>ver.-<\/i><\/b> El <a href=\"https:\/\/www.uv.mx\/citro\/\">Centro de Investigaciones Tropicales<\/a> (<i>Citro<\/i>) de la Universidad Veracruzana (UV) inaugur\u00f3 el invernadero \u201cXanat, casa de vainilla\u201d del Orquidario Universitario, que tendr\u00e1 por objetivo el crecimiento e investigaci\u00f3n de la vainilla.<\/p>\n<p>El evento estuvo encabezado por el director general del \u00c1rea Acad\u00e9mica Biol\u00f3gico-Agropecuaria, Domingo Canales Espinosa; la coordinadora del <i>Citro<\/i>, Citlalli L\u00f3pez Binnq\u00fcist, y la directora de la Facultad de Biolog\u00eda, Clementina Barrera Bernal.<\/p>\n<p>Rebeca Menchaca Garc\u00eda, coordinadora del Orquidario UV, record\u00f3 que hace ocho a\u00f1os este espacio fue inaugurado con la finalidad de conservar las orqu\u00eddeas como recurso natural con un uso sustentable, para lo cual se han desarrollado proyectos de mejoramiento gen\u00e9tico y de manejo integral para el aprovechamiento sustentable de ellas.<\/p>\n<p>Respecto al vivero, detall\u00f3 que es resultado del proyecto \u201cMejoramiento gen\u00e9tico y manejo integral para el aprovechamiento sustentable de las orqu\u00eddeas\u201d, que se realiz\u00f3 con el apoyo de la Secretar\u00eda de Agricultura, Ganader\u00eda, Desarrollo Rural, Pesca y Alimentaci\u00f3n (<i>Sagarpa<\/i>).<\/p>\n<p>Mencion\u00f3 que Xanat est\u00e1 orientado \u00fanicamente para la investigaci\u00f3n y crecimiento de la vainilla, de tal manera que ser\u00e1 el espacio id\u00f3neo para probar algunos h\u00edbridos que han generado en el Orquidario Universitario, en los cuales hacen pruebas de resistencia con resultados muy prometedores.<\/p>\n<p>\u201cEs un invernadero adecuado para crecerlas, investigar y despu\u00e9s pasarlas a los productores; el objetivo es que este material llegue a las manos de los productores para que hagan uso de \u00e9l.\u201d<\/p>\n<p>Coment\u00f3 que como parte del programa de mejoramiento gen\u00e9tico <i>in vitro<\/i>, han generado tres h\u00edbridos en crecimiento: vainilla pompona con planifolia; vainilla planifolia con pompona, y vainilla planifolia con vainilla insignis, que ahora podr\u00e1 probarse su resistencia a pat\u00f3genos, su producci\u00f3n y caracter\u00edsticas arom\u00e1ticas.<\/p>\n<p>&nbsp;<\/p>\n<div id=\"attachment_59059\" style=\"width: 732px\" class=\"wp-caption aligncenter\"><a href=\"https:\/\/www.uv.mx\/prensa\/files\/2018\/11\/271118-PAOLA-Inauguracion-Xanat-2-100k.jpg\"><img loading=\"lazy\" decoding=\"async\" aria-describedby=\"caption-attachment-59059\" class=\"size-full wp-image-59059\" src=\"https:\/\/www.uv.mx\/prensa\/files\/2018\/11\/271118-PAOLA-Inauguracion-Xanat-2-100k.jpg\" alt=\"\" width=\"722\" height=\"481\" srcset=\"https:\/\/www.uv.mx\/prensa\/files\/2018\/11\/271118-PAOLA-Inauguracion-Xanat-2-100k.jpg 722w, https:\/\/www.uv.mx\/prensa\/files\/2018\/11\/271118-PAOLA-Inauguracion-Xanat-2-100k-300x200.jpg 300w\" sizes=\"auto, (max-width: 722px) 100vw, 722px\" \/><\/a><p id=\"caption-attachment-59059\" class=\"wp-caption-text\">Rebeca Menchaca dio una breve explicaci\u00f3n sobre el objetivo del vivero<\/p><\/div>\n<p>&nbsp;<\/p>\n<p><b>Repatriaci\u00f3n de especies<\/b><\/p>\n<p>Rebeca Menchaca dijo que el vivero Xanat tambi\u00e9n ser\u00e1 usado para recibir repatriaciones de especies diversas de vainilla. Al momento ya cuentan con la primera, la vainilla <i>cribbiana<\/i><i>,<\/i> y ya trabajan en las gestiones para obtener cuatro m\u00e1s pues cuentan con un espacio adecuado para hacerlas crecer.<\/p>\n<p>Destac\u00f3 que el Orquidario Universitario est\u00e1 certificado por parte del Servicio Nacional de Sanidad, Inocuidad y Calidad Agroalimentaria (<i>Senasica<\/i>), lo que indica que tiene condiciones \u00f3ptimas para recibir a estas especies de vainilla.<\/p>\n<p>Menchaca Garc\u00eda coment\u00f3 que la llegada de la vainilla <i>cribbiana<\/i> es resultado del convenio que tienen con el Centro Agron\u00f3mico para el Desarrollo Sustentable, lo que ha permitido estar en constante colaboraci\u00f3n con la Isla Reuni\u00f3n (cercana a Madagascar) donde tienen cultivos de vainilla y un banco de germoplasma que contiene pr\u00e1cticamente especies de todo el mundo.<\/p>\n<p>\u201cEntre esas especies hay algunas mexicanas bien conservadas y en buenas condiciones, pero lamentablemente en el pa\u00eds ya se perdieron; entonces, nuestro objetivo es recuperar este material gen\u00e9tico y tenerlo en este vivero.\u201d<\/p>\n<p>Reiter\u00f3 que no est\u00e1n ingresando al pa\u00eds material ajeno, por el contrario, tratan de recuperar especies que tienen d\u00e9cadas sin ser avistadas, como es el caso de la vainilla <i>cribbiana<\/i> que tiene alrededor de 25 a\u00f1os sin ser registrada en naturaleza del estado de Chiapas.<\/p>\n<p>Por el momento, tienen material gen\u00e9tico en el invernadero donde ya crece e <i>in vitro<\/i>, a fin de hacer cruzamientos y estudios que nos permitan conocerla a detalle.<\/p>\n<p>&nbsp;<\/p>\n<div id=\"attachment_59060\" style=\"width: 732px\" class=\"wp-caption aligncenter\"><a href=\"https:\/\/www.uv.mx\/prensa\/files\/2018\/11\/271118-PAOLA-Inauguracion-Xanat-3-100k.jpg\"><img loading=\"lazy\" decoding=\"async\" aria-describedby=\"caption-attachment-59060\" class=\"size-full wp-image-59060\" src=\"https:\/\/www.uv.mx\/prensa\/files\/2018\/11\/271118-PAOLA-Inauguracion-Xanat-3-100k.jpg\" alt=\"\" width=\"722\" height=\"481\" srcset=\"https:\/\/www.uv.mx\/prensa\/files\/2018\/11\/271118-PAOLA-Inauguracion-Xanat-3-100k.jpg 722w, https:\/\/www.uv.mx\/prensa\/files\/2018\/11\/271118-PAOLA-Inauguracion-Xanat-3-100k-300x200.jpg 300w\" sizes=\"auto, (max-width: 722px) 100vw, 722px\" \/><\/a><p id=\"caption-attachment-59060\" class=\"wp-caption-text\">El vivero Xanat ser\u00e1 destinado al crecimiento e investigaci\u00f3n de la vainilla<\/p><\/div>\n","protected":false},"excerpt":{"rendered":"<p>Est\u00e1 orientado a la investigaci\u00f3n de la vainilla, explic\u00f3 Rebeca Menchaca Garc\u00eda, coordinadora del Orquidario UV <\/p>\n","protected":false},"author":1869,"featured_media":59060,"comment_status":"closed","ping_status":"closed","sticky":false,"template":"","format":"standard","meta":{"footnotes":""},"categories":[1],"tags":[],"class_list":["post-59159","post","type-post","status-publish","format-standard","has-post-thumbnail","hentry","category-general"],"_links":{"self":[{"href":"https:\/\/www.uv.mx\/prensa\/wp-json\/wp\/v2\/posts\/59159","targetHints":{"allow":["GET"]}}],"collection":[{"href":"https:\/\/www.uv.mx\/prensa\/wp-json\/wp\/v2\/posts"}],"about":[{"href":"https:\/\/www.uv.mx\/prensa\/wp-json\/wp\/v2\/types\/post"}],"author":[{"embeddable":true,"href":"https:\/\/www.uv.mx\/prensa\/wp-json\/wp\/v2\/users\/1869"}],"replies":[{"embeddable":true,"href":"https:\/\/www.uv.mx\/prensa\/wp-json\/wp\/v2\/comments?post=59159"}],"version-history":[{"count":0,"href":"https:\/\/www.uv.mx\/prensa\/wp-json\/wp\/v2\/posts\/59159\/revisions"}],"wp:featuredmedia":[{"embeddable":true,"href":"https:\/\/www.uv.mx\/prensa\/wp-json\/wp\/v2\/media\/59060"}],"wp:attachment":[{"href":"https:\/\/www.uv.mx\/prensa\/wp-json\/wp\/v2\/media?parent=59159"}],"wp:term":[{"taxonomy":"category","embeddable":true,"href":"https:\/\/www.uv.mx\/prensa\/wp-json\/wp\/v2\/categories?post=59159"},{"taxonomy":"post_tag","embeddable":true,"href":"https:\/\/www.uv.mx\/prensa\/wp-json\/wp\/v2\/tags?post=59159"}],"curies":[{"name":"wp","href":"https:\/\/api.w.org\/{rel}","templated":true}]}}