{"id":58902,"date":"2018-11-26T19:14:31","date_gmt":"2018-11-27T01:14:31","guid":{"rendered":"https:\/\/www.uv.mx\/prensa\/?p=58902"},"modified":"2018-11-27T11:03:41","modified_gmt":"2018-11-27T17:03:41","slug":"mercado-de-la-videovigilancia-en-al-va-en-aumento-nelson-arteaga-botello","status":"publish","type":"post","link":"https:\/\/www.uv.mx\/prensa\/banner\/mercado-de-la-videovigilancia-en-al-va-en-aumento-nelson-arteaga-botello\/","title":{"rendered":"Mercado de la videovigilancia en AL va en aumento: Nelson Arteaga Botello"},"content":{"rendered":"<ul>\n<li><em><span class=\"TextRun SCXW249085092\" lang=\"ES-ES\" xml:lang=\"ES-ES\"><span class=\"NormalTextRun SCXW249085092\">El investigador de <\/span><\/span><\/em><span class=\"TextRun SCXW249085092\" lang=\"ES-ES\" xml:lang=\"ES-ES\"><span class=\"SpellingError SCXW249085092\">Flacso<\/span><\/span><em><span class=\"TextRun SCXW249085092\" lang=\"ES-ES\" xml:lang=\"ES-ES\"><span class=\"NormalTextRun SCXW249085092\"> considera que en 2019 la venta de dispositivos de seguridad ser\u00e1 cerca<\/span><\/span><span class=\"TextRun SCXW249085092\" lang=\"ES-ES\" xml:lang=\"ES-ES\"><span class=\"NormalTextRun SCXW249085092\">na a<\/span><\/span><span class=\"TextRun SCXW249085092\" lang=\"ES-ES\" xml:lang=\"ES-ES\"><span class=\"NormalTextRun SCXW249085092\"> los 200 millones de d\u00f3lares<\/span><\/span><\/em><\/li>\n<\/ul>\n<p>&nbsp;<\/p>\n<div id=\"attachment_58862\" style=\"width: 732px\" class=\"wp-caption aligncenter\"><a href=\"https:\/\/www.uv.mx\/prensa\/files\/2018\/11\/261118-COUTTOLENC-Coloquio-Video-vigilancia-2.jpg\"><img loading=\"lazy\" decoding=\"async\" aria-describedby=\"caption-attachment-58862\" class=\"size-full wp-image-58862\" src=\"https:\/\/www.uv.mx\/prensa\/files\/2018\/11\/261118-COUTTOLENC-Coloquio-Video-vigilancia-2.jpg\" alt=\"\" width=\"722\" height=\"481\" srcset=\"https:\/\/www.uv.mx\/prensa\/files\/2018\/11\/261118-COUTTOLENC-Coloquio-Video-vigilancia-2.jpg 722w, https:\/\/www.uv.mx\/prensa\/files\/2018\/11\/261118-COUTTOLENC-Coloquio-Video-vigilancia-2-300x200.jpg 300w\" sizes=\"auto, (max-width: 722px) 100vw, 722px\" \/><\/a><p id=\"caption-attachment-58862\" class=\"wp-caption-text\">Nelson Arteaga Botello, investigador de la <em>Flacso<\/em><\/p><\/div>\n<p>&nbsp;<\/p>\n<p><b><i>Jos\u00e9 Luis <\/i><\/b><b><i>Couttolenc<\/i><\/b><b><i> Soto<\/i><\/b><\/p>\n<p><b><i>26\/11\/18, Xalapa, Ver.-<\/i><\/b> Para Nelson Arteaga Botello, investigador de la Facultad Latinoamericana de Ciencias Sociales (<i>Flacso<\/i>) sede M\u00e9xico, algunas personas consideran que la instalaci\u00f3n de videoc\u00e1maras en ciudades y lugares p\u00fablicos garantiza condiciones de seguridad, pero en realidad los sistemas \u201caportan informaci\u00f3n de datos personales que son administrados en un espacio de indeterminaci\u00f3n jur\u00eddica\u201d.<\/p>\n<p>Soci\u00f3logo de profesi\u00f3n e integrante del Sistema Nacional de Investigadores (SNI) Nivel 3, el ponente fue el primer participante en el Coloquio Videovigilancia, Pol\u00edtica P\u00fablica y Derechos Humanos, organizado por el <a href=\"https:\/\/www.uv.mx\/iij\/\">Instituto de Investigaciones Jur\u00eddicas<\/a> (IIJ) y la <a href=\"https:\/\/www.uv.mx\/derecho\/\">Facultad de Derecho<\/a> de la UV, as\u00ed como por la <i>Flacso<\/i>.<\/p>\n<p>El evento se desarrolla los d\u00edas 26 y 27 de noviembre en el Aula Magna \u201cGuillermo I. Ortiz Mayagoitia\u201d de la Facultad de Derecho, en donde a trav\u00e9s de diversas perspectivas te\u00f3ricas y an\u00e1lisis emp\u00edricos se trata el tema de la videovigilancia.<\/p>\n<p>Arteaga Botello indic\u00f3 que actualmente las inmobiliarias han comenzado a incluir este tipo de dispositivos en el dise\u00f1o de sus conjuntos arquitect\u00f3nicos, lo que se refleja en el crecimiento de esta industria en Am\u00e9rica Latina (AL); adem\u00e1s, de 2008 a 2013 se mantuvo una tasa del 40.5 por ciento y de acuerdo a las previsiones para 2019 tendr\u00e1 un repunte importante que alcanzar\u00e1 una venta aproximada a los 200 millones de d\u00f3lares, por encima de otras regiones del mundo.<\/p>\n<p>En el caso de M\u00e9xico, el investigador sostuvo que durante 2011 y 2012 esta industria registr\u00f3 un incremento del 60 por ciento, el cual se mantuvo moderadamente hasta 2014, \u201ccuando se detuvo por la introducci\u00f3n de las c\u00e1maras de vigilancia digital; sin embargo, en 2015 el mercado repunt\u00f3 debido a que las entidades p\u00fablicas y privadas ajustaron sus respectivos presupuestos para adquirir la nueva tecnolog\u00eda.<\/p>\n<p>\u201dHay que se\u00f1alar, no obstante, que el incremento de la videovigilancia en M\u00e9xico no se ha hecho acompa\u00f1ar de una evaluaci\u00f3n sobre su efectividad para hacer frente a la inseguridad, como sucede en otros pa\u00edses donde las c\u00e1maras ayudan en la prevenci\u00f3n, reducci\u00f3n y reconstrucci\u00f3n de hechos criminales.\u201d<\/p>\n<p>Sostuvo tambi\u00e9n que las voces que reclaman la instalaci\u00f3n de un n\u00famero mayor de este tipo de c\u00e1maras pasan por alto los efectos que producen en el derecho a la privacidad y en el ejercicio de la ciudadan\u00eda, por lo que consider\u00f3 que abrir la discusi\u00f3n a \u201ceste otro rostro de la vigilancia\u201d resulta dif\u00edcil en M\u00e9xico ya que se ha convertido en un elemento central de la narrativa sobre la gesti\u00f3n de riesgos, \u201cen donde las c\u00e1maras aparecen como la respuesta \u2013si bien no la \u00fanica, s\u00ed la mejor\u2013 a los problemas de inseguridad.<\/p>\n<p>El coloquio fue inaugurado por Alberto Cruz Silva, secretario de la Facultad de Derecho. En el primer d\u00eda de actividades participaron: Carlos Antonio V\u00e1zquez Azuara, quien habl\u00f3 de \u201cLa videovigilancia y su ofrecimiento como prueba en los juicios de orden criminal\u201d; Arturo Miguel Chipuli Castillo, con el tema \u201cVideovigilancia y corrupci\u00f3n: una relaci\u00f3n compleja\u201d.<\/p>\n<p>Para el martes 27 est\u00e1 prevista la conferencia \u201cHacia la transterritorializaci\u00f3n de la pol\u00edtica p\u00fablica de videovigilancia en M\u00e9xico\u201d, a las 9:30 horas; una hora m\u00e1s tarde se har\u00e1 la presentaci\u00f3n del libro <i>Video<\/i><i>vigilancia<\/i><i> en M\u00e9xico. Protesta pol\u00edtica, conflicto y orden social<\/i>, autor\u00eda de Nelson Arteaga Botello; a las 12:30 horas ser\u00e1 la conferencia \u201cDiagn\u00f3stico situacional del marco jur\u00eddico que regula la implementaci\u00f3n de videovigilancia como pol\u00edtica p\u00fablica de seguridad p\u00fablica en M\u00e9xico con base en el respeto a los derechos humanos\u201d; para concluir, a las 13:30 ser\u00e1 la relator\u00eda \u201cVideovigilancia. Pol\u00edtica p\u00fablica y derechos humanos\u201d, a cargo de Jos\u00e9 Francisco B\u00e1ez Corona, del IIJ.<\/p>\n<p>&nbsp;<\/p>\n<div id=\"attachment_58872\" style=\"width: 732px\" class=\"wp-caption aligncenter\"><a href=\"https:\/\/www.uv.mx\/prensa\/files\/2018\/11\/261118-Couttolenc-Coloquio-Video-vigilancia-1.jpg\"><img loading=\"lazy\" decoding=\"async\" aria-describedby=\"caption-attachment-58872\" class=\"size-full wp-image-58872\" src=\"https:\/\/www.uv.mx\/prensa\/files\/2018\/11\/261118-Couttolenc-Coloquio-Video-vigilancia-1.jpg\" alt=\"\" width=\"722\" height=\"481\" srcset=\"https:\/\/www.uv.mx\/prensa\/files\/2018\/11\/261118-Couttolenc-Coloquio-Video-vigilancia-1.jpg 722w, https:\/\/www.uv.mx\/prensa\/files\/2018\/11\/261118-Couttolenc-Coloquio-Video-vigilancia-1-300x200.jpg 300w\" sizes=\"auto, (max-width: 722px) 100vw, 722px\" \/><\/a><p id=\"caption-attachment-58872\" class=\"wp-caption-text\">Alberto Cruz, Karina Nohem\u00ed Mart\u00ednez y Jos\u00e9 Francisco B\u00e1ez<\/p><\/div>\n","protected":false},"excerpt":{"rendered":"<p>En M\u00e9xico no se ha hecho acompa\u00f1ar de una evaluaci\u00f3n sobre su efectividad para hacer frente a la inseguridad, como sucede en otros pa\u00edses, asegur\u00f3 el investigador<\/p>\n","protected":false},"author":1508,"featured_media":58903,"comment_status":"closed","ping_status":"closed","sticky":false,"template":"","format":"standard","meta":{"footnotes":""},"categories":[61],"tags":[],"class_list":["post-58902","post","type-post","status-publish","format-standard","has-post-thumbnail","hentry","category-banner"],"_links":{"self":[{"href":"https:\/\/www.uv.mx\/prensa\/wp-json\/wp\/v2\/posts\/58902","targetHints":{"allow":["GET"]}}],"collection":[{"href":"https:\/\/www.uv.mx\/prensa\/wp-json\/wp\/v2\/posts"}],"about":[{"href":"https:\/\/www.uv.mx\/prensa\/wp-json\/wp\/v2\/types\/post"}],"author":[{"embeddable":true,"href":"https:\/\/www.uv.mx\/prensa\/wp-json\/wp\/v2\/users\/1508"}],"replies":[{"embeddable":true,"href":"https:\/\/www.uv.mx\/prensa\/wp-json\/wp\/v2\/comments?post=58902"}],"version-history":[{"count":0,"href":"https:\/\/www.uv.mx\/prensa\/wp-json\/wp\/v2\/posts\/58902\/revisions"}],"wp:featuredmedia":[{"embeddable":true,"href":"https:\/\/www.uv.mx\/prensa\/wp-json\/wp\/v2\/media\/58903"}],"wp:attachment":[{"href":"https:\/\/www.uv.mx\/prensa\/wp-json\/wp\/v2\/media?parent=58902"}],"wp:term":[{"taxonomy":"category","embeddable":true,"href":"https:\/\/www.uv.mx\/prensa\/wp-json\/wp\/v2\/categories?post=58902"},{"taxonomy":"post_tag","embeddable":true,"href":"https:\/\/www.uv.mx\/prensa\/wp-json\/wp\/v2\/tags?post=58902"}],"curies":[{"name":"wp","href":"https:\/\/api.w.org\/{rel}","templated":true}]}}