{"id":58896,"date":"2018-11-26T19:04:10","date_gmt":"2018-11-27T01:04:10","guid":{"rendered":"https:\/\/www.uv.mx\/prensa\/?p=58896"},"modified":"2018-11-27T11:04:45","modified_gmt":"2018-11-27T17:04:45","slug":"uv-reconoce-legado-de-arturo-gomez-pompa","status":"publish","type":"post","link":"https:\/\/www.uv.mx\/prensa\/banner\/uv-reconoce-legado-de-arturo-gomez-pompa\/","title":{"rendered":"UV reconoce legado de Arturo G\u00f3mez Pompa"},"content":{"rendered":"<ul>\n<li>\u00a0<i>El lunes 26 de noviembre se <\/i><i>inaugur<\/i><i>\u00f3 un foro para destacar sus aportes a la ciencia mexicana; es un ejemplo de lucha en la conservaci\u00f3n de los ecosistemas tropicales<\/i><\/li>\n<li><i>L<\/i><i>a <\/i><i>biblioteca <\/i><i>del Citro\u00a0<\/i><i>llevar\u00e1 su nombre<\/i><\/li>\n<\/ul>\n<p>&nbsp;<\/p>\n<div id=\"attachment_58852\" style=\"width: 732px\" class=\"wp-caption aligncenter\"><a href=\"https:\/\/www.uv.mx\/prensa\/files\/2018\/11\/261118-CLAUDIA-FORO-ARTURO-GOMEZ-POMPA-1-100k.jpg\"><img loading=\"lazy\" decoding=\"async\" aria-describedby=\"caption-attachment-58852\" class=\"size-full wp-image-58852\" src=\"https:\/\/www.uv.mx\/prensa\/files\/2018\/11\/261118-CLAUDIA-FORO-ARTURO-GOMEZ-POMPA-1-100k.jpg\" alt=\"\" width=\"722\" height=\"481\" srcset=\"https:\/\/www.uv.mx\/prensa\/files\/2018\/11\/261118-CLAUDIA-FORO-ARTURO-GOMEZ-POMPA-1-100k.jpg 722w, https:\/\/www.uv.mx\/prensa\/files\/2018\/11\/261118-CLAUDIA-FORO-ARTURO-GOMEZ-POMPA-1-100k-300x200.jpg 300w\" sizes=\"auto, (max-width: 722px) 100vw, 722px\" \/><\/a><p id=\"caption-attachment-58852\" class=\"wp-caption-text\">En el <em>Citro<\/em> fue inaugurado el Primer Foro \u201cAportes del Dr. Arturo G\u00f3mez Pompa a la ciencia mexicana\u201d<\/p><\/div>\n<p>&nbsp;<\/p>\n<p><b><i>Claudia Peralta V\u00e1zquez<\/i><\/b><\/p>\n<p><b><i>26\/11\/18, Xalapa, <\/i><\/b><b><i>Ver.-<\/i><\/b> Con la realizaci\u00f3n del <a href=\"https:\/\/www.uv.mx\/citro\/files\/2018\/11\/AGP_programa.pdf\" target=\"_blank\" rel=\"noopener\">Primer Foro \u201cAportes del Dr. Arturo G\u00f3mez Pompa a la ciencia mexicana\u201d<\/a>, la Universidad Veracruzana (UV), a trav\u00e9s del <a href=\"https:\/\/www.uv.mx\/citro\/\">Centro de Investigaciones Tropicales<\/a> (<i>Citro<\/i><i>)<\/i>, reconoce el legado del investigador y cient\u00edfico en la conservaci\u00f3n de la biodiversidad y ecosistemas tropicales de nuestro pa\u00eds, quien adem\u00e1s fue uno de los principales precursores y fundadores de dicho centro de investigaci\u00f3n.<\/p>\n<p>\u201cMe siento honrado por esta distinci\u00f3n que seguramente est\u00e1 ligada a mi participaci\u00f3n en el desarrollo y nacimiento del <i>Citro<\/i>\u201d, destac\u00f3 Arturo G\u00f3mez, al presenciar este homenaje de forma virtual.<\/p>\n<p>Durante la inauguraci\u00f3n del foro, en las instalaciones del <i>Citro<\/i>, coment\u00f3 a los asistentes que su relaci\u00f3n acad\u00e9mica con la UV inici\u00f3 hace 15 a\u00f1os cuando su plan en ese tiempo era jubilarse de la Universidad de California Riverside, en Estados Unidos, para dedicar su tiempo a un programa de investigaci\u00f3n de selvas y humedales en la zona maya.<\/p>\n<p>Sin embargo, en 2001 coincidi\u00f3 con Ernesto Rodr\u00edguez Luna, investigador de la UV, quien le coment\u00f3 el inter\u00e9s de esta casa de estudios sobre estos temas y lo invit\u00f3 a reunirse con el entonces rector V\u00edctor Arredondo \u00c1lvarez, con el fin de tratar lo relacionado con el papel de las universidades en el desarrollo sostenible.<\/p>\n<p>Record\u00f3 que en ese encuentro resalt\u00f3 la importancia de los estudios ecol\u00f3gicos en las zonas maya, huasteca y totonaca, y su inter\u00e9s por realizar un programa interinstitucional de biodiversidad y ecolog\u00eda tropical.<\/p>\n<p>A su vez, V\u00edctor Arredondo plasm\u00f3 su inter\u00e9s por ubicar a la UV a la vanguardia en algunos temas importantes de la investigaci\u00f3n cient\u00edfica de los recursos naturales; en respuesta, G\u00f3mez Pompa mencion\u00f3 algunos requisitos que desde su parecer deb\u00edan ser tomados en cuenta para lograrlo.<\/p>\n<p>\u201cLa primera caracter\u00edstica que deb\u00eda tener un nuevo programa es que fuera relevante para el pa\u00eds y de importancia internacional, con temas atractivos para su financiamiento y buscar investigadores j\u00f3venes con prestigio y experiencia en proyectos nacionales e internacionales.\u201d<\/p>\n<p>Una vez discutidos estos asuntos, el Rector lo invit\u00f3 a asesorar a la UV en la creaci\u00f3n de un programa de esta naturaleza, y pensaron que la mejor manera de formalizar esta colaboraci\u00f3n ser\u00eda a trav\u00e9s de un convenio con la Universidad de California Riverside.<\/p>\n<p>De esta manera surgi\u00f3 el Centro de Investigaciones Tropicales, cuyo objetivo ser\u00eda trabajar temas relacionados con los recursos naturales para ser abordados por investigadores de alto nivel.<\/p>\n<p>&nbsp;<\/p>\n<div id=\"attachment_58853\" style=\"width: 732px\" class=\"wp-caption aligncenter\"><a href=\"https:\/\/www.uv.mx\/prensa\/files\/2018\/11\/261118-CLAUDIA-FORO-ARTURO-GOMEZ-POMPA-2-100k.jpg\"><img loading=\"lazy\" decoding=\"async\" aria-describedby=\"caption-attachment-58853\" class=\"size-full wp-image-58853\" src=\"https:\/\/www.uv.mx\/prensa\/files\/2018\/11\/261118-CLAUDIA-FORO-ARTURO-GOMEZ-POMPA-2-100k.jpg\" alt=\"\" width=\"722\" height=\"481\" srcset=\"https:\/\/www.uv.mx\/prensa\/files\/2018\/11\/261118-CLAUDIA-FORO-ARTURO-GOMEZ-POMPA-2-100k.jpg 722w, https:\/\/www.uv.mx\/prensa\/files\/2018\/11\/261118-CLAUDIA-FORO-ARTURO-GOMEZ-POMPA-2-100k-300x200.jpg 300w\" sizes=\"auto, (max-width: 722px) 100vw, 722px\" \/><\/a><p id=\"caption-attachment-58853\" class=\"wp-caption-text\">De forma virtual, Arturo G\u00f3mez Pompa expres\u00f3 su orgullo por haber contribuido a la fundaci\u00f3n del <em>Citro<\/em><\/p><\/div>\n<p>&nbsp;<\/p>\n<p>En su mensaje, G\u00f3mez-Pompa dijo sentirse orgulloso de haber colaborado con la UV en la creaci\u00f3n de un programa acad\u00e9mico exitoso, al tiempo que agradeci\u00f3 a las autoridades universitarias la realizaci\u00f3n de este foro.<\/p>\n<p>Al leer una remembranza del legado del cient\u00edfico, Rodrigo L\u00f3pez S\u00e1nchez, coordinador de Gesti\u00f3n y Divulgaci\u00f3n de la Investigaci\u00f3n de la Direcci\u00f3n General de Investigaciones, afirm\u00f3 que este personaje ha develado mitos y realidades de la conservaci\u00f3n de la diversidad biol\u00f3gica, tanto en M\u00e9xico como en el mundo.<\/p>\n<p>\u201cHa hecho recomendaciones que van desde el aspecto de investigaci\u00f3n de ciencia b\u00e1sica hasta las directrices de lo que deber\u00eda ser una pol\u00edtica p\u00fablica de conservaci\u00f3n, cuidando la dimensi\u00f3n humana que fue excluida.\u201d<\/p>\n<p>Lo catalog\u00f3 como un visionario de la conservaci\u00f3n de la biodiversidad en M\u00e9xico, a quien le toc\u00f3 hacer investigaci\u00f3n en tiempos dif\u00edciles, con ello ha dejado el camino preparado para que los obst\u00e1culos que sorteen las nuevas generaciones no sean los mismos.<\/p>\n<p>En presencia de Rodolfo Viveros Contreras, representante de la Direcci\u00f3n General del \u00c1rea Acad\u00e9mica de Ciencias Biol\u00f3gicas y Agropecuarias, quien inaugur\u00f3 el evento, agreg\u00f3 que el <i>Citro<\/i> hoy en d\u00eda recoge muchas l\u00edneas de investigaci\u00f3n de G\u00f3mez Pompa pues ha generado tesis relacionadas con la conservaci\u00f3n de la biodiversidad y restauraci\u00f3n ecol\u00f3gica, manejo agroecol\u00f3gico, an\u00e1lisis molecular y aspectos bioculturales.<\/p>\n<p>Menciono que el <i>Citro<\/i> es uno de los pocos centros de investigaci\u00f3n en M\u00e9xico que ha incursionado en el an\u00e1lisis de pol\u00edticas p\u00fablicas.<\/p>\n<p>En tanto, Rosaura Citlalli L\u00f3pez Binnq\u00fcist, coordinadora del <i>Citro<\/i>, dio a conocer que \u00e9ste es el primero de otros foros que esperan desarrollarse con el af\u00e1n de que este centro contin\u00fae la discusi\u00f3n de planteamientos vigentes que ante el contexto actual requieren ser analizados.<\/p>\n<p>Subray\u00f3 que este evento se combina con otras actividades relacionadas con los logros de esta entidad acad\u00e9mica, entre los que destacan presentaciones de libros, apertura de un nuevo espacio en el Orquidario, ubicado en el lago menor de la Unidad de Servicios Bibliotecarios y de Informaci\u00f3n (USBI), el cual se denominar\u00e1 \u201cLa casa de la vainilla\u201d.<\/p>\n<p>Tambi\u00e9n, al interior del <i>Citro<\/i> ser\u00e1 inaugurada, este 27 de noviembre, la Biblioteca \u201cArturo G\u00f3mez Pompa\u201d, que ser\u00e1 una fuente de informaci\u00f3n imprescindible.<\/p>\n<p>Resalt\u00f3 que en un futuro se espera ampliar este foro e invitar a investigadores y especialistas de otras latitudes con quienes el homenajeado se ha relacionado.<\/p>\n<p>&nbsp;<\/p>\n<div id=\"attachment_58855\" style=\"width: 732px\" class=\"wp-caption aligncenter\"><a href=\"https:\/\/www.uv.mx\/prensa\/files\/2018\/11\/261118-CLAUDIA-FORO-ARTURO-GOMEZ-POMPA-3-100k.jpg\"><img loading=\"lazy\" decoding=\"async\" aria-describedby=\"caption-attachment-58855\" class=\"size-full wp-image-58855\" src=\"https:\/\/www.uv.mx\/prensa\/files\/2018\/11\/261118-CLAUDIA-FORO-ARTURO-GOMEZ-POMPA-3-100k.jpg\" alt=\"\" width=\"722\" height=\"481\" srcset=\"https:\/\/www.uv.mx\/prensa\/files\/2018\/11\/261118-CLAUDIA-FORO-ARTURO-GOMEZ-POMPA-3-100k.jpg 722w, https:\/\/www.uv.mx\/prensa\/files\/2018\/11\/261118-CLAUDIA-FORO-ARTURO-GOMEZ-POMPA-3-100k-300x200.jpg 300w\" sizes=\"auto, (max-width: 722px) 100vw, 722px\" \/><\/a><p id=\"caption-attachment-58855\" class=\"wp-caption-text\">Las actividades continuar\u00e1n el martes 27 de noviembre<\/p><\/div>\n","protected":false},"excerpt":{"rendered":"<p>La instituci\u00f3n, a trav\u00e9s del Centro de Investigaciones Tropicales, homenajea al investigador y especialista en la conservaci\u00f3n de la biodiversidad y los ecosistemas tropicales<\/p>\n","protected":false},"author":1508,"featured_media":58897,"comment_status":"closed","ping_status":"closed","sticky":false,"template":"","format":"standard","meta":{"footnotes":""},"categories":[61],"tags":[],"class_list":["post-58896","post","type-post","status-publish","format-standard","has-post-thumbnail","hentry","category-banner"],"_links":{"self":[{"href":"https:\/\/www.uv.mx\/prensa\/wp-json\/wp\/v2\/posts\/58896","targetHints":{"allow":["GET"]}}],"collection":[{"href":"https:\/\/www.uv.mx\/prensa\/wp-json\/wp\/v2\/posts"}],"about":[{"href":"https:\/\/www.uv.mx\/prensa\/wp-json\/wp\/v2\/types\/post"}],"author":[{"embeddable":true,"href":"https:\/\/www.uv.mx\/prensa\/wp-json\/wp\/v2\/users\/1508"}],"replies":[{"embeddable":true,"href":"https:\/\/www.uv.mx\/prensa\/wp-json\/wp\/v2\/comments?post=58896"}],"version-history":[{"count":0,"href":"https:\/\/www.uv.mx\/prensa\/wp-json\/wp\/v2\/posts\/58896\/revisions"}],"wp:featuredmedia":[{"embeddable":true,"href":"https:\/\/www.uv.mx\/prensa\/wp-json\/wp\/v2\/media\/58897"}],"wp:attachment":[{"href":"https:\/\/www.uv.mx\/prensa\/wp-json\/wp\/v2\/media?parent=58896"}],"wp:term":[{"taxonomy":"category","embeddable":true,"href":"https:\/\/www.uv.mx\/prensa\/wp-json\/wp\/v2\/categories?post=58896"},{"taxonomy":"post_tag","embeddable":true,"href":"https:\/\/www.uv.mx\/prensa\/wp-json\/wp\/v2\/tags?post=58896"}],"curies":[{"name":"wp","href":"https:\/\/api.w.org\/{rel}","templated":true}]}}